{"id":979,"date":"2020-04-30T12:13:03","date_gmt":"2020-04-30T12:13:03","guid":{"rendered":"https:\/\/blocs.tinet.cat\/xaviersabate\/?p=979"},"modified":"2020-04-30T22:25:38","modified_gmt":"2020-04-30T22:25:38","slug":"la-lluita-definitiva-de-puigdemont","status":"publish","type":"post","link":"https:\/\/blocs.tinet.cat\/xaviersabate\/2020\/04\/30\/la-lluita-definitiva-de-puigdemont\/","title":{"rendered":"La lluita definitiva de Puigdemont"},"content":{"rendered":"<p><a href=\"https:\/\/blocs.tinet.cat\/xaviersabate\/files\/2020\/04\/1-de-maig.jpg\"><img loading=\"lazy\" decoding=\"async\" class=\"aligncenter size-medium wp-image-980\" src=\"https:\/\/blocs.tinet.cat\/xaviersabate\/files\/2020\/04\/1-de-maig-300x231.jpg\" alt=\"\" width=\"300\" height=\"231\" srcset=\"https:\/\/blocs.tinet.cat\/xaviersabate\/files\/2020\/04\/1-de-maig-300x231.jpg 300w, https:\/\/blocs.tinet.cat\/xaviersabate\/files\/2020\/04\/1-de-maig.jpg 626w\" sizes=\"auto, (max-width: 300px) 100vw, 300px\" \/><\/a><\/p>\n<p>El meu admirat Pepe L\u00f3pez Bulla ha escrit recentment en ple confinament domiciliari un article al seu bloc sobre Il Gattopardo despr\u00e8s de tornar a veure la versi\u00f3 d\u2019aquesta novel\u00b7la de Tomasso di Lampedusa el primer diumenge de tancament dom\u00e8stic. Que l\u2019il\u00b7lustr\u00e9s amb el ball de Burt Lancaster amb Claudia Cardinale va despertar encara m\u00e9s la meva curiositat. Que hi relacion\u00e9s la Internacional, encara m\u00e9s. Perqu\u00e8 des que Puigdemont va arengar a Perpiny\u00e0 els seus admiradors\/es, no paro de donar-li tombs a la comparan\u00e7a que es pot establir sense cap mena de dubte entre l\u2019expressi\u00f3 puigdemontiana \u201c ens hem de preparar per la lluita definitiva \u201c i la versi\u00f3 castellana de la Internacional \u201c agrup\u00e9monos todos en la lucha final \u201c. Tamb\u00e9 en catal\u00e0 es diu \u201c \u00e9s la lluita darrera, agrupem.-nos germans \u201c.<\/p>\n<p>La intenci\u00f3 \u00e9s la mateixa, la lluita \u00e9s diferent, ja ho s\u00e9. Per\u00f2 aix\u00f2 d\u2019una lluita definitiva que ens salvar\u00e0 a la classe obrera \u00a0o a Catalunya, se m\u2019apar impossible gaireb\u00e9 des que vaig comen\u00e7ar a cantar la Internacional l\u2019any 76. Cada u de maig \u2013 aquest cop a casa &#8211; , en congressos socialistes i sindicals, ho haur\u00e9 fet prop d\u2019un centenar de cops, en catal\u00e0 i en castell\u00e0, a capel.la o en playback. Per\u00f2 devia ser cap als comen\u00e7aments dels 80 que vaig aixecar el puny al costat del Pep Jai i en arribar a la frase \u201c la llluita final\u201d vaig sentir que ell deia una altra cosa. En acabar li vaig dir: \u201c no hem cantat el mateix, no ? \u201c. I ell: \u201c no hi ha ni hi haur\u00e0 una lluita final, company. Jo no canto a la lluita final sin\u00f3 a la lluita social \u201d.<\/p>\n<p>En pocs dies la lluita definitiva proclamada a Perpiny\u00e0 s\u2019ha apagat . Primer per la vict\u00f2ria incontestable per b\u00e9 que provisional del candidat de la ultradreta en primera volta de les municipals, . I despr\u00e9s , perqu\u00e8 hem comen\u00e7at a nivell mundial una lluita que tampoc no ser\u00e0 definitiva contra un virus.<\/p>\n<p>Puigdemont no va tenir la sort de con\u00e8ixer un home com Pep Jai que venia del POUM i que cantava la versi\u00f3 anarquista &#8211; ho vaig saber despr\u00e9s &#8211; de la Internacional que parla de la lluita social i no de la lluita final. Potser si l\u2019hagu\u00e9s conegut hauria arribat a la conclusi\u00f3 que no hi ha lluites per un ideal que ho sigui de veritat definitives sin\u00f3 constants.<\/p>\n<p>Perqu\u00e8 les causes en qu\u00e8 la utopia en forma part constitutiva en major o menor percentatge, requereixen de lluites constants. La del socialisme ho \u00e9s si vol continuar lluitant per l\u2019emancipaci\u00f3 i protecci\u00f3 de les persones m\u00e9s desfavorides &#8211; cada cop n\u2019hi ha m\u00e9s &#8211; .<\/p>\n<p>La de la independ\u00e8ncia, avui m\u00e9s que mai, tamb\u00e9 . A\u00a0 no ser que es refereixin a una separaci\u00f3 d\u2019Espanya. Per\u00f2 aix\u00f2, d\u2019aconseguir-se algun dia. No voldria dir que els catalans i les catalanes haur\u00edem \u00a0aconseguit la independ\u00e8ncia que \u00e9s un ideal al qual tots haur\u00edem de tendir i que \u00e9s l\u00f2gic que hi aspirem: la de l\u2019emancipaci\u00f3 de qualsevol explotaci\u00f3 o situaci\u00f3 de domini o de discriminaci\u00f3 o de manca d\u2019oportunitats per la plena realitzaci\u00f3 personal i \/ o col\u00b7lectiva. Per aquesta independ\u00e8ncia jo s\u00ed que he lluitat i lluito. Per\u00f2 per a aquests non hi ha una lluita definitiva com la que va cridar Puigdemont el 29 de febrer a una Perpiny\u00e0 per cert infectada de coronavirus quan a Barcelona ja s\u2019havia anul\u00b7lat el Mobile Congres quinze dies abans.<\/p>\n<p>Puigdemont i Torra i la seva gent m\u00e9s propera potser insistiran en una lluita definitiva encara que despr\u00e8s de vuit anys no sembla que ens hagi reportat cap benefici als catalans excepte potser a ells . Ara b\u00e9, pel b\u00e9 del conjunt de la ciutadania\u00a0 aniria b\u00e9 que canviessin d\u2019adversari i ens ajudessin a lluitar contra els qui limiten la nostra sobirania avui i no pensen pel que es veu, cedir en lligar-nos m\u00e9s i m\u00e9s cadenes cada dia: els qui abusen de nosaltres, els qui embruten l\u2019atmosfera i pugen la temperatura de la terra trencant els equilibris i portant-nos virus nous durs de pelar, els qui defrauden i tenen comptes a paradisos fiscals a qui ells saluden i permeten i promouen que intervinguin fins i tot en la televisi\u00f3 p\u00fablica en horaris de m\u00e0xima audi\u00e8ncia&#8230; i tants altres que abusen de nosaltres, especialment dels col\u00b7lectius m\u00e9s desfavorits o els m\u00e9s desinformats. Aquestes lluites potser no tenen el morbo de portar l\u2019adjectiu pomp\u00f3s de definitives. Per\u00f2 que si ho proven un dia , jo crec que els acabaran tamb\u00e9 agafant gustet . Ho dic de veritat. El problema \u00e9s que no les han tastat mai.<\/p>\n<p>I a Pepe L\u00f3pez Bulla un suggeriment quan torni a veure Il Gattpardo: que miri amb atenci\u00f3 l\u2019escena final en qu\u00e8 Visconti s\u2019ho va currar de veritat. \u00c9s quan Don Fabrizio, Principe de Salina ( Burt Lancaster ), tan agn\u00f2stic\u00a0 ell, flexiona el genoll quan passa el vi\u00e0tic, es descobreix en senyal\u00a0 de respecte i aixeca la mirada al cel nocturn de Palerm. Veu Venus i li diu: \u201c Oh estrella, oh fidel estrella, quan et decidir\u00e0s a concedir-me una cita menys ef\u00edmera lluny de tot , en la teva regi\u00f3 de perenne certesa ? \u201d<\/p>\n<p>En aquest 1 de maig del 2020 tornar\u00e9 a cantar la versi\u00f3 de la Internacional \u00a0que em va ensenyar Pep Jai per refermar la lluita social en un moment de la hist\u00f2ria en qu\u00e8 la classe treballadora i per extensi\u00f3 les classes m\u00e9s desfavorides i amb menys oportunitats \u2013 com sempre \u2013 s\u00f3n les que s\u2019ho estan passant pitjor.<\/p>\n","protected":false},"excerpt":{"rendered":"<p>El meu admirat Pepe L\u00f3pez Bulla ha escrit recentment en ple confinament domiciliari un article al seu bloc sobre Il Gattopardo despr\u00e8s de tornar a veure la versi\u00f3 d\u2019aquesta novel\u00b7la de Tomasso di Lampedusa el primer diumenge de tancament dom\u00e8stic. &hellip; <a href=\"https:\/\/blocs.tinet.cat\/xaviersabate\/2020\/04\/30\/la-lluita-definitiva-de-puigdemont\/\">Continua llegint <span class=\"meta-nav\">&rarr;<\/span><\/a><\/p>\n","protected":false},"author":69,"featured_media":980,"comment_status":"open","ping_status":"open","sticky":false,"template":"","format":"standard","meta":{"footnotes":""},"categories":[1],"tags":[],"class_list":["post-979","post","type-post","status-publish","format-standard","has-post-thumbnail","hentry","category-general"],"_links":{"self":[{"href":"https:\/\/blocs.tinet.cat\/xaviersabate\/wp-json\/wp\/v2\/posts\/979","targetHints":{"allow":["GET"]}}],"collection":[{"href":"https:\/\/blocs.tinet.cat\/xaviersabate\/wp-json\/wp\/v2\/posts"}],"about":[{"href":"https:\/\/blocs.tinet.cat\/xaviersabate\/wp-json\/wp\/v2\/types\/post"}],"author":[{"embeddable":true,"href":"https:\/\/blocs.tinet.cat\/xaviersabate\/wp-json\/wp\/v2\/users\/69"}],"replies":[{"embeddable":true,"href":"https:\/\/blocs.tinet.cat\/xaviersabate\/wp-json\/wp\/v2\/comments?post=979"}],"version-history":[{"count":0,"href":"https:\/\/blocs.tinet.cat\/xaviersabate\/wp-json\/wp\/v2\/posts\/979\/revisions"}],"wp:featuredmedia":[{"embeddable":true,"href":"https:\/\/blocs.tinet.cat\/xaviersabate\/wp-json\/wp\/v2\/media\/980"}],"wp:attachment":[{"href":"https:\/\/blocs.tinet.cat\/xaviersabate\/wp-json\/wp\/v2\/media?parent=979"}],"wp:term":[{"taxonomy":"category","embeddable":true,"href":"https:\/\/blocs.tinet.cat\/xaviersabate\/wp-json\/wp\/v2\/categories?post=979"},{"taxonomy":"post_tag","embeddable":true,"href":"https:\/\/blocs.tinet.cat\/xaviersabate\/wp-json\/wp\/v2\/tags?post=979"}],"curies":[{"name":"wp","href":"https:\/\/api.w.org\/{rel}","templated":true}]}}