{"id":952,"date":"2019-10-09T19:06:25","date_gmt":"2019-10-09T19:06:25","guid":{"rendered":"https:\/\/blocs.tinet.cat\/xaviersabate\/?p=952"},"modified":"2019-10-09T19:06:25","modified_gmt":"2019-10-09T19:06:25","slug":"el-govern-torra-es-fa-l%e2%80%99orni","status":"publish","type":"post","link":"https:\/\/blocs.tinet.cat\/xaviersabate\/2019\/10\/09\/el-govern-torra-es-fa-l%e2%80%99orni\/","title":{"rendered":"El Govern Torra es fa l\u2019orni"},"content":{"rendered":"<p>&nbsp;<\/p>\n<p>&nbsp;<\/p>\n<p><a href=\"https:\/\/blocs.tinet.cat\/xaviersabate\/files\/2019\/10\/orni.jpg\"><img loading=\"lazy\" decoding=\"async\" class=\"aligncenter size-full wp-image-953\" src=\"https:\/\/blocs.tinet.cat\/xaviersabate\/files\/2019\/10\/orni.jpg\" alt=\"\" width=\"250\" height=\"202\" \/><\/a><\/p>\n<p>Hi ha poques coses darrerament que em facin riure tant com veure la reacci\u00f3 de la meva gossa quan li demano una cosa i no vol fer-la. Gira el cap cap a un costat i fa veure que no em sent. Aix\u00ed podem estar estona, jo insistint i ella com si sent\u00eds ploure.<\/p>\n<p>Es fa la sorda, temporal, naturalment. En castell\u00e0 dirien que es fa la sueca, que no ve precisament del pa\u00eds escandinau sin\u00f3\u00a0que el seu origen es troba en un tipus de cal\u00e7at rom\u00e0 anomenat\u00a0<em>soccus<\/em>, que en castell\u00e0 don\u00e0 \u201czueco\u201d (cal\u00e7at de fusta) o \u201czoquete\u201d (tros de fusta curt i gruixat). S\u2019emprava a l\u2019antiga Roma, sobretot pels actors de com\u00e8dia. Amb el temps,\u00a0<em>soccus<\/em> es convertiria en sin\u00f2nim de comediant distret i d\u2019aqu\u00ed l\u2019expressi\u00f3 \u201chacerse el sueco\u201d.<\/p>\n<p>En catal\u00e0, en canvi, usem \u2013 o haur\u00edem d\u2019usar m\u00e9s pr\u00f2piament \u2013 fer-se l\u2019orni que \u00e9s d\u2019etimologia desconeguda encara que alguns diuen\u00a0que es podria haver originat en l\u2019argot estudiantil a partir del terme grec\u00a0<a href=\"http:\/\/www.antonijaner.com\/entrades-etimologiques\/item\/392-quina-ganga-d-ocells\">\u1f44\u03c1\u03bd\u03b9\u03c2 (\u201cocell\u201d)<\/a>. Tamb\u00e9, per\u00f2, podria ser una deformaci\u00f3 de \u201cfer el borni\u201d, en el sentit de \u2018no voler veure-hi\u2019.<\/p>\n<p>Ve a tomb aix\u00f2 d\u2019un problema que tenim al Sud m\u00e9s sud de Catalunya. S\u00ed, aquesta part cada cop m\u00e9s despoblada, la Catalunya buida on fa pocs dies hem tornat a llegir que se situen les poblacions m\u00e9s pobres del nostre pa\u00eds. \u00c9s el problema de les comunicacions per carretera.<\/p>\n<p>Catalunya t\u00e9 notablement resolta la comunicaci\u00f3 vi\u00e0ria per carretera al llarg de la seva costa, des de la costa cap a l\u2019interior i en l\u2019anomenat eix transversal que travessa Catalunya des de Cervera fins a Riudellots de la Selva<\/p>\n<p>El d\u00e8ficit d\u2019un eix occidental sempre reconegut i planificat per\u00f2 mai no executat, tamb\u00e9 conegut com Eix de l\u2019Ebre, va d\u2019Amposta fins a \u00c0ger passant per Lleida. El Govern de la Generalitat de Catalunya\u00a0 project\u00e0 (abril de 2008) desdoblar-lo des de Lleida fins a Amposta. \u00c9s la C 12<\/p>\n<p>Aquest eix \u00e9s vital per a les Terres de l\u2019Ebre cada cop m\u00e9s despoblades i buides i que continuaran amb la mateixa tend\u00e8ncia en el futur segons les darreres Projeccions de poblaci\u00f3 de l\u2019Institut d\u2019Estad\u00edstica de Catalunya (Idescat) que diu que al 2030 tots els \u00e0mbits territorials tindran m\u00e9s poblaci\u00f3, excepte les Terres de l\u2019Ebre.<\/p>\n<p>les poques formes de combatre aquesta desigualtat d\u2019oportunitats que suposa la p\u00e8rdua de poblaci\u00f3 \u00e9s la de corregir el d\u00e8ficit de les comunicacions. \u00c9s , doncs un problema d\u2019igualtat en aquest cas territorial. Fa pocs mesos, en una tert\u00falia radiof\u00f2nica parlava d\u2019aquest tema i quan vaig reclamar igualtat amb la resta de territoris, el moderador em va corregir \u2013 o potser recriminar \u2013 i em va dir que no era q\u00fcesti\u00f3 d\u2019enfrontar territoris. La correcci\u00f3 em va dificultar el son uns quants dies\u00a0 i encara avui no em deixa dormir el que necessitaria perqu\u00e8 li d\u00f3no tombs a la cosa i no puc entendre com reclamar un dret sigui posar en perill la conviv\u00e8ncia.<\/p>\n<p>Al debat de Pol\u00edtica General celebrat dos dies despr\u00e8s de la nostra Santa Tecla d\u2019enguany es va passar a votaci\u00f3 una moci\u00f3 del PSC demanant el desdoblament de la C-12 previst com s\u2019ha dit abans de fa 9 anys. Un servidor tenia l\u2019esperan\u00e7a que el nostre Parlament l\u2019aprovaria. M\u00e9s si es t\u00e9\u00a0 en compte que el Consell Comarcal de la Ribera d\u2019Ebre l\u2019havia aprovat el dia abans per unanimitat. Doncs ni esperan\u00e7a ni res. El Govern actual del sr. Torra est\u00e0 entestat fins i tot en canviar el nostre refranyer i al menys a l\u2019Ebre es veu que l\u2019esperan\u00e7a pot ser l\u2019\u00faltim per\u00f2 tamb\u00e9 el primer a perdre\u2019s. Aix\u00ed que la moci\u00f3 es va perdre i la C12 no es desdoblar\u00e0.<\/p>\n<p>Una setmana despr\u00e8s, hem tingut tres morts i tres ferits a la C 12 que el Conseller i la majoria del Parlament no volen desdoblar per\u00f2 aquest estiu hi ha hagut altres accidents sonats. L\u2019excusa \u00e9s que aquesta carretera no t\u00e9 la densitat suficient com per desdoblar-la, cosa que no succeeix durant els caps de setmana, tant d\u2019estiu com d\u2019hivern. Tampoc no sabem si el Conseller ha comptat els nous 12.500 camions de 20 tones que circularan per aquesta estreta carretera per anar omplint durant els propers anys el nou abocador de Riba-roja d\u2019Ebre.<\/p>\n<p>El Conseller tamb\u00e9 sembla ignorar que les aspiracions d\u2019un nou creixement econ\u00f2mic de les Terres de l\u2019Ebre no es produiran si aquestes no compten amb unes bones comunicacions per carretera.<\/p>\n<p>En definitiva, all\u00f2 que cal \u00e9s un Govern que pensi en tots els catalans i les catalanes, \u00e9s dotar tota Catalunya d\u2019uns serveis adequats per reduir les desigualtats territorials que en definitiva ho s\u00f3n tamb\u00e9 de les persones que hi viuen.<\/p>\n<p>Fer-se l\u2019orni en un cas com aquest \u00e9s greu. Per\u00f2 potser la comparaci\u00f3 m\u00e9s adient sigui una altra i davant d\u2019aix\u00f2 haguem de recordar com Pilats es va rentar les mans. Les Terres de l\u2019Ebre corren perill de mort i el Govern de Catalunya es renta les mans.<\/p>\n","protected":false},"excerpt":{"rendered":"<p>&nbsp; &nbsp; Hi ha poques coses darrerament que em facin riure tant com veure la reacci\u00f3 de la meva gossa quan li demano una cosa i no vol fer-la. Gira el cap cap a un costat i fa veure que &hellip; <a href=\"https:\/\/blocs.tinet.cat\/xaviersabate\/2019\/10\/09\/el-govern-torra-es-fa-l%e2%80%99orni\/\">Continua llegint <span class=\"meta-nav\">&rarr;<\/span><\/a><\/p>\n","protected":false},"author":69,"featured_media":0,"comment_status":"open","ping_status":"open","sticky":false,"template":"","format":"standard","meta":{"footnotes":""},"categories":[1],"tags":[],"class_list":["post-952","post","type-post","status-publish","format-standard","hentry","category-general"],"_links":{"self":[{"href":"https:\/\/blocs.tinet.cat\/xaviersabate\/wp-json\/wp\/v2\/posts\/952","targetHints":{"allow":["GET"]}}],"collection":[{"href":"https:\/\/blocs.tinet.cat\/xaviersabate\/wp-json\/wp\/v2\/posts"}],"about":[{"href":"https:\/\/blocs.tinet.cat\/xaviersabate\/wp-json\/wp\/v2\/types\/post"}],"author":[{"embeddable":true,"href":"https:\/\/blocs.tinet.cat\/xaviersabate\/wp-json\/wp\/v2\/users\/69"}],"replies":[{"embeddable":true,"href":"https:\/\/blocs.tinet.cat\/xaviersabate\/wp-json\/wp\/v2\/comments?post=952"}],"version-history":[{"count":0,"href":"https:\/\/blocs.tinet.cat\/xaviersabate\/wp-json\/wp\/v2\/posts\/952\/revisions"}],"wp:attachment":[{"href":"https:\/\/blocs.tinet.cat\/xaviersabate\/wp-json\/wp\/v2\/media?parent=952"}],"wp:term":[{"taxonomy":"category","embeddable":true,"href":"https:\/\/blocs.tinet.cat\/xaviersabate\/wp-json\/wp\/v2\/categories?post=952"},{"taxonomy":"post_tag","embeddable":true,"href":"https:\/\/blocs.tinet.cat\/xaviersabate\/wp-json\/wp\/v2\/tags?post=952"}],"curies":[{"name":"wp","href":"https:\/\/api.w.org\/{rel}","templated":true}]}}