{"id":841,"date":"2017-07-26T12:06:36","date_gmt":"2017-07-26T12:06:36","guid":{"rendered":"https:\/\/blocs.tinet.cat\/xaviersabate\/?p=841"},"modified":"2017-07-26T12:14:28","modified_gmt":"2017-07-26T12:14:28","slug":"xampu-de-vi","status":"publish","type":"post","link":"https:\/\/blocs.tinet.cat\/xaviersabate\/2017\/07\/26\/xampu-de-vi\/","title":{"rendered":"Xamp\u00fa de vi"},"content":{"rendered":"<p><a href=\"https:\/\/blocs.tinet.cat\/xaviersabate\/files\/2017\/07\/ficinus2.jpg\"><img loading=\"lazy\" decoding=\"async\" class=\"aligncenter size-medium wp-image-845\" src=\"https:\/\/blocs.tinet.cat\/xaviersabate\/files\/2017\/07\/ficinus2-231x300.jpg\" alt=\"\" width=\"231\" height=\"300\" srcset=\"https:\/\/blocs.tinet.cat\/xaviersabate\/files\/2017\/07\/ficinus2-231x300.jpg 231w, https:\/\/blocs.tinet.cat\/xaviersabate\/files\/2017\/07\/ficinus2.jpg 786w\" sizes=\"auto, (max-width: 231px) 100vw, 231px\" \/><\/a><\/p>\n<p>&nbsp;<\/p>\n<p>Llegeixo en algun indret que al \u201ctinto de verano\u201d n\u2019haur\u00edem de dir en catal\u00e0 \u201cxamp\u00fa de vi\u201d perqu\u00e8 vi amb gasosa que \u00e9s el que \u00e9s en realitat, \u00e9s poc comercial o poc atractiu perqu\u00e8 ens quedi a la nostra mem\u00f2ria tan debilitada que ja no recordem ni el n\u00famero de tel\u00e8fon ( \u201cmira , et faig una perduda i et quedar\u00e0 gravat perqu\u00e8 no me\u2019n recordo ni jo del meu n\u00famero de tantes coses com tinc al cap \u201c ).<\/p>\n<p>&nbsp;<\/p>\n<p>En realitat, de coses al cap cada cop en tenim menys i la cosa va \u00a0a pitjor perqu\u00e8 tot ho deleguem a les m\u00e0quines : l\u2019agenda de tel\u00e8fons, els gustos i costums, on anem i d\u2019on venim, all\u00f2 que comprem i el que voldr\u00edem comprar que \u00e9s pitjor perqu\u00e8 ens matxaquen fins que aconsegueixen que els ho demanem. S\u00f3n els amazons, googles i alibab\u00e0s aviat i tants altres.<br \/>\nAra diuen que tamb\u00e9 els delegarem la conducci\u00f3 en cotxes aut\u00f2noms i que si no ho volem fer \u00e9s igual perqu\u00e8 ens multaran i les asseguradores no ens pagaran els accidents. I aix\u00f2 perqu\u00e8 les m\u00e0quines s\u00f3n m\u00e9s segures, no s&#8217;emborratxen, no s\u2019adormen ni es cansen i calculen milers de dades a l\u2019hora ( ja perdrem la dita que les dones calculen i fan simult\u00e0niament m\u00e9s coses que els mascles ). Per Noruega ja circula el primer vaixell portacontenidors sense mariners. Controlat remotament, no s\u00e9 encara si porta al menys algun servei de seguretat per prevenir els pirates o si drons tamb\u00e9 aut\u00f2noms acudiran en cas de problemes d\u2019aquesta naturalesa a netejar de lladregots el mar.<\/p>\n<p>&nbsp;<br \/>\nPer no parlar d\u2019escollir parella habitual o ocasional. Si et vols arriscar per tu sol\/a a prendre la decisi\u00f3, Google o qui sigui et dir\u00e0 que tens un deu o un vint de possibilitats d\u2019\u00e8xit i per tant un vuitanta o noranta de frac\u00e0s. Mentre que si la deixes escollir a ella et presentar\u00e0 centenars de possibles persones que t\u2019aniran b\u00e9 per edat, costums, afeccions, manies, formes de dormir, de llevar-se al mat\u00ed \u2013 caps de setmana inclosos &#8211; , en definitiva de compartir \u2013 cossos inclosos per no dir cardar -.<\/p>\n<p>&nbsp;<\/p>\n<p>I que el percentatge d\u2019error ser\u00e0 de zero coma. Alg\u00fa s\u2019arriscar\u00e0 a \u00edndexs de fracassos tan elevats si pren la decisi\u00f3 by itself ? El ventall de possibilitats que ens oferiran ser\u00e0 considerable perqu\u00e8 tindran \u2013 ja les tenen \u2013 totes les dades possibles de nosaltres aix\u00ed que l\u2019oferta ser\u00e0 variada i atractiva. Tot dependr\u00e0 si la voldr\u00e0s circumscriure a un radi redu\u00eft o ampli. Si ets de Tarragona i vols un radi d\u2019acci\u00f3 de 30 kms. podr\u00e0s fins i tot dir que la m\u00e0quina obvi\u00ef Reus \u2013 \u00e9s una forma de parlar, no us ho prengueu literalment -. Una persona \u00a0federalista no dubtar\u00e0 en demanar que al cistell s\u2019hi posi gent de totes les Espanyes mentre que una indepe segur que voldr\u00e0 reduir-ho ( o amb prefer\u00e8ncia incloure ), als Pa\u00efsos Catalans , l\u2019Alguer i Andorra inclosos.<\/p>\n<p>&nbsp;<br \/>\nL\u2019equip de govern de l\u2019Ajuntament de Tarragona ho tindr\u00e0 fotut perqu\u00e8 ara tot ho pacta amb el PP i C\u2019S per\u00f2 segur que finalment presentaran una moci\u00f3 perqu\u00e8 la puguin votar tots tres, cosa que no deixa de ser una forma de posar gasosa al vi.<\/p>\n<p>&nbsp;<br \/>\nUs juro que no l\u2019he tastat abans d\u2019escriure aquest article. A mi de vi amb gasosa nom\u00e9s me\u2019n donaven quan comen\u00e7ava a ser grandet i em volia fer l\u2019home. Per\u00f2 em van ensenyar que quan ets gran no es pot posar aigua al vi ni que sigui gasosa. Aix\u00ed que vaig aprendre la lli\u00e7\u00f3 i no el tasto ni m\u2019agrada. Tampoc el xamp\u00fa o clara de cervesa. Ni el caf\u00e8 descafe\u00efnat i ni tan sols posar sucre al caf\u00e8 que prenc sempre sense cap additiu. Aix\u00ed que de barreges, les justes o com a m\u00ednim, \u00a0que sigui de coses semblants perqu\u00e8 les contr\u00e0ries em fan reacci\u00f3. I si de cas que em deixin prendre a mi la decisi\u00f3 sense haver de preguntar a Barcelona ni a Madrid \u2013 tamb\u00e9 \u00e9s una forma de parlar &#8211;<\/p>\n<p>&nbsp;<br \/>\nPerqu\u00e8 anar a \u201c toc de pito \u201c sense que em deixin pensar ni expressar les meves opinions i matisos, no m\u2019ha agradat mai. M\u2019encanta l\u2019harmonia i li dedico \u2013 a la musical \u2013 moltes hores de la meva vida. Per\u00f2 les disson\u00e0ncies s\u00f3n tamb\u00e9 imprescindibles. Qui s\u2019hagi sentit al\u00b7ludit\/da per aquest article o vulgui ampliar \u00a0el tema li recomano el recent i excel.lent \u00a0article de Llu\u00eds Racionero \u201c Ficino i l\u2019harmonia\u201d http:\/\/www.lavanguardia.com\/edicion-impresa\/20170721\/424285867559\/ficino-i-lharmonia.html que ho explica cent vegades millor que jo i encara em quedo curt.<\/p>\n<p>&nbsp;<\/p>\n<p>&nbsp;<br \/>\n<em>Nota: Ni que sigui reiteratiu, tot all\u00f2 d\u2019aquest article \u2013 persones incloses &#8211; semblant a la realitat \u00e9s pura fantasia estiuenca<\/em><\/p>\n","protected":false},"excerpt":{"rendered":"<p>&nbsp; Llegeixo en algun indret que al \u201ctinto de verano\u201d n\u2019haur\u00edem de dir en catal\u00e0 \u201cxamp\u00fa de vi\u201d perqu\u00e8 vi amb gasosa que \u00e9s el que \u00e9s en realitat, \u00e9s poc comercial o poc atractiu perqu\u00e8 ens quedi a la &hellip; <a href=\"https:\/\/blocs.tinet.cat\/xaviersabate\/2017\/07\/26\/xampu-de-vi\/\">Continua llegint <span class=\"meta-nav\">&rarr;<\/span><\/a><\/p>\n","protected":false},"author":69,"featured_media":0,"comment_status":"open","ping_status":"open","sticky":false,"template":"","format":"standard","meta":{"footnotes":""},"categories":[1],"tags":[],"class_list":["post-841","post","type-post","status-publish","format-standard","hentry","category-general"],"_links":{"self":[{"href":"https:\/\/blocs.tinet.cat\/xaviersabate\/wp-json\/wp\/v2\/posts\/841","targetHints":{"allow":["GET"]}}],"collection":[{"href":"https:\/\/blocs.tinet.cat\/xaviersabate\/wp-json\/wp\/v2\/posts"}],"about":[{"href":"https:\/\/blocs.tinet.cat\/xaviersabate\/wp-json\/wp\/v2\/types\/post"}],"author":[{"embeddable":true,"href":"https:\/\/blocs.tinet.cat\/xaviersabate\/wp-json\/wp\/v2\/users\/69"}],"replies":[{"embeddable":true,"href":"https:\/\/blocs.tinet.cat\/xaviersabate\/wp-json\/wp\/v2\/comments?post=841"}],"version-history":[{"count":0,"href":"https:\/\/blocs.tinet.cat\/xaviersabate\/wp-json\/wp\/v2\/posts\/841\/revisions"}],"wp:attachment":[{"href":"https:\/\/blocs.tinet.cat\/xaviersabate\/wp-json\/wp\/v2\/media?parent=841"}],"wp:term":[{"taxonomy":"category","embeddable":true,"href":"https:\/\/blocs.tinet.cat\/xaviersabate\/wp-json\/wp\/v2\/categories?post=841"},{"taxonomy":"post_tag","embeddable":true,"href":"https:\/\/blocs.tinet.cat\/xaviersabate\/wp-json\/wp\/v2\/tags?post=841"}],"curies":[{"name":"wp","href":"https:\/\/api.w.org\/{rel}","templated":true}]}}