{"id":838,"date":"2017-07-11T19:33:54","date_gmt":"2017-07-11T19:33:54","guid":{"rendered":"https:\/\/blocs.tinet.cat\/xaviersabate\/?p=838"},"modified":"2017-07-11T19:41:42","modified_gmt":"2017-07-11T19:41:42","slug":"3-aspectes-a-vigilar-del-crt","status":"publish","type":"post","link":"https:\/\/blocs.tinet.cat\/xaviersabate\/2017\/07\/11\/3-aspectes-a-vigilar-del-crt\/","title":{"rendered":"3 aspectes a vigilar del CRT"},"content":{"rendered":"<div>\n<div>\n<div>\n<div><a href=\"https:\/\/blocs.tinet.cat\/xaviersabate\/files\/2017\/07\/navarromasballesteros.jpg\"><img loading=\"lazy\" decoding=\"async\" class=\"aligncenter size-medium wp-image-839\" src=\"https:\/\/blocs.tinet.cat\/xaviersabate\/files\/2017\/07\/navarromasballesteros-300x199.jpg\" alt=\"\" width=\"300\" height=\"199\" srcset=\"https:\/\/blocs.tinet.cat\/xaviersabate\/files\/2017\/07\/navarromasballesteros-300x199.jpg 300w, https:\/\/blocs.tinet.cat\/xaviersabate\/files\/2017\/07\/navarromasballesteros.jpg 657w\" sizes=\"auto, (max-width: 300px) 100vw, 300px\" \/><\/a><br \/>\nPer fi, hi ha fumata blanca al projecte d\u2019ampliaci\u00f3 del CRT de Vila-seca i Salou<\/div>\n<\/div>\n<div>El 29 de mar\u00e7 del 2014 era dissabte i estava dinant a casa amb el tel\u00e8fon al costat del plat. La negociaci\u00f3 del document que havien de firmar l\u2019endem\u00e0 diumenge al Pretori de Tarragona li havia encomanat el President de la Generalitat Artur Mas a Jordi Vilajoana i Pere Navarro a mi. Est\u00e0vem encallats en l\u20191% destinat entitats del nostre territori que treballen amb finalitats socials. Pere Navarro m\u2019havia donat instruccions clares: sense acord sobre finalitats socials no firmar\u00edem.<\/div>\n<\/div>\n<div>Finalment, a un quart de cinc de la tarda em va trucar Jordi Vilajoana amb l\u2019ok i em vaig precipitar a trucar a Pere Navarro i a l\u2019alcalde Ballesteros. Es podia firmar i es convocava la premsa immediatament per l\u2019endem\u00e0 diumenge.<\/div>\n<div>L\u2019\u00faltim entrebanc s\u2019havia superat. Abans hav\u00edem batallat per condicionar les noves urbanitzacions i construccions del recinte a les millors pr\u00e0ctiques mediambientals en mat\u00e8ria d\u2019aigua, residus i especialment energia.<\/div>\n<div>\n<p>&nbsp;<\/p>\n<p>I abans encara hav\u00edem obtingut en la negociaci\u00f3 de la llei que modificava la del joc que si la Generalitat no recaptava com a m\u00ednim el mateix que ho venia fent amb els casinos existents, els nous cobririen el d\u00e8ficit.<\/p>\n<\/div>\n<\/div>\n<div>Cal felicitar-nos per\u00f2 haurem de vigilar que es compleixin aquestes condicions sense les quals el projecte no hauria vist la llum perqu\u00e8, malgrat ser a l\u2019oposici\u00f3, els socialistes v\u00e0rem fer un acte de responsabilitat amb aquestes comarques i la seva gent.<\/div>\n<div>El malaguanyat Jaume Mar\u00ed, president del Centre de Par\u00e0lisi Cerebral me\u2019n parlava sempre que ens v\u00e8iem: \u201c Confio en una part d\u2019aquests recursos per al nou centre residencial que construirem a Bonavista\u201d.<\/div>\n<div>Esperem, doncs, que aquests diners vinguin, que els nous equipaments siguin un referent d\u2019edificis de consum energ\u00e8tic zero tal com indica ja la UE i d\u2019\u00fas d\u2019energia renovable generada tota la que es pugui in situ. I que les arques de la Generalitat \u2013 que s\u00f3n de tothom \u2013 no en surtin perjudicades.<\/div>\n","protected":false},"excerpt":{"rendered":"<p>Per fi, hi ha fumata blanca al projecte d\u2019ampliaci\u00f3 del CRT de Vila-seca i Salou El 29 de mar\u00e7 del 2014 era dissabte i estava dinant a casa amb el tel\u00e8fon al costat del plat. La negociaci\u00f3 del document que &hellip; <a href=\"https:\/\/blocs.tinet.cat\/xaviersabate\/2017\/07\/11\/3-aspectes-a-vigilar-del-crt\/\">Continua llegint <span class=\"meta-nav\">&rarr;<\/span><\/a><\/p>\n","protected":false},"author":69,"featured_media":0,"comment_status":"open","ping_status":"open","sticky":false,"template":"","format":"standard","meta":{"footnotes":""},"categories":[1],"tags":[],"class_list":["post-838","post","type-post","status-publish","format-standard","hentry","category-general"],"_links":{"self":[{"href":"https:\/\/blocs.tinet.cat\/xaviersabate\/wp-json\/wp\/v2\/posts\/838","targetHints":{"allow":["GET"]}}],"collection":[{"href":"https:\/\/blocs.tinet.cat\/xaviersabate\/wp-json\/wp\/v2\/posts"}],"about":[{"href":"https:\/\/blocs.tinet.cat\/xaviersabate\/wp-json\/wp\/v2\/types\/post"}],"author":[{"embeddable":true,"href":"https:\/\/blocs.tinet.cat\/xaviersabate\/wp-json\/wp\/v2\/users\/69"}],"replies":[{"embeddable":true,"href":"https:\/\/blocs.tinet.cat\/xaviersabate\/wp-json\/wp\/v2\/comments?post=838"}],"version-history":[{"count":0,"href":"https:\/\/blocs.tinet.cat\/xaviersabate\/wp-json\/wp\/v2\/posts\/838\/revisions"}],"wp:attachment":[{"href":"https:\/\/blocs.tinet.cat\/xaviersabate\/wp-json\/wp\/v2\/media?parent=838"}],"wp:term":[{"taxonomy":"category","embeddable":true,"href":"https:\/\/blocs.tinet.cat\/xaviersabate\/wp-json\/wp\/v2\/categories?post=838"},{"taxonomy":"post_tag","embeddable":true,"href":"https:\/\/blocs.tinet.cat\/xaviersabate\/wp-json\/wp\/v2\/tags?post=838"}],"curies":[{"name":"wp","href":"https:\/\/api.w.org\/{rel}","templated":true}]}}