{"id":831,"date":"2017-05-20T18:17:13","date_gmt":"2017-05-20T18:17:13","guid":{"rendered":"https:\/\/blocs.tinet.cat\/xaviersabate\/?p=831"},"modified":"2017-05-20T18:18:40","modified_gmt":"2017-05-20T18:18:40","slug":"que-es-una-nacion-carino","status":"publish","type":"post","link":"https:\/\/blocs.tinet.cat\/xaviersabate\/2017\/05\/20\/que-es-una-nacion-carino\/","title":{"rendered":"Qu\u00e8 es una naci\u00f3n, cari\u00f1o ?"},"content":{"rendered":"<p>&nbsp;<\/p>\n<p><a href=\"https:\/\/blocs.tinet.cat\/xaviersabate\/files\/2017\/05\/cari\u00f1o1.jpg\"><img loading=\"lazy\" decoding=\"async\" class=\"aligncenter size-medium wp-image-833\" src=\"https:\/\/blocs.tinet.cat\/xaviersabate\/files\/2017\/05\/cari\u00f1o1-300x286.jpg\" alt=\"\" width=\"300\" height=\"286\" srcset=\"https:\/\/blocs.tinet.cat\/xaviersabate\/files\/2017\/05\/cari\u00f1o1-300x286.jpg 300w, https:\/\/blocs.tinet.cat\/xaviersabate\/files\/2017\/05\/cari\u00f1o1.jpg 450w\" sizes=\"auto, (max-width: 300px) 100vw, 300px\" \/><\/a><\/p>\n<p>E<span style=\"text-align: center\">m temo que el debat de les prim\u00e0ries per escollir el\/la secretari\/a general del PSOE celebrat el passat dia 15 de maig passar\u00e0 a la hist\u00f2ria per dues perles que ens deixaren Susana D\u00edaz i Patxi L\u00f3pez.<\/span><\/p>\n<p>&nbsp;<\/p>\n<p>La primera, la de Susana D\u00edaz \u201c no mientas cari\u00f1o\u201d inclou una contradicci\u00f3 en si mateixa, perqu\u00e8 tothom sap que d\u2019afecte li\u2019n professa m\u00e9s aviat gens que poc. Aix\u00ed que dir-li \u201ccari\u00f1o\u201d a Pedro S\u00e0nchez s\u00ed que \u00e9s una mentida ni que sigui \u201ccari\u00f1osa\u201d..<\/p>\n<p>La segona, la de Patxi L\u00f3pez, \u201c t\u00fa sabes qu\u00e9 es una naci\u00f3n ?\u201d all\u00f2 que pretenia ( un professor que vol ensenyar el seu alumne ) perqu\u00e8 un docent mai no pregunta amb actitud de menyspreu ni es pret\u00e9n erigir en receptacle i posse\u00efdor de la veritat. Conec grans professionals i bons pol\u00edtics que no han passat del primer curs a la Universitat com Patxi L\u00f3pez , no \u00e9s imprescindible, per\u00f2 com a m\u00ednim no pretenen donar lli\u00e7ons doctes i s\u2019atansen al debat i a la confrontaci\u00f3 de les idees amb m\u00e9s respecte a l\u2019adversari.<\/p>\n<p>Per\u00f2 si Susana D\u00edaz vol que parlem de la veritat i no diguem mentides, aqu\u00ed va una aproximaci\u00f3 de primera m\u00e0, de qui ha viscut aquests anys molt directament des del Comit\u00e9 Federal del PSOE \u2013 tamb\u00e9 vaig ser present ala sessi\u00f3 de l\u20191 d\u2019octubre, la del cop anti-democr\u00e0ctic &#8211; : el secretari general leg\u00edtim, escolllit en unes prim\u00e0ries pel conjunt de la milit\u00e0ncia socialista de tota Espanya es deia Pedro S\u00e0nchez. I qui el va col.locar en una situaci\u00f3 impossible va ser un grup de persones molt influents de dins el PSOE i de fora.<\/p>\n<p>Les de dins ja s\u00f3n conegudes, apareixen a les fotos dels actes de Susana D\u00edaz \u2013 sobretot a les fotos de la seva presentaci\u00f3 a Madrid -. S\u00f3n les mateixes que van pressionar perqu\u00e8 de forma vergionyant i gratu\u00efta es facilit\u00e9s el govern del PP. Vergonyant perqu\u00e8 no era aquest el comprom\u00eds que hav\u00edem contret amb l\u2019electorat. Gratu\u00efta perqu\u00e8 es va regalar el govern al PP per continuar fent les mateixes pol\u00edtiques. Al menys, com van fer els companys alemanys , s\u2019hagu\u00e9s arrencat compromisos beneficiosos per a les classes populars i a continuaci\u00f3 seguint el mateix exemple alemany s\u2019hagu\u00e9s sotm\u00e8s a refer\u00e8ndum de la milit\u00e0ncia. En canvi es va regalar \u201cgratia et amore\u201d sense precedents arreu del m\u00f3n.<\/p>\n<p>Per\u00f2 val la pena aturar-nos un moment per explicar qui s\u00f3n les persones de fora. O \u00e9s que alg\u00fa pensa que Spain is different en q\u00fcesti\u00f3 de lobbys i grups de pressi\u00f3 ? L\u2019estimat Josep Subirats, condemnat a mort despr\u00e8s de la guerra civil, experi\u00e8ncia terrible que despr\u00e9s va narrar de forma tan escruixidora a \u201cPilatos, prisi\u00f3n de Tarragona\u201d, ex-senador, ex-membre del Tribunal de Comptes Europeu, sempre m\u2019ha pregat no oblidar que la dreta ocupa tots els poders. Llavors s\u2019esplaia en detallar quins s\u00f3n aquests: l\u2019econ\u00f2mic i el bancari en particular, el de les grans corporacions de monopolis i oligopolis, el de les religions, el dels mitjans de comunicaci\u00f3, el militar&#8230; i naturalment el pol\u00edtic. Afegeix a continuaci\u00f3 que l\u2019esquerra nom\u00e9s de tant en tant arriba al pol\u00edtic i diu que aix\u00f2 nom\u00e9s passa en comptades ocasions quan la dreta va despistada o l\u2019enxampen en casos de corrupci\u00f3, en situacions de crisi de lideratge, etc. etc. Per\u00f2 al cap de poc temps es ref\u00e0, comen\u00e7a a organitzar-se, munta lobbys i grups de pressi\u00f3 per influir en les persones m\u00e9s febles o menys conscienciades de l\u2019esquerra&#8230; o simplement fa coses menys confessables com amena\u00e7ar o comprar fins que torna a recuperar el poder pol\u00edtic que \u00e9s l\u2019\u00fanic que cedeix de tant en tant.<\/p>\n<p>He pensat en Subirats en aquest proc\u00e9s. Les pressions brutals que han exercit sobre les persones dirigents del PSOE els poders f\u00e0ctics ja van comen\u00e7ar des del moment que el PP es va quedar en minoria, van aconseguir fer fora Pedro S\u00e0nchez i ara no han jugat a favor seu sin\u00f3 ben al contrari. Sembla que al nostre pa\u00eds parlar en aquests termes est\u00e0 prohibit o et miren malament, et diuen que ets catastrofista, que poses en perill la unitat del socialisme o que tens una visi\u00f3 conspirat\u00f2ria de la hist\u00f2ria. Per\u00f2 Sanders a USA , Hamon a Fran\u00e7a o Corbyn al Regne Unit parlen en aquests termes i ning\u00fa no s\u2019escandalitza. Aqu\u00ed molts prefereixen xiular per\u00f2 el conjunt de la milit\u00e0ncia per\u00f2 tamb\u00e9 i molt especialment el conjunt de la ciutadania, per poc conscienciada que estigui, ho sap sobradament.<\/p>\n<p>I anem per \u201c per\u00f2 tu sabes lo que es una naci\u00f3n, Pedro ?\u201d de l\u2019aspirant a professor Patxi L\u00f3pez. Pedro S\u00e1nchez li va respondre molt correctament aix\u00ed que ja no caldria abundar m\u00e9s. Josep Borrell va afegir quelcom de molt elemental l\u2019endem\u00e0 a trav\u00e9s d\u2019un article <a href=\"http:\/\/www.nuevatribuna.es\/opinion\/josep-borrell\/pero-tu-sabes-lo-que-es-una-nacion\/20170516135541139866.html\">http:\/\/www.nuevatribuna.es\/opinion\/josep-borrell\/pero-tu-sabes-lo-que-es-una-nacion\/20170516135541139866.html<\/a> citant \u00a0la conferencia (\u00bfQu\u00e9 es una naci\u00f3?, 1882) d\u2019Ernest\u00a0<em><strong>Renan<\/strong><\/em> . \u00cbs la mateixa tesi dde Rovira i Virgili i la de milions de catalans i catalanes \u00a0que es pot resumir dient: la voluntat. Perqu\u00e8 si aquesta no hi fos, per molta llengua, hist\u00f2ria compartida, tradicions i dret que hi hagu\u00e9s , no hi hauria naci\u00f3 ni res.<\/p>\n<p>Per\u00f2 resulta que a Espanya n\u2019hi ha i n\u2019hi haur\u00e0, vulgui Patxi L\u00f3pez o no. Pedro S\u00e1nchez ho sap, ho diu i treballa per solucionar un problema que existeix. I aquest no \u00e9s l\u2019\u00fanic problema d\u2019Espanya, no. Per\u00f2 n\u00e9s un i gros. I hi ha socilastes que som al Partit Socialista que el volem resoldre. Molts pensem que nom\u00e9s es pot solucionar amb un refer\u00e8ndum. Per cert, el PSC fins al 2015 ho defensava i per tant no deu ser tan dolenta la proposta.<\/p>\n<p>Malauradament el debat no va donar molt m\u00e9s de si per\u00f2 si all\u00f2 que es pot esperar d\u2019un debat i d\u2019unes eleccions \u2013 siguin o no prim\u00e0ries \u2013 \u00e9s un programa i unes idees, sense dubte qui mereix sortir elegit aquest diumenge \u00e9s Pedro S\u00e0nchez&#8230; per incompareixen\u00e7a de Susana Diaz que no ha presentat el seu fins 72 hores abans. Sense comentaris.<\/p>\n<p>Per\u00f2 si el programa ha de ser transformador, de canvi profund a favor de la gent i del planeta, de comprom\u00eds amb pol\u00edtiques conseq\u00fcents\u00a0 innovadores i d\u2019un model de partit que trenqui all\u00f2 que en dic el complex de gestoria o de simplement moure papers des de les institucions, tampoc no hi ha dubte que el guanyador ha de ser Pedro S\u00e0nchez. Si no, anem arriats (1)<\/p>\n<p>&nbsp;<\/p>\n<p>&nbsp;<\/p>\n<p><em>1- <\/em><strong>amainar <\/strong>(o\u00a0<strong>arriar<\/strong>, o\u00a0<strong>abaixar<\/strong>, o\u00a0<strong>plegar<\/strong>)\u00a0<strong>veles<\/strong> <em>fig<\/em> Moderar-se, desistir d&#8217;all\u00f2 que hom pretenia, cedir a l&#8217;adversari.<\/p>\n<p>&nbsp;<\/p>\n","protected":false},"excerpt":{"rendered":"<p>&nbsp; Em temo que el debat de les prim\u00e0ries per escollir el\/la secretari\/a general del PSOE celebrat el passat dia 15 de maig passar\u00e0 a la hist\u00f2ria per dues perles que ens deixaren Susana D\u00edaz i Patxi L\u00f3pez. &nbsp; La &hellip; <a href=\"https:\/\/blocs.tinet.cat\/xaviersabate\/2017\/05\/20\/que-es-una-nacion-carino\/\">Continua llegint <span class=\"meta-nav\">&rarr;<\/span><\/a><\/p>\n","protected":false},"author":69,"featured_media":0,"comment_status":"open","ping_status":"open","sticky":false,"template":"","format":"standard","meta":{"footnotes":""},"categories":[1],"tags":[],"class_list":["post-831","post","type-post","status-publish","format-standard","hentry","category-general"],"_links":{"self":[{"href":"https:\/\/blocs.tinet.cat\/xaviersabate\/wp-json\/wp\/v2\/posts\/831","targetHints":{"allow":["GET"]}}],"collection":[{"href":"https:\/\/blocs.tinet.cat\/xaviersabate\/wp-json\/wp\/v2\/posts"}],"about":[{"href":"https:\/\/blocs.tinet.cat\/xaviersabate\/wp-json\/wp\/v2\/types\/post"}],"author":[{"embeddable":true,"href":"https:\/\/blocs.tinet.cat\/xaviersabate\/wp-json\/wp\/v2\/users\/69"}],"replies":[{"embeddable":true,"href":"https:\/\/blocs.tinet.cat\/xaviersabate\/wp-json\/wp\/v2\/comments?post=831"}],"version-history":[{"count":0,"href":"https:\/\/blocs.tinet.cat\/xaviersabate\/wp-json\/wp\/v2\/posts\/831\/revisions"}],"wp:attachment":[{"href":"https:\/\/blocs.tinet.cat\/xaviersabate\/wp-json\/wp\/v2\/media?parent=831"}],"wp:term":[{"taxonomy":"category","embeddable":true,"href":"https:\/\/blocs.tinet.cat\/xaviersabate\/wp-json\/wp\/v2\/categories?post=831"},{"taxonomy":"post_tag","embeddable":true,"href":"https:\/\/blocs.tinet.cat\/xaviersabate\/wp-json\/wp\/v2\/tags?post=831"}],"curies":[{"name":"wp","href":"https:\/\/api.w.org\/{rel}","templated":true}]}}