{"id":764,"date":"2016-10-19T14:24:00","date_gmt":"2016-10-19T14:24:00","guid":{"rendered":"https:\/\/blocs.tinet.cat\/xaviersabate\/?p=764"},"modified":"2016-10-19T14:40:47","modified_gmt":"2016-10-19T14:40:47","slug":"comencem-a-normalitzar-el-psc","status":"publish","type":"post","link":"https:\/\/blocs.tinet.cat\/xaviersabate\/2016\/10\/19\/comencem-a-normalitzar-el-psc\/","title":{"rendered":"Comencem a normalitzar el PSC"},"content":{"rendered":"<p style=\"text-align: center\">&nbsp;<\/p>\n<p style=\"text-align: center\"><a href=\"https:\/\/blocs.tinet.cat\/xaviersabate\/files\/2016\/10\/diversitat1.jpg\"><img loading=\"lazy\" decoding=\"async\" class=\"aligncenter size-medium wp-image-766\" src=\"https:\/\/blocs.tinet.cat\/xaviersabate\/files\/2016\/10\/diversitat1-300x105.jpg\" alt=\"\" width=\"300\" height=\"105\" srcset=\"https:\/\/blocs.tinet.cat\/xaviersabate\/files\/2016\/10\/diversitat1-300x105.jpg 300w, https:\/\/blocs.tinet.cat\/xaviersabate\/files\/2016\/10\/diversitat1.jpg 1000w\" sizes=\"auto, (max-width: 300px) 100vw, 300px\" \/><\/a><\/p>\n<p><strong>Les prim\u00e0ries, un \u00e8xit<\/strong><\/p>\n<p>Les prim\u00e0ries del PSC han estat un \u00e8xit desmentint els qui profetitzaven desastres, tensions, enfrontaments i seq\u00fceles negatives per al futur del PSC. Doncs cap desastre i cap conseq\u00fc\u00e8ncia negativa sin\u00f3 tot el contrari. Felicitats al guanyador\u00a0Miquel Iceta &#8211; ja el vaig felicitar personalment la mateixa nit de dissabte &#8211; , i tamb\u00e9 a N\u00faria Parlon, que amb un 46 % ha demostrat un lideratge clar que per ser novell i amb unes circumst\u00e0ncies adverses encara t\u00e9 m\u00e9s m\u00e8rit.<\/p>\n<p>Els dos protagonistes han donat una lli\u00e7\u00f3 de fair play. Personalment crec que han anat amb tanta cura que no han gosat soltar-se com en altres indrets on les prim\u00e0ries ja estan molt m\u00e9s consolidades ( USA o Fran\u00e7a per posar nom\u00e9s dos exemples ).<\/p>\n<p><strong>Si no s\u2019haguessin celebrat<\/strong><\/p>\n<p>Si no s\u2019haguessin celebrat o la N\u00faria hagu\u00e9s cedit a formar una candidatura \u00fanica, el PSC continuaria davant la societat catalana amb una sola veu ja veterana i haur\u00edem perdut l\u2019oportunitat d\u2019aflorar un altre lideratge i una altra manera de viure, sentir i practicar el socialisme. Aix\u00f2 s\u2019ha de posar en valor i recon\u00e8ixer-li a ella el m\u00e8rit d\u2019haver estat valenta i no refugiar-se en la comoditat, en la situaci\u00f3 de confort que s\u2019hauria pogut quedar.<\/p>\n<p>Tampoc no haur\u00edem conegut l\u2019opini\u00f3 de la milit\u00e0ncia sin\u00f3 nom\u00e9s l\u2019opini\u00f3 d\u2019uns pocs. Avui aix\u00f2, agradi o no, ja no t\u00e9 marxa enrere.<\/p>\n<p>El PSC ha estat, a m\u00e9s, present aquestes setmanes als mitjans com feia temps que no hi era, ha fet arribar les seves posicions, la seva estrat\u00e8gia, la ciutadania ha seguit un debat constructiu \u2013 en els temps que corren exemplar &#8211; que l\u2019atenyia perqu\u00e8 parlava dels problemes que els catalans i les catalanes tenim.<\/p>\n<p><strong>El PSC no tornar\u00e0 a ser el que era abans de les prim\u00e0ries<\/strong><\/p>\n<p>I, com va dir N\u00faria Parlon un cop coneguts els resultats, <strong>el PSC ja no tornar\u00e0 a<\/strong> <strong>ser el que era<\/strong>. I per a b\u00e9. A partir d\u2019ara es reconeix que hi ha pluralitat i diversitat de l\u00edders i d\u2019idees complement\u00e0ries . No es pot sumar ni afegir noves voluntats de persones afiliades n ide votants si no \u00e9s aix\u00ed, I en falten encara m\u00e9s. La pluralitat no \u00e9s un perill, \u00e9s un avantatge, \u00e9s riquesa i amplitud.<\/p>\n<p>El PSC, potser el partit socialista amb menys pluralitat de l\u00edders d\u2019Europa, \u00a0necessitava manifestar al pa\u00eds que disposa de m\u00e9s l\u00edders, i que per aix\u00f2 t\u00e9 tamb\u00e9 m\u00e9s sensibilitats si vol ser representatiu de la diversitat de la societat catalana del segle XXI.<\/p>\n<p>No crec que hi hagi cap partit d\u2019esquerres avui dia que no tingui diversos accents, sensibilitats plurals, corrents m\u00e9s o menys organitzats. En una societat tan fragmentada i l\u00edquida, una \u00fanica veritat redueix el ventall, empetiteix el partit. Mirem l&#8217;SPD: Peter Gabriel, Frank Walter Steinmeier, Peer Steinbr\u00fcck, President, Portaveu del Grup Parlamentari i candidat a le sproperes eleeccions<\/p>\n<p>Mirem el PSF: Hollande, President de la Rep\u00faiblica, Manuel Valls, primer ministre \u2013 per cert, a les prim\u00e0ries nom\u00e9s va obtenir un 5 %\u00a0 &#8211; , Arnaud Montebourg, candidat i Macron, l\u00edder emergent<\/p>\n<p><strong>Hi haur\u00e0 m\u00e9s debat<\/strong><\/p>\n<p>Encara no n\u2019hi ha hagut prou pel meu gust en aquestes prim\u00e0ries. La manca de corrents d\u2019opini\u00f3 organitzats i amb tradici\u00f3 no ho ha fet possible. Per\u00f2 per alguna cosa comencem. Encara hem vist unes prim\u00e0ries excessivament fonamentades en arguments allunyats del que \u00e9s un projecte pol\u00edtic. Molt de retuit i poc de reflexi\u00f3, de contrast de projectes i programes, molt de raons sobre qui acompanya a qui i poc de contrastar, reflexionar, escriure. Necessitem el predomini de les idees per sobre de personalismes i de les organitzacions exclusivament territorials. Ja hem comen\u00e7at \u00a0i aix\u00f2 ha vingut per quedar-se. Ja era hora.<\/p>\n<p><strong>Podrem sumar com f\u00e8iem abans<\/strong><\/p>\n<p>De fet , fa molt que no sumem i, entre altres coses \u00e9s peru\u00e8 hav\u00edem eliminat sumands. I on no hi ha sumands no hi ha addici\u00f3 possible. Per\u00f2 el PSC ja va n\u00e9ixer ampli i plural. Nascut de partits socialistes diversos &#8211; PSCr, PSCc, FSC-PSOE, PSP \u2013altres de m\u00e9s petits i molts procedents d\u2019antics part\u00eds i col.lectius d\u2019esquerres socialistes i llibertaris, gent procedents de moviments de renovaci\u00f3 pedag\u00f2gica, del m\u00f3n de la cultura, del dret \u00a0i tants d\u2019altres<\/p>\n<p>Perqu\u00e8 els qui pretenguin ser de pensament \u00fanic i monol\u00edtic desapareixeran o restaran molt residuals<\/p>\n<p>Els qui no volien prim\u00e0ries o que deien que ens fracturar\u00edem, que ens enfrontar\u00edem, no ho han encertat gens. Exemplarment socialdem\u00f2crates, \u00e9s a dir, no creiem en pensaments \u00fanics, propi d\u2019altres corrents de l\u2019esquerra<\/p>\n<p>Aix\u00ed que hem ajudat a normalitzar el PSC, a fer normal que hi hagi diversos lideratges, diverses concepcions de la lluita a favor de&#8230;.<\/p>\n<p>Tothom hem acceptat els resultats sense cap cr\u00edtica ni menysteniment pel proc\u00e9s dut a terme. Tothom podem tenir la nostra opini\u00f3 per\u00f2 l\u2019hem acceptat i ja vindr\u00e0 m\u00e9s endavant si pensem que s\u2019ha de millorar<\/p>\n<p><strong>Encara no hem fet suficient<\/strong><\/p>\n<p>Perqu\u00e8 ara comen\u00e7a una nova etapa en qu\u00e8 tots plegats hem d\u2019aprendre a conviure, a posar en marxa nous procediments, noves formes organitzatives m\u00e9s obertes, m\u00e9s flexibles que no \u00fanicament la territorial, totalment insuficient.<\/p>\n<p>Perqu\u00e8 aix\u00f2 que ha passat s\u2019ha de recon\u00e8ixer com un fet habitual en el funcionament del dia a dia. No nom\u00e9s per assegurar la participaci\u00f3 de tothom sigui quina sigui la representaci\u00f3 que tingui, sin\u00f3 com a imperiosa necessitat per cr\u00e9ixer, per abastar amplis sectors socials dels quals n\u2019estem molt mancats<\/p>\n<p>Els l\u00edders \u2013 el consolidat Iceta i l\u2019emergent Parlon i nous\/ves que necessitem imperiosament per tot el territori \u2013 han d\u2019estar decidits a practicar aquesta nova forma d\u2019organitzar -nos i lluitar i cooperar necess\u00e0riament. I la resta de la milit\u00e0ncia tamb\u00e9 convertint-nos en veritables activistes.<\/p>\n<p><strong>Renovaci\u00f3 en marxa<\/strong><\/p>\n<p>La renovaci\u00f3 est\u00e0 en marxa encara que qui ha guanyat aquestes prim\u00e0ries representi el continuisme i no el canvi. Els qui hav\u00edem apostat pel segon som prop de la meitat i treballarem amb lleialtat, com sempre hem fet. Per\u00f2 sense deixar d\u2019aportar les nostres idees que s\u00f3n diferents, complement\u00e0ries i necess\u00e0ries. Aix\u00ed que uns i altres ho haurem de fer amb cura, essent conscients de la situaci\u00f3 i del que representem tots plegats. L\u2019important ser\u00e0 la suma.<\/p>\n<p><strong>L\u2019oportunitat del Congr\u00e9s<\/strong><\/p>\n<p>En el marc congressual, amb Santi Castell\u00e0 d\u00e8iem que cal repensar el paper del PSC \u00a0des de la voluntat de construir estrat\u00e8gies, propostes i projectes que facin de nou, social i pol\u00edticament hegem\u00f2nic el pensament i l\u2019acci\u00f3 progressista<strong>.<\/strong> Obrir el partit a les reivindicacions i pulsions que viu la ciutadania, cercar aliances amb forces socials i c\u00edviques, i imbricar-lo el la defensa dels interessos popular. <strong>I per aix\u00f2 \u00e9s necessari centrar-se en articular tres eixos claus:<\/strong><\/p>\n<ol>\n<li><strong>Un ambici\u00f3s i imaginatiu programa socialdem\u00f2crata de reformes estructurals pel progr\u00e9s i el benestar general<\/strong>: defensa decidida del car\u00e0cter p\u00fablic de l\u2019educaci\u00f3, la sanitat\u00a0 i els serveis socials, i articulaci\u00f3 dels interessos i les demandes de les classes populars, d\u2019equilibri territorial i sostenibilitat ambiental.<\/li>\n<li><strong> <\/strong><strong>Un clar posicionament nacional catalanista, plural i integrador<\/strong> \u2013fidel a la historia del pa\u00eds- <strong>que cerqui una relaci\u00f3 particular de Catalunya amb Espanya i Europa<\/strong>, des d\u2019una arquitectura federal com a garantia de la identitat pr\u00f2pia, de ple autogovern i d\u2019un finan\u00e7ament adequat; afirmant que una consulta popular \u00e9s la darrera instancia per legitimar democr\u00e0ticament qualsevol soluci\u00f3.<\/li>\n<li><strong> <\/strong>Unes <strong>estructures renovades, transparents i obertes de partit<\/strong>, din\u00e0miques i flexibles, amb \u00f2rgans de control democr\u00e0tic dels c\u00e0rrecs electes, garanties democr\u00e0tiques de tots els processos, prim\u00e0ries obertes a tota la ciutadania, i <strong>estrat\u00e8gies de regeneraci\u00f3 democr\u00e0tica, participaci\u00f3 i transpar\u00e8ncia a totes les institucions<\/strong><strong> <\/strong><strong> <\/strong><\/li>\n<\/ol>\n<p>Tenim en el Congr\u00e9s una bona oportunitat per preparar-nos per a la nova etapa de suma , obertura. Corrents d\u2019opini\u00f3 organitzats i reconeguts, seguint la pluralitat de pensaments i organitzacions amb sensibilitat d\u2019esquerres organitzats a la societat.<\/p>\n<p>Preparar-nos per revisar i definir el nostre perfil d\u2019esquerres i catalanista sense complexos per esdevenir, com deia aquests dies N\u00faria Parlon, \u00a0aliats i aliades de la societat catalana, dels seus col.lectius m\u00e9s din\u00e0mics per\u00f2 tamb\u00e9 de les persones concretes que necessiten que siguem no nom\u00e9s representants seus sin\u00f3 tamb\u00e9 companys i companyes de lluita al mateix temps que persones capaces d\u2019articular propostes i accions de govern possibles per\u00f2 ambicioses .<\/p>\n<p>I revisar si conv\u00e9 canviar la nostra relaci\u00f3 amb el PSOE despr\u00e8s de quaranta anys. Ha passat molt de temps. Llavors era l\u2019any 1978 i ten\u00edem una coincid\u00e8ncia d\u2019objectius comuns i un comprom\u00eds de suports mutus que ara sembla que no es donen i que han de revisar-se perqu\u00e8 el PSC continua amb la mateixa voluntat de tenir la seva pr\u00f2pia personalitat i autonomia de criteri i acci\u00f3 al servei de els dones i homes de Catalunya com v\u00e0rem comprometre\u2019ns quan el v\u00e0rem fundar.<\/p>\n<p><strong>Els reptes s\u00f3n immensos per\u00f2 encara hi som a temps. Molta gent ens espera.<\/strong><\/p>\n<p>&nbsp;<\/p>\n","protected":false},"excerpt":{"rendered":"<p>&nbsp; Les prim\u00e0ries, un \u00e8xit Les prim\u00e0ries del PSC han estat un \u00e8xit desmentint els qui profetitzaven desastres, tensions, enfrontaments i seq\u00fceles negatives per al futur del PSC. Doncs cap desastre i cap conseq\u00fc\u00e8ncia negativa sin\u00f3 tot el contrari. Felicitats &hellip; <a href=\"https:\/\/blocs.tinet.cat\/xaviersabate\/2016\/10\/19\/comencem-a-normalitzar-el-psc\/\">Continua llegint <span class=\"meta-nav\">&rarr;<\/span><\/a><\/p>\n","protected":false},"author":69,"featured_media":765,"comment_status":"open","ping_status":"open","sticky":false,"template":"","format":"standard","meta":{"footnotes":""},"categories":[1],"tags":[],"class_list":["post-764","post","type-post","status-publish","format-standard","has-post-thumbnail","hentry","category-general"],"_links":{"self":[{"href":"https:\/\/blocs.tinet.cat\/xaviersabate\/wp-json\/wp\/v2\/posts\/764","targetHints":{"allow":["GET"]}}],"collection":[{"href":"https:\/\/blocs.tinet.cat\/xaviersabate\/wp-json\/wp\/v2\/posts"}],"about":[{"href":"https:\/\/blocs.tinet.cat\/xaviersabate\/wp-json\/wp\/v2\/types\/post"}],"author":[{"embeddable":true,"href":"https:\/\/blocs.tinet.cat\/xaviersabate\/wp-json\/wp\/v2\/users\/69"}],"replies":[{"embeddable":true,"href":"https:\/\/blocs.tinet.cat\/xaviersabate\/wp-json\/wp\/v2\/comments?post=764"}],"version-history":[{"count":0,"href":"https:\/\/blocs.tinet.cat\/xaviersabate\/wp-json\/wp\/v2\/posts\/764\/revisions"}],"wp:featuredmedia":[{"embeddable":true,"href":"https:\/\/blocs.tinet.cat\/xaviersabate\/wp-json\/wp\/v2\/media\/765"}],"wp:attachment":[{"href":"https:\/\/blocs.tinet.cat\/xaviersabate\/wp-json\/wp\/v2\/media?parent=764"}],"wp:term":[{"taxonomy":"category","embeddable":true,"href":"https:\/\/blocs.tinet.cat\/xaviersabate\/wp-json\/wp\/v2\/categories?post=764"},{"taxonomy":"post_tag","embeddable":true,"href":"https:\/\/blocs.tinet.cat\/xaviersabate\/wp-json\/wp\/v2\/tags?post=764"}],"curies":[{"name":"wp","href":"https:\/\/api.w.org\/{rel}","templated":true}]}}