{"id":67,"date":"2011-06-12T00:51:45","date_gmt":"2011-06-12T00:51:45","guid":{"rendered":"https:\/\/blocs.tinet.cat\/xaviersabate\/?p=67"},"modified":"2011-06-12T00:51:45","modified_gmt":"2011-06-12T00:51:45","slug":"discurs-de-la-regidora-arga-sentis","status":"publish","type":"post","link":"https:\/\/blocs.tinet.cat\/xaviersabate\/2011\/06\/12\/discurs-de-la-regidora-arga-sentis\/","title":{"rendered":"Discurs de la regidora Arga Sent\u00eds"},"content":{"rendered":"<p>Senyor alcalde, vull comen\u00e7ar felicitant-vos , molt sincerament, \u00a0i tamb\u00e9 a tots els meus companys regidors i regidores.<br \/>\nI abans d\u2019explicar el meu vot, he d\u2019agrair a totes i cadascuna de les 2.602 persones que amb el seu vot van permetre que ICV- EUA torn\u00e9s a tenir representaci\u00f3 a l\u2019Ajuntament de Tarragona la seva confian\u00e7a.<br \/>\nTornem a l\u2019ajuntament, despr\u00e9s de quatre anys de no ser-hi, amb els mateixos principis i els mateixos prop\u00f2sits: \u00a0ser la veu del carrer, la veu d\u2019una esquerra que a Tarragona sempre ha existit, des dels moviments socials, els sindicats, els col\u00b7lectius i les persones an\u00f2nimes que treballen cada dia per construir una societat m\u00e9s justa. \u00a0Una esquerra que aposta per la cohesi\u00f3 social, pels drets, pel benestar, i tamb\u00e9 per la felicitat de tots els ciutadans i les ciutadanes, de tots aquells que s\u00f3n ve\u00efns de la nostra ciutat, sense cap excepci\u00f3.<br \/>\nM\u2019estreno com a regidora gr\u00e0cies al suport de persones que, com jo, sabem que la pol\u00edtica no es fa nom\u00e9s des de les institucions, per\u00f2 que no renunciem a fer-la tamb\u00e9 des de les institucions, perqu\u00e8 estem conven\u00e7uts que tenir representaci\u00f3 \u00a0institucional \u00e9s un dret, que com tots els drets ha costat molt d\u2019aconseguir, un dret al qual no podem renunciar&#8230; i sobretot ara, que amb l\u2019excusa de la crisi ens els estan retallant.<br \/>\nUs agreixo que malgrat tot, continueu pensant que val la pena votar i que el dia 22 de maig vot\u00e9ssiu la llista que encap\u00e7alava jo&#8230; tenim poca for\u00e7a, \u00e9s cert, \u00a0no som decisius, no servim per fer majories ni per decidir alcaldes&#8230; estic sola, per\u00f2 m\u2019hi sento molt acompanyada per tots vosaltres, per tots els que heu fet que tornem a tenir veu a l\u2019Ajuntament.<br \/>\nI s\u00e9 que s\u00f3c fidel als meus votants oferint tamb\u00e9 aquest petit grup municipal per recollir la veu de les forces d\u2019esquerra que no han aconseguit representaci\u00f3, i de la gent que se sent d\u2019esquerres, de la gent alternativa, de la gent rebel de Tarragona que va creure que no valia la pena anar a votar. Us ofereixo ser la vostra veu a canvi, naturalment, \u00a0de res, que \u00e9s com crec que s\u2019han de fer les coses que importen, i des del convenciment que \u00e9s necessari portar a les institucions una altra manera de fer pol\u00edtica on els ciutadans siguin protagonistes cada dia de l\u2019any, no nom\u00e9s cada\u00a0quatre\u00a0anys.\u00a0\u00a0<br \/>\nEl dia 22 de maig estaven cridats a votar per triar els seus representants a l\u2019ajuntament de Tarragona \u00a089.216 tarragonins\u00a0i\u00a0tarragonines. \u00a0D\u2019aquests, 17. 826 van triar com a alcalde el senyor Ballesteros, 9.920 van votar la llista de CiU i 3 menys la del PP.<br \/>\nI 42. 650 conciutadans no van anar a votar. I alguna cosa va molt malament si tanta gent passa del que estem fent nosaltres aqu\u00ed avui. \u00a0Els vots no s\u00f3n xecs en blanc perqu\u00e8 els partits els interpretin despr\u00e9s segons les seves conveni\u00e8ncies. Aquest dies he sentit parlar de governabilitat i en realitat es parlava \u00a0d\u2019estabilitat, de tenir governs c\u00f2modes. \u00a0Malament rai si la governabilitat ha de dependre de majories c\u00f2modes&#8230; \u00a0on queden els ciutadans? \u00a0Tots, tamb\u00e9 els que no voten. La governabilitat passa pels ciutadans, per ser capa\u00e7os de construir una democr\u00e0cia participativa, i uns ajuntaments transparents, amb les parets de vidre, on no hi hagi res que no es pugui explicar. \u00a0<br \/>\nCrec que atesa la situaci\u00f3, el m\u00e9s racional, i el m\u00e9s proper a la voluntat popular expressada el dia 22, \u00e9s que el senyor Ballesteros formi un govern en minoria. Si comptem tots els vots un per un, hi ha una majoria de votants d\u2019esquerres.<br \/>\nSi de nosaltres depengu\u00e9s, si la majoria de vots d\u2019esquerres s\u2019hagu\u00e9s pogut traduir en una majora d\u2019escons en aquest plenari, que ning\u00fa no dubti que ICV-EUiA hauria posat la seva for\u00e7a al servei d\u2019un govern d\u2019esquerres a Tarragona.<br \/>\nM\u2019he abstingut, alcalde, no t\u2019he votat. No necessitaves\u00a0el\u00a0meu\u00a0vot\u00a0perqu\u00e8 ets\u00a0el m\u00e9s votat, \u00a0amb\u00a0difer\u00e8ncia.<br \/>\nEts\u00a0l\u2019alcalde\u00a0que\u00a0han\u00a0triat\u00a0la\u00a0majoria\u00a0dels\u00a0ciutadans\u00a0i\u00a0ciutadanes\u00a0de\u00a0Tarragona, i\u00a0celebro que\u00a0siguis tu l\u2019alcalde.<br \/>\nI\u00a0tot\u00a0i\u00a0que\u00a0no\u00a0t\u2019he\u00a0votat, i tot i que no em necessites per ser alcalde, et vull demanar moltes coses. I a m\u00e9s s\u00f3c molt exigent:<br \/>\nVull un alcalde que planti cara a les retallades, que combini adequadament l\u2019austeritat amb l\u2019equitat.<br \/>\nVull un govern municipal que no es resigni a aplicar les pol\u00edtiques d\u2019ajust pressupostari i \u00a0que sigui protagonista d\u2019una sortida de la crisi socialment justa i ecol\u00f2gicament sostenible\u00a0<br \/>\nQue lluiti per una Tarragona justa, verda, orgullosa del seu patrimoni, per\u00f2 tamb\u00e9 dels seus barris, \u00a0que aposti per relligar la ciutat, ajuntant el que la dreta sempre ha separat, com? Amb pol\u00edtiques socials i amb transport p\u00fablic. Que aposti pel transport p\u00fablic, pels vianants i per les bicicletes.<br \/>\nQue sigui capa\u00e7 de cooperar amb les ciutats ve\u00efnes per trobar solucions \u00a0a les necessitats comunes dels ciutadans.<br \/>\nQue s\u2019impliqui en la lluita pel tancament de les centrals nuclears que s\u00f3n una hipoteca per al futur de tot el territori.<br \/>\nVull un Ajuntament que fomenti la participaci\u00f3 dels ciutadans .<br \/>\nVull un ajuntament laic.<br \/>\nAquest dies he sentit parlar d\u2019unitat, de consens&#8230; s\u00f3n paraules molt boniques&#8230; seria perfecte en una societat d\u2019iguals. Per\u00f2 no vivim en una societat d\u2019iguals, i no tothom t\u00e9 la mateixa capacitat per fer-se sentir, per posar damunt de la taula les seves reivindicacions i els seus interessos i convertir-los en tema de discussi\u00f3. I en una ciutat com aquesta, on sempre han manat els mateixos, voler acontentar tothom es deixar que continu\u00efn manant els mateixos en nom del consens. Nosaltres volem un alcalde que prengui partit: que prengui partit pels aturats i pels treballadors precaris, que prengui partit pels desnonats per una llei hipotec\u00e0ria injusta, que prengui partit pels joves, que veuen com s\u2019utilitza l\u2019excusa de la joventut per amagar adults precaris, per les persones grans, pels xiquets, pels treballadors i les treballadores, vinguin d\u2019on vinguin, independentment del seu origen, per la gent vulnerable, pels exclosos.<br \/>\nI s\u00e9 que \u00e9s dif\u00edcil, que la correlaci\u00f3 de forces no ajuda.<\/p>\n<p>Per\u00f2 per tirar endavant \u00a0tot aix\u00f2 que et demano sempre ens tindr\u00e0s al costat. A\u00a0canvi\u00a0de\u00a0res.<br \/>\nl sempre que l\u2019inter\u00e8s p\u00fablic es posi en q\u00fcesti\u00f3, sempre que les pol\u00edtiques restrictives apuntin als m\u00e9s desafavorits, sempre que es vulgui carregar el pes de la crisi i de les retallades sobre les esquenes dels ve\u00efns i les ve\u00efnes, els que ho vulguin fer que s\u00e0piguen que ens trobaran a l\u2019oposici\u00f3, i que no farem una oposici\u00f3 complaent, sin\u00f3 ferma, serena, decidida i contundent.<\/p>\n<p>Et desitjo, alcalde, molta sort en aquest nou mandat que ara comen\u00e7a perqu\u00e8 la teva sort va en benefici de Tarragona i espero que posis sempre les persones i les seves necessitats al capdavant de totes les pol\u00edtiques municipals. \u00a0<br \/>\n\u00a0<br \/>\n\u00a0<\/p>\n","protected":false},"excerpt":{"rendered":"<p>Senyor alcalde, vull comen\u00e7ar felicitant-vos , molt sincerament, \u00a0i tamb\u00e9 a tots els meus companys regidors i regidores. I abans d\u2019explicar el meu vot, he d\u2019agrair a totes i cadascuna de les 2.602 persones que amb el seu vot van &hellip; <a href=\"https:\/\/blocs.tinet.cat\/xaviersabate\/2011\/06\/12\/discurs-de-la-regidora-arga-sentis\/\">Continua llegint <span class=\"meta-nav\">&rarr;<\/span><\/a><\/p>\n","protected":false},"author":69,"featured_media":0,"comment_status":"open","ping_status":"open","sticky":false,"template":"","format":"standard","meta":{"footnotes":""},"categories":[1],"tags":[],"class_list":["post-67","post","type-post","status-publish","format-standard","hentry","category-general"],"_links":{"self":[{"href":"https:\/\/blocs.tinet.cat\/xaviersabate\/wp-json\/wp\/v2\/posts\/67","targetHints":{"allow":["GET"]}}],"collection":[{"href":"https:\/\/blocs.tinet.cat\/xaviersabate\/wp-json\/wp\/v2\/posts"}],"about":[{"href":"https:\/\/blocs.tinet.cat\/xaviersabate\/wp-json\/wp\/v2\/types\/post"}],"author":[{"embeddable":true,"href":"https:\/\/blocs.tinet.cat\/xaviersabate\/wp-json\/wp\/v2\/users\/69"}],"replies":[{"embeddable":true,"href":"https:\/\/blocs.tinet.cat\/xaviersabate\/wp-json\/wp\/v2\/comments?post=67"}],"version-history":[{"count":0,"href":"https:\/\/blocs.tinet.cat\/xaviersabate\/wp-json\/wp\/v2\/posts\/67\/revisions"}],"wp:attachment":[{"href":"https:\/\/blocs.tinet.cat\/xaviersabate\/wp-json\/wp\/v2\/media?parent=67"}],"wp:term":[{"taxonomy":"category","embeddable":true,"href":"https:\/\/blocs.tinet.cat\/xaviersabate\/wp-json\/wp\/v2\/categories?post=67"},{"taxonomy":"post_tag","embeddable":true,"href":"https:\/\/blocs.tinet.cat\/xaviersabate\/wp-json\/wp\/v2\/tags?post=67"}],"curies":[{"name":"wp","href":"https:\/\/api.w.org\/{rel}","templated":true}]}}