{"id":654,"date":"2015-08-13T23:53:35","date_gmt":"2015-08-13T23:53:35","guid":{"rendered":"https:\/\/blocs.tinet.cat\/xaviersabate\/?p=654"},"modified":"2015-08-14T08:16:25","modified_gmt":"2015-08-14T08:16:25","slug":"per-que-votar-psc-210-un-govern-que-ens-tingui-en-compte","status":"publish","type":"post","link":"https:\/\/blocs.tinet.cat\/xaviersabate\/2015\/08\/13\/per-que-votar-psc-210-un-govern-que-ens-tingui-en-compte\/","title":{"rendered":"Per qu\u00e8 votar PSC  2\/10 &#8211; Un govern que ens tingui en compte"},"content":{"rendered":"<p>&nbsp;<\/p>\n<p style=\"text-align: center\"><a href=\"https:\/\/blocs.tinet.cat\/xaviersabate\/files\/2015\/08\/Tarragona_provincia.jpg\"><img loading=\"lazy\" decoding=\"async\" class=\"aligncenter size-medium wp-image-655\" src=\"https:\/\/blocs.tinet.cat\/xaviersabate\/files\/2015\/08\/Tarragona_provincia-279x300.jpg\" alt=\"\" width=\"279\" height=\"300\" srcset=\"https:\/\/blocs.tinet.cat\/xaviersabate\/files\/2015\/08\/Tarragona_provincia-279x300.jpg 279w, https:\/\/blocs.tinet.cat\/xaviersabate\/files\/2015\/08\/Tarragona_provincia.jpg 800w\" sizes=\"auto, (max-width: 279px) 100vw, 279px\" \/><\/a><\/p>\n<p>&nbsp;<\/p>\n<p>Sembla com si no hagu\u00e9s existit una legislatura de Mas-PPAliciaS\u00e0nchezCamacho \u00a0i han estat dos anys. NI tampoc una de Mas-ERCJunqueras i han estat tres.<\/p>\n<p>Totes dues legislatures han estat letals per la circumscripci\u00f3 de Tarragona que malgrat tenir tres comarques que ocupen els primers llocs en persones aturades \u00e9s la prov\u00edncia on menys han invertit els Governs de la Generalitat Mas-S\u00e0nchezCamacho-Junqueras.<\/p>\n<p>No \u00e9s una opini\u00f3, s\u00f3n n\u00fameros reals i publicats pel propi Govern tant els de les persones aturades com els dels pressupostos.Com \u00e9s real que ja no disposem d\u2019eines de planificaci\u00f3 com el Pla Estrat\u00e8gic del Camp de Tarragona ni tampoc el de les Terres de l\u2019Ebre. Aquest darrer es va encarregar per\u00f2 no ha prosperat. Si no hi ha plans no hi ha compromisos.<\/p>\n<p>No hi trobem explicaci\u00f3. Artur Mas va comen\u00e7ar a ser President declarant que el seu govern era &#8221; bussines friendly &#8221; per\u00f2 a l&#8217;hora de la veritat no hem vist que aquests cinc anys s&#8217;hagin caracteritzat per generar confian\u00e7a entre els inversors que generessin llocs de treball. Recordem el Logis Pened\u00e8s que pot generar milers de llocs de treball segons els nombrosos estudis de qu\u00e8 disposem. Ni avui, passats cinc anys d&#8217;inacci\u00f3 del govern catal\u00e0, quan tothom parla de la import\u00e0ncia de la log\u00edstica per fer una economia m\u00e9s competitiva sabem res d&#8217;un lloc tan privilegiat. I si jo fos Artur Mas em posaria vermell quan exhibeix les modificacions del CRT de Vila-seca i Salou per fer possible l&#8217;encara anomenat Bcn World. El seu soci Junqueras el va deixar tirat i encara avui trobem inversors que ens pregunten qu\u00e8 passar\u00e0 si guanya ERC, cosa impossible de discernir en aquestes eleccions pretesament plebiscit\u00e0ries. Dic que s&#8217;hauria de posar vermell perqu\u00e8 no s&#8217;hauria pogut tirar endavant sense el suport del PSC des de l&#8217;oposici\u00f3 com la llei d&#8217;FP o la de Cooperatives.<\/p>\n<p>Tampoc els dos governs no han elaborat cap pla d\u2019energia com han fet els pa\u00efsos avan\u00e7ats i aix\u00ed, les nostres comarques que generen la major part de l\u2019energia que es consumeix a Catalunya ( la contaminant i perillosa com la nuclear i la f\u00f2ssil \u00a0per\u00f2 tamb\u00e9 renovable ) no saben quin futur els espera en aquest terreny. A tota Espanya han estat not\u00edcia de portada aquesta primavera els residus nuclears. La nostra prov\u00edncia \u00e9s la m\u00e9s nuclearitzada de totes, tenim un problema de seguretat i de tractament dels residus. El nostre govern qu\u00e8 diu ? Calla. El mana Endesa on hi ha el sr. Mad\u00ed que va portar les campanyes del president Mas i, per cert, tamb\u00e9 el nou cap de llista per la prov\u00edncia de Tarragona sr. Germ\u00e0 Bel dels Junts. Per aix\u00f2 deu ser que el govern ha arxivat tants projectes d\u2019investigaci\u00f3 entre els quals es troba \u2013 ves per on &#8211; un que ens afecta tant a les nostres comarques com el Zefir d\u2019energia e\u00f2lica en aig\u00fces profundes i que havia de tenir la seva concreci\u00f3 a l\u2019Ametlla de Mar i a Tarragona. Catalunya renuncia a investigar les energies de futur que ja s\u00f3n present als pa\u00efsos m\u00e9s avan\u00e7ats.<\/p>\n<p>No hem tingut tampoc cap coordinaci\u00f3 amb el Govern de l\u2019Estat en mat\u00e8ria de seguretat fins al punt que la darrera Junta de Seguretat de Catalunya la va convocar el President Montilla ja fa vuit anys. \u00c9s all\u00ed on es coordinen els diferents cossos policials. Doncs b\u00e9, l\u2019activitat terrorista internacional s\u2019ha incrementat not\u00f2riament aquests darrers temps, les nostres comarques han estat assenyalades com de risc per part de tots els serveis d\u2019intel\u00b7lig\u00e8ncia i en particular algunes poblacions del Baix Camp i del Tarragon\u00e8s. El Govern de la Generalitat est\u00e0 mut tamb\u00e9 en aquesta mat\u00e8ria tan vital i principal.<\/p>\n<p>Cap tractament tampoc de problemes greus com la immigraci\u00f3 o les ocupacions il\u00b7legals d\u2019habitatges. Constant\u00ed i Salou en s\u00f3n els darrers exemples. Es posa el cap sota l\u2019ala i quan esclata el problema \u00a0es redueix tot a un problema policial. Algun conseller a part del d\u2019Interior s\u2019ha atansat a Salou per dir quelcom tan elemental com que el problema dels venedors manters no \u00e9s policial nom\u00e9s sin\u00f3 social , que \u00e9s molt de fons i que es compromet a tractar-lo en tota la seva dimensi\u00f3 multisectorial ?<\/p>\n<p>La pobresa ha crescut de forma indecent. L\u2019espectacle aquest estiu dels nous equips d\u2019ajuntaments que s\u2019han de fer c\u00e0rrec de l\u2019alimentaci\u00f3 dels infants que nom\u00e9s mengen durant el curs escolar \u00e9s intolerable.<\/p>\n<p>La qualitat de l\u2019educaci\u00f3 \u00a0ha baixat perqu\u00e8 tamb\u00e9 ho ha fet l\u2019esfor\u00e7 del Govern: aules m\u00e9s penes i amb menys professors no podien donar un altre resultat que un frac\u00e0s escolar insuportable en un pa\u00eds que es pret\u00e9n avan\u00e7at. El finan\u00e7ament \u00a0de la URV o de la FP amb augment de costos de matriculaci\u00f3 han eixamplat les difer\u00e8ncies socials i han afectat greument la igualtat d\u2019oportunitats.<\/p>\n<p>I si parlem de \u00a0sanitat, \u00a0t\u00e9 el Govern alguna cosa a dir sobre \u00a0la progressiva marxa de les classes mitges cap a la sanitat privada per evitar les llistes d\u2019espera \u00a0? Qu\u00e8 ha passat amb les resolucions del Parlament aprovades per organitzar la salut mental com a la resta de Catalunya per exemple ? Per qu\u00e8 tamb\u00e9 en aix\u00f2 estem discriminats ?<\/p>\n<p>Equipaments com la pres\u00f3 del Catllar acabada fa cinc anys i sense ocupar, el nou edifici dels jutjats de Tarragona sense ni tan sols encarregar el projecte o un oblit insultant del patrimoni de Tarraco, universal per la Unesco i per tot el m\u00f3n per\u00f2 menystingut per un govern que declara que el teatre rom\u00e0 ha de psoar-se en valor per\u00f2 que nom\u00e9s es queda en una mera declaraci\u00f3, que veu com la muralla de Tarragona est\u00e0 apuntalada i llegeix aquest estiu que encara ser\u00e0 l\u2019Estat qui aportar\u00e0 algun euro l\u2019any que ve per zero el Govern Mas-Junqueras. En termes de cultura no puc entendre com el sr. Mas se n\u2019ha desent\u00e8s tant. Si ens fixem en Reus, com ha fugit del consorci del teatre Fortuny, la biblioteca Pere Anguera tancada, la programaci\u00f3 art\u00edstica sota m\u00ednims demostra que la capital del Baix Camp ha perdut prestigi i protagonisme que tants esfor\u00e7os havia costat assolir. El sud, en termes culturals tampoc no existeix per\u00f2 tampoc no ens han fet cas ni a nosaltres ni als treballadors del Consorci per la Normalitzaci\u00f3 ling\u00fc\u00edstica.<\/p>\n<p>&nbsp;<\/p>\n<p>En termes mediambientals, nul.la implicaci\u00f3 en la lluita contra el canvi clim\u00e0tic. Aquest estiu tot el planeta clama contra el canvi clim\u00e0tic per\u00f2 tampoc el Govern no ha escoltat el clam de les organitzacions medi-ambientalistes i pol\u00edtiques d\u2019esquerra per convocar una cimera contra el canvi clim\u00e0tic i un pla de foment d\u2019energia renovable i d\u2019estalvi i efici\u00e8ncia energ\u00e8tica. Encara hem de sumar a les nostres comarques la venda de la incineradora de residus industrials de Constant\u00ed que, a banda de regalada, deixa d\u2019estar sota el control p\u00fablic amb el risc que comporta una instal.laci\u00f3 de risc com aquesta, els treballadors desprotegits a partir del 2017 i el municipi de Constant\u00ed ja no rebr\u00e0 les compensacions que sempre havia tingut constituint aix\u00ed un grav\u00edssim precedent. Per no parlar de la poca atenci\u00f3 als parcs naturals i de l&#8217;oblit de la creaci\u00f3 del de les muntanyes de Prades. I els \u00a0instruments per controlar la contaminaci\u00f3 de l&#8217;aire al Camp de Tarragona, especialment a les poblacions properes als pol\u00edgons qu\u00edmics \u00a0com l&#8217;Observatori de la Salut i el Medi Ambient han estat arraconats fins al punt que han sorgit moviments ciutadans i ajuntaments que han demanat nous estudis i instruments quan ja en tenim.<\/p>\n<p>\u00c9s dif\u00edcil sostenir que tot aix\u00f2 \u00e9s culpa de Madrid. Veurem qu\u00e8 diu el candidat de les nostres comarques de la llista oficialista que gaireb\u00e9 es pret\u00e9n \u00fanica. El porten de Barcelona perqu\u00e8 sembla que aqu\u00ed no en tenen de candidats. Va n\u00e9ixer a les nostres comarques i ens visita alguns caps de setmana. Lligat a la italiana Endesa, la propiet\u00e0ria de les nostres nuclears i de bona part de la distribuci\u00f3 d\u2019electricitat,\u00a0Alguna cosa a dir de la seva comarca d\u2019origen, una de les que t\u00e9 m\u00e9s atur de Catalunya ? alguna proposta sobre el tema ? del futur de les nuclears i dels seus residus ? Qu\u00e8 en faria dels residus nuclears en una Catalunya hipot\u00e8ticament independent ? I qu\u00e8 en far\u00e0 a partir del 28 de setembre ? Assumir\u00e0 la inexistent obra de govern a les comarques del sud i ens en donar\u00e0 explicacions ? O pensen que poden acudir a aquestes eleccions sense fer cap balan\u00e7 com a tots els pa\u00efsos democr\u00e0tics ? Ens explicar\u00e0 per qu\u00e8 no hem tingut cap conseller de les nostres comarques en set anys excepte el darrer mes ? I per qu\u00e8 tampoc no ens ofereix Mas-Junqueras un cap de llista que visqui entre nosaltres ? Quina consideraci\u00f3 ens tenen ?<\/p>\n<p>La independ\u00e8ncia \u00e9s una promesa de la qual si alguna cosa sabem segur \u00e9s que va per llarg i prolongar\u00e0 cinc anys de provisionalitat jur\u00eddica i de par\u00e0lisi \u00a0econ\u00f2mica, cultural i social durant no sabem quants m\u00e9s tot el pa\u00eds i les nostres comarques tarragonines particularment.Ens cal, per\u00f2 , un govern que lideri una acci\u00f3 per a tot el territori, que no torni a marginar les comarques tarragonines, que planifiqui i es comprometi, que lideri un esfor\u00e7 col.lectiu, que no amagui el cap sota l\u2019ala sin\u00f3 que afronti la realitat. Aix\u00f2 \u00e9s el que oferim.<\/p>\n","protected":false},"excerpt":{"rendered":"<p>&nbsp; &nbsp; Sembla com si no hagu\u00e9s existit una legislatura de Mas-PPAliciaS\u00e0nchezCamacho \u00a0i han estat dos anys. NI tampoc una de Mas-ERCJunqueras i han estat tres. Totes dues legislatures han estat letals per la circumscripci\u00f3 de Tarragona que malgrat tenir &hellip; <a href=\"https:\/\/blocs.tinet.cat\/xaviersabate\/2015\/08\/13\/per-que-votar-psc-210-un-govern-que-ens-tingui-en-compte\/\">Continua llegint <span class=\"meta-nav\">&rarr;<\/span><\/a><\/p>\n","protected":false},"author":69,"featured_media":0,"comment_status":"open","ping_status":"open","sticky":false,"template":"","format":"standard","meta":{"footnotes":""},"categories":[1],"tags":[],"class_list":["post-654","post","type-post","status-publish","format-standard","hentry","category-general"],"_links":{"self":[{"href":"https:\/\/blocs.tinet.cat\/xaviersabate\/wp-json\/wp\/v2\/posts\/654","targetHints":{"allow":["GET"]}}],"collection":[{"href":"https:\/\/blocs.tinet.cat\/xaviersabate\/wp-json\/wp\/v2\/posts"}],"about":[{"href":"https:\/\/blocs.tinet.cat\/xaviersabate\/wp-json\/wp\/v2\/types\/post"}],"author":[{"embeddable":true,"href":"https:\/\/blocs.tinet.cat\/xaviersabate\/wp-json\/wp\/v2\/users\/69"}],"replies":[{"embeddable":true,"href":"https:\/\/blocs.tinet.cat\/xaviersabate\/wp-json\/wp\/v2\/comments?post=654"}],"version-history":[{"count":0,"href":"https:\/\/blocs.tinet.cat\/xaviersabate\/wp-json\/wp\/v2\/posts\/654\/revisions"}],"wp:attachment":[{"href":"https:\/\/blocs.tinet.cat\/xaviersabate\/wp-json\/wp\/v2\/media?parent=654"}],"wp:term":[{"taxonomy":"category","embeddable":true,"href":"https:\/\/blocs.tinet.cat\/xaviersabate\/wp-json\/wp\/v2\/categories?post=654"},{"taxonomy":"post_tag","embeddable":true,"href":"https:\/\/blocs.tinet.cat\/xaviersabate\/wp-json\/wp\/v2\/tags?post=654"}],"curies":[{"name":"wp","href":"https:\/\/api.w.org\/{rel}","templated":true}]}}