{"id":586,"date":"2015-04-16T12:37:24","date_gmt":"2015-04-16T12:37:24","guid":{"rendered":"https:\/\/blocs.tinet.cat\/xaviersabate\/?p=586"},"modified":"2015-04-16T16:14:04","modified_gmt":"2015-04-16T16:14:04","slug":"preguntes-sobre-constanti-i-respostes-del-govern","status":"publish","type":"post","link":"https:\/\/blocs.tinet.cat\/xaviersabate\/2015\/04\/16\/preguntes-sobre-constanti-i-respostes-del-govern\/","title":{"rendered":"Preguntes sobre Constant\u00ed i respostes del Govern"},"content":{"rendered":"<p><a href=\"https:\/\/blocs.tinet.cat\/xaviersabate\/files\/2015\/04\/centcelles.jpg\"><img loading=\"lazy\" decoding=\"async\" class=\"aligncenter size-full wp-image-587\" src=\"https:\/\/blocs.tinet.cat\/xaviersabate\/files\/2015\/04\/centcelles.jpg\" alt=\"\" width=\"183\" height=\"275\" \/><\/a><\/p>\n<p>1 \u2013 Quants diners ha destinat el Govern de la Generalitat a la vil\u00b7la romana de Centcelles de Constant\u00ed ?<\/p>\n<p>2 \u2013 Quines accions creu el Govern que cal dur a terme a la vil\u00b7la romana de Centcelles de Constant\u00ed ?<\/p>\n<p>3 \u2013 T\u00e9 previst el Govern alguna acci\u00f3 a la vil\u00b7la romana de Centcelles de Constant\u00ed ?<\/p>\n<p>4 \u2013 Quin \u00e9s el tant per cent de frac\u00e0s escolar al municipi de Constant\u00ed ?<\/p>\n<p>5 &#8211; Quines accions creu el Govern que cal dur a terme per pal\u00b7liar el frac\u00e0s escolar al municipi de Constant\u00ed ?<\/p>\n<p>6 \u2013 Quants habitatges hi ha ocupats il\u00b7legalment al municipi de Constant\u00ed ?<\/p>\n<p>7 \u2013 Ha rebut el Govern de la Generalitat algun tipus de sol.licitud de suport per part de l\u2019Ajuntament de Constant\u00ed per solucionar el problema dels nombrosos habitatges ocupats il\u00b7legalment al municipi?<\/p>\n<p>8 \u2013 Quin reflex ha tingut en els pressupostos de la Generalitat el municipi de Constant\u00ed des del 2010 fins als del 2015 ?<\/p>\n<p>9 \u2013 Quina ha estat l\u2019evoluci\u00f3 del Pla \u00danic d&#8217;Obres i Seveis (PUOSC ) al municipi de Constant\u00ed des del 2006 fins ara ?<\/p>\n<p>10 \u2013 Quin \u00e9s l\u2019estat de la petici\u00f3 de l\u2019ajuntament de Constant\u00ed de 400.000 euros per millorar el clavegueram del barri de Centcelles ?<\/p>\n<p><em>Aquestes preguntes van ser formulades al mes de febrer d&#8217;aquest any 2015 al Govern i les respostes les podeu veure aqu\u00ed <\/em><\/p>\n<p><a href=\"https:\/\/blocs.tinet.cat\/xaviersabate\/files\/2015\/04\/Constant%C3%AD4.pdf\">Resposta 4<\/a> <a href=\"https:\/\/blocs.tinet.cat\/xaviersabate\/files\/2015\/04\/Constant%C3%AD3.pdf\">Resposta 3<\/a> <a href=\"https:\/\/blocs.tinet.cat\/xaviersabate\/files\/2015\/04\/Constant%C3%AD2.pdf\">Resposta 2<\/a> <a href=\"https:\/\/blocs.tinet.cat\/xaviersabate\/files\/2015\/04\/Constant%C3%AD1.pdf\">Resposta 1<\/a><\/p>\n<p>En elles es pot veure la minsa acci\u00f3 del Govern de la Generalitat des que al 2010 va \u00a0prendre possessi\u00f3 el Govern presidit per Artur Mas aix\u00ed com la nul.la acci\u00f3 de l&#8217;Ajuntament de Constant\u00ed davant el Govern de la Generalitat que ni exigiex ni demana que el Govern catal\u00e0 ajudi com \u00e9s la seva obligaci\u00f3 l&#8217;Ajuntament constantinenc.<\/p>\n<p>Els habitants de Constant\u00ed no nom\u00e9s no reben nous ajuts sin\u00f3 que n&#8217;han deixat de rebre i el Govern de la Generalitat reconeix que no ha rebut cap reclamaci\u00f3 per exemple en el cas de la incineradora de residus especials. Queden respostes que no sabem per qu\u00e8 no s&#8217;han respost relatives als habitatges ocupats il\u00b7legalment o al frac\u00e0s escolar. Insistirem perqu\u00e8 seria molt greu que el Govern decid\u00eds no respondre sobre problemes tan greus com aquests.<\/p>\n","protected":false},"excerpt":{"rendered":"<p>1 \u2013 Quants diners ha destinat el Govern de la Generalitat a la vil\u00b7la romana de Centcelles de Constant\u00ed ? 2 \u2013 Quines accions creu el Govern que cal dur a terme a la vil\u00b7la romana de Centcelles de Constant\u00ed &hellip; <a href=\"https:\/\/blocs.tinet.cat\/xaviersabate\/2015\/04\/16\/preguntes-sobre-constanti-i-respostes-del-govern\/\">Continua llegint <span class=\"meta-nav\">&rarr;<\/span><\/a><\/p>\n","protected":false},"author":69,"featured_media":587,"comment_status":"open","ping_status":"open","sticky":false,"template":"","format":"standard","meta":{"footnotes":""},"categories":[1],"tags":[],"class_list":["post-586","post","type-post","status-publish","format-standard","has-post-thumbnail","hentry","category-general"],"_links":{"self":[{"href":"https:\/\/blocs.tinet.cat\/xaviersabate\/wp-json\/wp\/v2\/posts\/586","targetHints":{"allow":["GET"]}}],"collection":[{"href":"https:\/\/blocs.tinet.cat\/xaviersabate\/wp-json\/wp\/v2\/posts"}],"about":[{"href":"https:\/\/blocs.tinet.cat\/xaviersabate\/wp-json\/wp\/v2\/types\/post"}],"author":[{"embeddable":true,"href":"https:\/\/blocs.tinet.cat\/xaviersabate\/wp-json\/wp\/v2\/users\/69"}],"replies":[{"embeddable":true,"href":"https:\/\/blocs.tinet.cat\/xaviersabate\/wp-json\/wp\/v2\/comments?post=586"}],"version-history":[{"count":0,"href":"https:\/\/blocs.tinet.cat\/xaviersabate\/wp-json\/wp\/v2\/posts\/586\/revisions"}],"wp:featuredmedia":[{"embeddable":true,"href":"https:\/\/blocs.tinet.cat\/xaviersabate\/wp-json\/wp\/v2\/media\/587"}],"wp:attachment":[{"href":"https:\/\/blocs.tinet.cat\/xaviersabate\/wp-json\/wp\/v2\/media?parent=586"}],"wp:term":[{"taxonomy":"category","embeddable":true,"href":"https:\/\/blocs.tinet.cat\/xaviersabate\/wp-json\/wp\/v2\/categories?post=586"},{"taxonomy":"post_tag","embeddable":true,"href":"https:\/\/blocs.tinet.cat\/xaviersabate\/wp-json\/wp\/v2\/tags?post=586"}],"curies":[{"name":"wp","href":"https:\/\/api.w.org\/{rel}","templated":true}]}}