{"id":52,"date":"2011-05-20T15:16:06","date_gmt":"2011-05-20T15:16:06","guid":{"rendered":"https:\/\/blocs.tinet.cat\/xaviersabate\/?p=52"},"modified":"2011-05-20T15:16:06","modified_gmt":"2011-05-20T15:16:06","slug":"duran-lleida-beneeix-alejandro-fernandez","status":"publish","type":"post","link":"https:\/\/blocs.tinet.cat\/xaviersabate\/2011\/05\/20\/duran-lleida-beneeix-alejandro-fernandez\/","title":{"rendered":"Duran Lleida beneeix Alejandro Fern\u00e0ndez"},"content":{"rendered":"<p>\u201c Si s\u2019ha de pactar amb el PP fes-ho sense manies i sense complexos \u201c<\/p>\n<p>Aquesta va ser la frase textual de Duran Lleida ahir a Tarragona en pres\u00e8ncia d\u2019Artur Mas i adre\u00e7ant-se a la seva candidata Vict\u00f2ria Forns.<\/p>\n<p>Per\u00f2 qui va dormir m\u00e9s content ahir a la nit no va ser la candidata de CiU sin\u00f3 Alejandro Fern\u00e0ndez que va rebre aquestes paraules com la confirmaci\u00f3 que pot ser l\u2019alcalde de Tarragona tal com ja han gaireb\u00e9 adm\u00e8s en p\u00fablic la candidata convergent i el del PP.<\/p>\n<p>De fet, en tot el discurs d\u2019ambd\u00f3s mandataris barcelonins, en cap moment es van referir a ella com alcaldessa. Tamb\u00e9 saben que a la societat tarragonina no li ve de nou la col\u2022laboraci\u00f3 PP-CiU al llarg dels anys de l\u2019alcalde Nadal \u2013 14 de 18 \u2013 aix\u00ed com a la Diputaci\u00f3 Provincial.<\/p>\n<p>Saben tamb\u00e9 tots dos que si Trias a Barcelona \u00e9s alcalde amb els vots del PP, aquest no li oferir\u00e0 gratis sin\u00f3 que a canvi demanaran alguna penyora important i aquesta pot ser molt b\u00e9 Tarragona.<\/p>\n<p>Un altre cop els destins de Tarragona es decidirien , doncs, a Barcelona com ho van ser en el passat i com ho va ser Salou fa pocs mesos.<\/p>\n<p>Duran va preparar ahir el terreny. Els tarragonins i tarragonines estan avisats. No es tracta que Vict\u00f2ria Forns sigui alcaldessa amb els vots del PP sin\u00f3 que Alejandro Fern\u00e0ndez pot ser alcalde amb els vots de CiU a Tarragona&#8230; naturalment si sumen<\/p>\n","protected":false},"excerpt":{"rendered":"<p>\u201c Si s\u2019ha de pactar amb el PP fes-ho sense manies i sense complexos \u201c Aquesta va ser la frase textual de Duran Lleida ahir a Tarragona en pres\u00e8ncia d\u2019Artur Mas i adre\u00e7ant-se a la seva candidata Vict\u00f2ria Forns. Per\u00f2 &hellip; <a href=\"https:\/\/blocs.tinet.cat\/xaviersabate\/2011\/05\/20\/duran-lleida-beneeix-alejandro-fernandez\/\">Continua llegint <span class=\"meta-nav\">&rarr;<\/span><\/a><\/p>\n","protected":false},"author":69,"featured_media":0,"comment_status":"open","ping_status":"open","sticky":false,"template":"","format":"standard","meta":{"footnotes":""},"categories":[1],"tags":[],"class_list":["post-52","post","type-post","status-publish","format-standard","hentry","category-general"],"_links":{"self":[{"href":"https:\/\/blocs.tinet.cat\/xaviersabate\/wp-json\/wp\/v2\/posts\/52","targetHints":{"allow":["GET"]}}],"collection":[{"href":"https:\/\/blocs.tinet.cat\/xaviersabate\/wp-json\/wp\/v2\/posts"}],"about":[{"href":"https:\/\/blocs.tinet.cat\/xaviersabate\/wp-json\/wp\/v2\/types\/post"}],"author":[{"embeddable":true,"href":"https:\/\/blocs.tinet.cat\/xaviersabate\/wp-json\/wp\/v2\/users\/69"}],"replies":[{"embeddable":true,"href":"https:\/\/blocs.tinet.cat\/xaviersabate\/wp-json\/wp\/v2\/comments?post=52"}],"version-history":[{"count":0,"href":"https:\/\/blocs.tinet.cat\/xaviersabate\/wp-json\/wp\/v2\/posts\/52\/revisions"}],"wp:attachment":[{"href":"https:\/\/blocs.tinet.cat\/xaviersabate\/wp-json\/wp\/v2\/media?parent=52"}],"wp:term":[{"taxonomy":"category","embeddable":true,"href":"https:\/\/blocs.tinet.cat\/xaviersabate\/wp-json\/wp\/v2\/categories?post=52"},{"taxonomy":"post_tag","embeddable":true,"href":"https:\/\/blocs.tinet.cat\/xaviersabate\/wp-json\/wp\/v2\/tags?post=52"}],"curies":[{"name":"wp","href":"https:\/\/api.w.org\/{rel}","templated":true}]}}