{"id":471,"date":"2014-10-16T06:55:15","date_gmt":"2014-10-16T06:55:15","guid":{"rendered":"https:\/\/blocs.tinet.cat\/xaviersabate\/?p=471"},"modified":"2014-10-16T06:55:15","modified_gmt":"2014-10-16T06:55:15","slug":"interpel-lant-al-govern-sobre-plurilinguisme-a-lestat","status":"publish","type":"post","link":"https:\/\/blocs.tinet.cat\/xaviersabate\/2014\/10\/16\/interpel-lant-al-govern-sobre-plurilinguisme-a-lestat\/","title":{"rendered":"Interpel.lant al Govern sobre pluriling\u00fcisme a l&#8217;Estat"},"content":{"rendered":"<p>1\u2013 Sempre est\u00e0 justificat parlar de pluriling\u00fcisme\u00a0&#8211;\ten una societat en qu\u00e8 les lleng\u00fces en contacte evolucionen m\u00e9s que mai i de vegades de forma insospitada,\u00a0&#8211;\tm\u00e9s en un territori com l\u2019Estat Espanyol que les institucions que el governen no reconeixen oficialment la diversitat ling\u00fc\u00edstica,\u00a0&#8211;\tm\u00e9s encara si a m\u00e9s de no respectar-la la persegueixen. \u00a0Necessitat avui m\u00e9s que mai en qu\u00e8 el govern del PP no ha parat d\u2019atemptar contra la unitat de les lleng\u00fces de l\u2019Estat, de dificultar el seu desenvolupament. El darrer episodi la censura de l\u2019Instituto Cervantes a la presentaci\u00f3 de Victus-\t\u00c9s una assignatura pendent. Des de l\u2019Oda a la P\u00e0tria d\u2019Aribau \u2013 avui llegia el mai no prou reconegut professor oriol Pi de cabanyes a La Vanguardia \u00a0i recordava la interpretaci\u00f3 psicoanal\u00edtica del poema que ens explicava a la Universitat \u2013 fins a l\u2019Oda a Espanya de Joan Maragall<\/p>\n<p><strong>2 \u2013 <\/strong>un Estat que no ha resolt el reconeixement de la seva pluralitat ling\u00fc\u00edstica tampoc no ha resolt la seva diversitat i, per tant, la seva conviv\u00e8ncia<\/p>\n<p>3 \u2013 Respecte pel que suposa de b\u00e9 cultural de primer ordre per\u00f2 tamb\u00e9 pel que suposa d\u2019element fonamental per la conviv\u00e8ncia<\/p>\n<p>4 \u2013 Per\u00f2 tamb\u00e9 perqu\u00e8, conseller, des del seu govern no s\u2019han preocupat per aquest tema. I com a catalans \u2013 i vost\u00e8 com a membre del Govern molt especialment \u2013 ens correspon la defensa del catal\u00e0 i aquest est\u00e0 est\u00e8s per altres CCAA d\u2019Espanya, els que anomenem des del punt de vista cultural, pa\u00efsos de parla catalana o Pa\u00efsos Catalans \u2013 dit sense cap pretensi\u00f3 imperialista i des de la m\u00e0xima consideraci\u00f3 d\u2019igualtat &#8211; . Ja sap, Conseller, de Salses a Guardamar i de Fraga fins a Ma\u00f3<\/p>\n<p>5 \u2013 Cal doncs que Catalunya ajudi i vost\u00e8s es moguin per ajudar \u00a0la llengua catalana i aix\u00f2 es fa tamb\u00e9 defensant el reconeixement del pluriling\u00fcisme per part de l\u2019Estat. Ajudar el catal\u00e0 tamb\u00e9 es fa assolint que l\u2019Estat reconegui i fomenti el pluriling\u00fcisme<\/p>\n<p>6 \u2013 El govern de Catalunya ha d\u2019encap\u00e7alar aquesta lluita. Els socialistes ja ho hem portat al Senat l\u2019any passat i els socialistes de tota espanya ens va donar suport. Vam presentar una Llei de \u201cReconocimiento y amparo de la pluralidad ling\u00fc\u00edstica\u201d derrotada pels vots del PP<\/p>\n<p>7 \u2013 Cal superar una hist\u00f2ria plena de conflictes o encara pitjor, \u00fas partidista no per donar carta de naturalesa a una situaci\u00f3 de conviv\u00e8ncia sin\u00f3, encara pitjor, per aconseguir vots atacant lleng\u00fces de l\u2019Estat tan lleng\u00fces les minorit\u00e0ries com la majorit\u00e0ria que \u00e9s el castell\u00e0 .Espanya \u00e9s un pa\u00eds pluriling\u00fce i en lloc d\u2019exhibir el pluriling\u00fcisme com una riquesa que pocs estats tenen amb aquesta vitalitat , s\u2019ha presentat com un destorb . En realitat aix\u00f2 ha pertorbat la conviv\u00e8ncia, l\u2019ha dificultat, enverinatLa mesquinesa s\u2019ha imposat a la intel.lig\u00e8ncia, la mediocritat a la cultura i a l\u2019altura de mires, la concepci\u00f3 rastrera i egoista a la generositat i a l\u2019amistat<\/p>\n<p>8 &#8211; Catal\u00e0 patrimoni d\u2019Espanya \u00a0i d\u2019Europa<\/p>\n<p>9 \u2013 Cal, doncs, un reconeixement que ajudaria a la llengua catalana per\u00f2 tamb\u00e9 a la conviv\u00e8ncia de tots els pobles de l\u2019Estat que per altra banda ja figura a la Constituci\u00f3:<\/p>\n<p>Art. 3.3 Constituci\u00f3: La riqueza de las distintas modalidades ling\u00fc\u00edsticas de Espa\u00f1a es un patrimonio cultural que ser\u00e1 objeto de especial respeto y protecci\u00f3n.<\/p>\n<p>Art\u00edculo 46 de la Constituci\u00f3n Espa\u00f1ola:Los poderes p\u00fablicos garantizar\u00e1n la conservaci\u00f3n y promover\u00e1n el enriquecimiento del patrimonio hist\u00f3rico, cultural y art\u00edstico de los pueblos de Espa\u00f1a y de los bienes que lo integran, cualquiera que sea su r\u00e9gimen jur\u00eddico y su titularidad. La ley penal sancionar\u00e1 los atentados contra este patrimonio<\/p>\n<p>10 \u2013 En definitiva, conseller, volem que el seu Govern i vost\u00e8, baixin a \u00a0la realitat, a la feina feixuga i dif\u00edcil de la quotidianitat QUE TAMB\u00c9 T\u00c9 LA SEVA \u00c8PICAEns tindr\u00e0 al seu costat si ho fa. No ens ser\u00e0 aliena perqu\u00e8 ja n\u2019hem dionat sobrades mostres al llarg de la hist\u00f2ria de lluitar per una de les principals, si no la primera, justificaci\u00f3 o ra\u00f3 de ser de la nostra cultura i de la nostra exist\u00e8ncia com a naci\u00f3, aviat ESTAT en una Espanya i u na Europa federals.<\/p>\n<p>Interpel.laci\u00f3 al conseller FErran Mascarell al Ple del Parlament el 15 d&#8217;Octubre de 2014<\/p>\n","protected":false},"excerpt":{"rendered":"<p>1\u2013 Sempre est\u00e0 justificat parlar de pluriling\u00fcisme\u00a0&#8211; en una societat en qu\u00e8 les lleng\u00fces en contacte evolucionen m\u00e9s que mai i de vegades de forma insospitada,\u00a0&#8211; m\u00e9s en un territori com l\u2019Estat Espanyol que les institucions que el governen no &hellip; <a href=\"https:\/\/blocs.tinet.cat\/xaviersabate\/2014\/10\/16\/interpel-lant-al-govern-sobre-plurilinguisme-a-lestat\/\">Continua llegint <span class=\"meta-nav\">&rarr;<\/span><\/a><\/p>\n","protected":false},"author":69,"featured_media":0,"comment_status":"open","ping_status":"open","sticky":false,"template":"","format":"standard","meta":{"footnotes":""},"categories":[1],"tags":[],"class_list":["post-471","post","type-post","status-publish","format-standard","hentry","category-general"],"_links":{"self":[{"href":"https:\/\/blocs.tinet.cat\/xaviersabate\/wp-json\/wp\/v2\/posts\/471","targetHints":{"allow":["GET"]}}],"collection":[{"href":"https:\/\/blocs.tinet.cat\/xaviersabate\/wp-json\/wp\/v2\/posts"}],"about":[{"href":"https:\/\/blocs.tinet.cat\/xaviersabate\/wp-json\/wp\/v2\/types\/post"}],"author":[{"embeddable":true,"href":"https:\/\/blocs.tinet.cat\/xaviersabate\/wp-json\/wp\/v2\/users\/69"}],"replies":[{"embeddable":true,"href":"https:\/\/blocs.tinet.cat\/xaviersabate\/wp-json\/wp\/v2\/comments?post=471"}],"version-history":[{"count":0,"href":"https:\/\/blocs.tinet.cat\/xaviersabate\/wp-json\/wp\/v2\/posts\/471\/revisions"}],"wp:attachment":[{"href":"https:\/\/blocs.tinet.cat\/xaviersabate\/wp-json\/wp\/v2\/media?parent=471"}],"wp:term":[{"taxonomy":"category","embeddable":true,"href":"https:\/\/blocs.tinet.cat\/xaviersabate\/wp-json\/wp\/v2\/categories?post=471"},{"taxonomy":"post_tag","embeddable":true,"href":"https:\/\/blocs.tinet.cat\/xaviersabate\/wp-json\/wp\/v2\/tags?post=471"}],"curies":[{"name":"wp","href":"https:\/\/api.w.org\/{rel}","templated":true}]}}