{"id":435,"date":"2014-04-25T10:36:04","date_gmt":"2014-04-25T10:36:04","guid":{"rendered":"https:\/\/blocs.tinet.cat\/xaviersabate\/?p=435"},"modified":"2014-04-25T10:36:04","modified_gmt":"2014-04-25T10:36:04","slug":"text-i-resultat-de-la-mocio-del-psc-sobre-politica-linguistica-tots-els-punts-aprovats","status":"publish","type":"post","link":"https:\/\/blocs.tinet.cat\/xaviersabate\/2014\/04\/25\/text-i-resultat-de-la-mocio-del-psc-sobre-politica-linguistica-tots-els-punts-aprovats\/","title":{"rendered":"Text i resultat de la moci\u00f3 del PSC sobre pol\u00edtica ling\u00fc\u00edstica (tots els punts aprovats)"},"content":{"rendered":"<p>1        Elaborar en el termini m\u00e9s breu possible, en el marc de l\u2019acci\u00f3 cultural del Govern i amb el m\u00e0xim consens posible, una acci\u00f3 de Pol\u00edtica Ling\u00fc\u00edstica que tingui com a referent la Llei de Pol\u00edtica Ling\u00fc\u00edstica, centri les seves actuacions en accions planificades i pactades amb els sectors i que garanteixi els recursos suficients per implementar les actuacions necess\u00e0ries per aconseguir l\u2019\u00fas normal del catal\u00e0 en tots els \u00e0mbits, garantir la preparaci\u00f3 ling\u00fc\u00edstica de la poblaci\u00f3 i que treballi per la cohesi\u00f3 social, la con\u00acformaci\u00f3 de la ciutadania i la igualtat d\u2019oportunitats. <strong>93-18-11<\/strong><\/p>\n<p>Coordinaci\u00f3 interdepartamental<\/p>\n<p>2. Garantir que, mitjan\u00e7ant la tasca del CPNL i la seva coordinaci\u00f3 amb els departaments i els ens im\u00acplicats, es cobreixi la demanda de formaci\u00f3 en llengua catalana per a tots els sectors que ho requereixin i es treballi per assegurar l\u2019acc\u00e9s a aquesta formaci\u00f3 de totes les franges de poblaci\u00f3 que vulguin aprendre el catal\u00e0. <strong>unanimitat<\/strong><\/p>\n<p>2.a Es garantir\u00e0 la tasca del Consorci per la Normalitzaci\u00f3 Lin-g\u00fc\u00edstica com a entitat territorial de refer\u00e8ncia en l\u2019en\u00acsenyament de de llengua catalana a la poblaci\u00f3 adulta i l\u2019acollida ling\u00fc\u00edstica perqu\u00e8 executi, coordini, assessori i certifiqui la for\u00acmaci\u00f3 de catal\u00e0 necess\u00e0ria per a l\u2019arrelament. <strong>96-9-18<\/strong><\/p>\n<p>3. El Govern establir\u00e0 les directrius per tal d\u2019optimitzar i garantir la qualitat dels informes que peri\u00f2dicament elaboren sobre la situaci\u00f3 de la llengua catalana diverses institucions. <strong>93-9-20<\/strong><\/p>\n<p>Di\u00e0leg amb els municipis<\/p>\n<p>4. Garantir el di\u00e0leg del CPNL amb els ens locals per decidir sobre les necessitats i accions en mat\u00e8ria de pol\u00edtica ling\u00fc\u00edstica i sobre els plans d\u2019actuaci\u00f3 en el territori. <strong>unanimitat<\/strong><\/p>\n<p>Oferta p\u00fablica de formaci\u00f3 en llengua catalana suficient i de qualitat<\/p>\n<p>5. Dur a terme les accions necess\u00e0ries  perqu\u00e8, progressivament, el CPNL gestioni els recursos econ\u00f2mics de la Generalitat destinats a la formaci\u00f3 en llengua catalana i coordini les accions formatives, amb l\u2019objectiu de tendir a suprimir els convenis amb altres entitats habilitades, excepte en els casos en qu\u00e8 el CPNL no les pugui assumir per incompatibilitats de caire laboral. <strong>95-0-27<\/strong><\/p>\n<p>6. Garantir a tot el territori de Catalunya, l\u2019acc\u00e9s a l\u2019oferta p\u00fablica i de qualitat d\u2019aprenentatge de les llen\u00acg\u00fces oficials a les persones immigrants que no saben ni catal\u00e0 ni castell\u00e0 per afavorir el dret a l\u2019arrelament. <strong>unanimitat<\/strong><\/p>\n<p>7. Garantir a tot el territori de Catalunya, una oferta p\u00fablica i de qualitat que garanteixi, l\u2019acc\u00e9s a la formaci\u00f3 a les persones adultes que no tenen encara prou com\u00acpet\u00e8ncies en llengua catalana, oral i escrites. <strong>unanimitat<\/strong><\/p>\n<p>Garantia de continu\u00eftat del Consorci per a la Normalitzaci\u00f3 Ling\u00fc\u00edstica<\/p>\n<p>8. Acabar el Pla director del CPNL en un termini de tres mesos i presentar-lo als \u00f2rgans de govern del CPNL perqu\u00e8 sigui discutit amb els ens locals que hi participen, i fer-lo p\u00fablic. <strong>120-0-2<\/strong><\/p>\n<p>9. Refor\u00e7ar el paper que ha tingut fins ara i ha de continuar tenint el CPNL com a ins\u00actituci\u00f3 referent al territori de les pol\u00edtiques de foment del coneixement i \u00fas de la llengua catalana, conjunta\u00acment amb els ens locals. <strong>111-0-11<\/strong><\/p>\n<p>10. Aprovar en el termini de tres mesos per part dels \u00f3rgans de govern del CPNL una proposta d\u2019actualitzaci\u00f3 del paper del govern i els municipis en el CPNL. <strong>111-0-11<\/strong><\/p>\n<p>11. Garantir la sostenibilitat del CPNL com un ins\u00actrument imprescindible de la pol\u00edtica ling\u00fc\u00edstica del pa\u00eds, amb un nou model de finan\u00e7ament que n\u2019asse\u00acguri el manteniment i l\u2019estabilitat, i que consideri el finan\u00e7ament directe dels recursos humans per part de la Generalitat i la corresponsabilitat del m\u00f3n local amb les dotacions necess\u00e0ries lligades a les accions per programes necess\u00e0ries en cada cas al territori. <strong>113-0-9<\/strong><\/p>\n","protected":false},"excerpt":{"rendered":"<p>1 Elaborar en el termini m\u00e9s breu possible, en el marc de l\u2019acci\u00f3 cultural del Govern i amb el m\u00e0xim consens posible, una acci\u00f3 de Pol\u00edtica Ling\u00fc\u00edstica que tingui com a referent la Llei de Pol\u00edtica Ling\u00fc\u00edstica, centri les seves &hellip; <a href=\"https:\/\/blocs.tinet.cat\/xaviersabate\/2014\/04\/25\/text-i-resultat-de-la-mocio-del-psc-sobre-politica-linguistica-tots-els-punts-aprovats\/\">Continua llegint <span class=\"meta-nav\">&rarr;<\/span><\/a><\/p>\n","protected":false},"author":69,"featured_media":0,"comment_status":"open","ping_status":"open","sticky":false,"template":"","format":"standard","meta":{"footnotes":""},"categories":[1],"tags":[],"class_list":["post-435","post","type-post","status-publish","format-standard","hentry","category-general"],"_links":{"self":[{"href":"https:\/\/blocs.tinet.cat\/xaviersabate\/wp-json\/wp\/v2\/posts\/435","targetHints":{"allow":["GET"]}}],"collection":[{"href":"https:\/\/blocs.tinet.cat\/xaviersabate\/wp-json\/wp\/v2\/posts"}],"about":[{"href":"https:\/\/blocs.tinet.cat\/xaviersabate\/wp-json\/wp\/v2\/types\/post"}],"author":[{"embeddable":true,"href":"https:\/\/blocs.tinet.cat\/xaviersabate\/wp-json\/wp\/v2\/users\/69"}],"replies":[{"embeddable":true,"href":"https:\/\/blocs.tinet.cat\/xaviersabate\/wp-json\/wp\/v2\/comments?post=435"}],"version-history":[{"count":0,"href":"https:\/\/blocs.tinet.cat\/xaviersabate\/wp-json\/wp\/v2\/posts\/435\/revisions"}],"wp:attachment":[{"href":"https:\/\/blocs.tinet.cat\/xaviersabate\/wp-json\/wp\/v2\/media?parent=435"}],"wp:term":[{"taxonomy":"category","embeddable":true,"href":"https:\/\/blocs.tinet.cat\/xaviersabate\/wp-json\/wp\/v2\/categories?post=435"},{"taxonomy":"post_tag","embeddable":true,"href":"https:\/\/blocs.tinet.cat\/xaviersabate\/wp-json\/wp\/v2\/tags?post=435"}],"curies":[{"name":"wp","href":"https:\/\/api.w.org\/{rel}","templated":true}]}}