{"id":434,"date":"2014-04-22T10:05:12","date_gmt":"2014-04-22T10:05:12","guid":{"rendered":"https:\/\/blocs.tinet.cat\/xaviersabate\/?p=434"},"modified":"2014-04-22T10:05:12","modified_gmt":"2014-04-22T10:05:12","slug":"mocio-sobre-politica-linguistica-que-defensare-i-es-votara-al-ple-del-parlament-de-divendres-25-dabril","status":"publish","type":"post","link":"https:\/\/blocs.tinet.cat\/xaviersabate\/2014\/04\/22\/mocio-sobre-politica-linguistica-que-defensare-i-es-votara-al-ple-del-parlament-de-divendres-25-dabril\/","title":{"rendered":"Moci\u00f3 sobre pol\u00edtica ling\u00fc\u00edstica que defensar\u00e9 i es votar\u00e0 al Ple del Parlament de divendres 25 d&#8217;abril"},"content":{"rendered":"<p><a href=\"https:\/\/blocs.tinet.cat\/xaviersabate\/files\/2014\/04\/catal\u00e0.jpg\"><img loading=\"lazy\" decoding=\"async\" src=\"https:\/\/blocs.tinet.cat\/xaviersabate\/files\/2014\/04\/catal\u00e0.jpg\" alt=\"\" width=\"270\" height=\"187\" class=\"aligncenter size-full wp-image-433\" \/><\/a><\/p>\n<p>Moci\u00f3 sobre pol\u00edtica ling\u00fc\u00edstica que defensar\u00e9 i es votar\u00e0 al Ple del Parlament de divendres 25 d&#8217;abril <\/p>\n<p>1.\tElaborar de manera urgent, pactada amb tots els partits pol\u00edtics, un Acord Nacional per la Pol\u00edtica Ling\u00fc\u00edstica que centri les seves actuacions en accions planificades i pactades amb els sectors per aconseguir l\u2019\u00fas normal del catal\u00e0 en tots els \u00e0mbits i que tingui com a objectiu garantir la preparaci\u00f3 ling\u00fc\u00edstica de la poblaci\u00f3 i que treballi per la cohesi\u00f3 social, la conformaci\u00f3 de la ciutadania i la igualtat d\u2019oportunitats.<\/p>\n<p>COORDINACI\u00d3 INTERDEPARTAMENTAL <\/p>\n<p>2. Presentar al Parlament, en el termini tres mesos, un pla de mesures urgents que garanteixin: <\/p>\n<p>a) L\u2019organitzaci\u00f3 i coordinaci\u00f3 de la xarxa p\u00fablica de formaci\u00f3 d\u2019adults per tal que garanteixi la formaci\u00f3 ling\u00fc\u00edstica de les persones adultes que no saben catal\u00e0. <\/p>\n<p>b) L\u2019ordenaci\u00f3, informaci\u00f3 i coordinaci\u00f3 interdepartamental de les accions adre\u00e7ades a la formaci\u00f3 en compet\u00e8ncies que afecta la formaci\u00f3 d\u2019adults en l\u2019\u00e0mbit educatiu, la qualificaci\u00f3 professional, la formaci\u00f3 d\u2019aturats de curta i llarga durada<\/p>\n<p>c) L\u2019adquisici\u00f3 i posada en valor de les compet\u00e8ncies ling\u00fc\u00edstiques en les pol\u00ed-tiques d\u2019ocupaci\u00f3, d\u2019emprenedoria, i en les franges de 16-18<\/p>\n<p>d) Un pla de mesures urgents, coordinada amb els diferents departaments i institucions implicades, per combatre l\u2019analfabetisme existent en la poblaci\u00f3 adulta de Catalunya, que els impedeix poder accedir a l\u2019aprenentatge de la llengua catalana<\/p>\n<p>e) L\u2019acc\u00e9s a la formaci\u00f3 de llengua catalana a totes les persones immigrades que necessiten aprendre catal\u00e0 per poder accedir a l\u2019arrelament als pobles i ciutats de Catalunya <\/p>\n<p>f) La tasca del Consorci per la Normalitzaci\u00f3 Ling\u00fc\u00edstica com a entitat territorial de refer\u00e8ncia en l\u2019ensenyament de catal\u00e0 als adults i l\u2019acollida ling\u00fc\u00edstica perqu\u00e8 executi, coordini, assessori i certifiqui la formaci\u00f3 de catal\u00e0 necess\u00e0ria per a l\u2019arrelament. <\/p>\n<p>3. Unificar en l\u2019observatori de la llengua catalana els diversos informes que peri\u00f2dicament s\u2019elaboren sobre la situaci\u00f3 de la llengua catalana. <\/p>\n<p>DI\u00c0LEG AMB ELS MUNICIPIS<\/p>\n<p>4. Formalitzar de manera immediata una taula de di\u00e0leg amb els municipis per tal d\u2019analitzar, dissenyar, executar i avaluar de manera conjunta, amb la parti-cipaci\u00f3 del Consorci per la Normalitzaci\u00f3 Ling\u00fc\u00edstica, les necessitats i accions en mat\u00e8ria de pol\u00edtica ling\u00fc\u00edstica urgents en cada territori per garantir les ne-cessitats de formaci\u00f3 de llengua catalana.<\/p>\n<p>OFERTA P\u00daBLICA DE FORMACI\u00d3 EN LLENGUA CATALANA SUFICIENT I DE QUA-LITAT <\/p>\n<p>5. Acabar urgentment amb la dispersi\u00f3 de recursos entre els diferents depar-taments i entitats diverses per accions formatives inconnexes que fomenten la inefici\u00e8ncia i no arriben a resoldre la demanda de la poblaci\u00f3 que li cal aprendre catal\u00e0 per necessitat.<\/p>\n<p>6. Acabar urgentment amb la pol\u00edtica d\u2019enc\u00e0rrecs a les entitats que est\u00e0 fent el govern, per la via de la concessi\u00f3 de subvencions, perqu\u00e8 facin accions forma-tives de llengua catalana. La formaci\u00f3 \u00e9s un dret b\u00e0sic que ha de ser garantit pel govern amb una oferta p\u00fablica.<\/p>\n<p>7. Traspassar, alhora, el pressupost i les accions formatives cap al Consorci per la Normalitzaci\u00f3 Ling\u00fc\u00edstica que \u00e9s la instituci\u00f3 p\u00fablica de qu\u00e8 s\u2019han dotat les administracions \u2013auton\u00f2mica i local- per treballar per al foment del coneixement i l\u2019\u00fas del catal\u00e0.<\/p>\n<p>8. Garantir a tot el territori de Catalunya, l\u2019acc\u00e9s a l\u2019oferta p\u00fablica i de qualitat d\u2019aprenentatge de les lleng\u00fces oficials a les persones immigrants que no saben ni catal\u00e0 ni castell\u00e0 per afavorir el dret a l\u2019arrelament. <\/p>\n<p>9. Garantir a tot el territori de Catalunya, una oferta p\u00fablica i de qualitat que garanteixi, l \u2019 acc\u00e9s a formaci\u00f3 a les persones adultes que no tenen encara prou compet\u00e8ncies en llengua catalana, oral i escrites.<\/p>\n<p>GARANTIA DE CONTINU\u00cfTAT DEL CONSORCI PER A LA NORMALITZACI\u00d3 LIN-G\u00dc\u00cdSTICA <\/p>\n<p>10. Aprovar i fer p\u00fablic el pla director del Consorci per la Normalitzaci\u00f3 Lin-g\u00fc\u00edstica que s\u2019est\u00e0 elaborant des de fa dos anys. <\/p>\n<p>11. Recuperar de manera efectiva i decidida la visibilitzaci\u00f3 del paper que ha tingut fins ara i ha de continuar tenint el Consorci per la Normalitzaci\u00f3 Lin-g\u00fc\u00edstica com a instituci\u00f3 referent al territori de les pol\u00edtiques de foment del coneixement i \u00fas de la llengua catalana, conjuntament amb els ens locals.<\/p>\n<p>12. Crear, en el termini d\u2019un mes, una comissi\u00f3 mixta govern-grups parla-mentaris per elaborar de manera consensuada una proposta de renovaci\u00f3 del paper del govern i els municipis en el Consorci per la Normalitzaci\u00f3 Ling\u00fc\u00edstica.<\/p>\n<p>13. Acabar amb l\u2019ambig\u00fcitat sobre el futur del Consorci per la Normalitzaci\u00f3 Ling\u00fc\u00edstica i garantir-ne la sostenibilitat com un instrument imprescindible de la pol\u00edtica ling\u00fc\u00edstica del pa\u00eds, amb un nou model de finan\u00e7ament que n\u2019asseguri el manteniment i estabilitat dels recursos humans(cap\u00edtol 1) per mitj\u00e0 del finan\u00e7ament directe de la Generalitat i, alhora, el manteniment i comprom\u00eds de la corresponsabilitzat del m\u00f3n local amb les dotacions necess\u00e0ries per part d\u2019aquests lligades a les accions per programes necess\u00e0ries en cada cas al territori. <\/p>\n<p>Palau del Parlament, 10 d\u2019abril de 2014<br \/>\nXavier Sabat\u00e9 i Ibarz<br \/>\nDiputat del GP SOC<\/p>\n","protected":false},"excerpt":{"rendered":"<p>Moci\u00f3 sobre pol\u00edtica ling\u00fc\u00edstica que defensar\u00e9 i es votar\u00e0 al Ple del Parlament de divendres 25 d&#8217;abril 1. Elaborar de manera urgent, pactada amb tots els partits pol\u00edtics, un Acord Nacional per la Pol\u00edtica Ling\u00fc\u00edstica que centri les seves actuacions &hellip; <a href=\"https:\/\/blocs.tinet.cat\/xaviersabate\/2014\/04\/22\/mocio-sobre-politica-linguistica-que-defensare-i-es-votara-al-ple-del-parlament-de-divendres-25-dabril\/\">Continua llegint <span class=\"meta-nav\">&rarr;<\/span><\/a><\/p>\n","protected":false},"author":69,"featured_media":0,"comment_status":"open","ping_status":"open","sticky":false,"template":"","format":"standard","meta":{"footnotes":""},"categories":[1],"tags":[],"class_list":["post-434","post","type-post","status-publish","format-standard","hentry","category-general"],"_links":{"self":[{"href":"https:\/\/blocs.tinet.cat\/xaviersabate\/wp-json\/wp\/v2\/posts\/434","targetHints":{"allow":["GET"]}}],"collection":[{"href":"https:\/\/blocs.tinet.cat\/xaviersabate\/wp-json\/wp\/v2\/posts"}],"about":[{"href":"https:\/\/blocs.tinet.cat\/xaviersabate\/wp-json\/wp\/v2\/types\/post"}],"author":[{"embeddable":true,"href":"https:\/\/blocs.tinet.cat\/xaviersabate\/wp-json\/wp\/v2\/users\/69"}],"replies":[{"embeddable":true,"href":"https:\/\/blocs.tinet.cat\/xaviersabate\/wp-json\/wp\/v2\/comments?post=434"}],"version-history":[{"count":0,"href":"https:\/\/blocs.tinet.cat\/xaviersabate\/wp-json\/wp\/v2\/posts\/434\/revisions"}],"wp:attachment":[{"href":"https:\/\/blocs.tinet.cat\/xaviersabate\/wp-json\/wp\/v2\/media?parent=434"}],"wp:term":[{"taxonomy":"category","embeddable":true,"href":"https:\/\/blocs.tinet.cat\/xaviersabate\/wp-json\/wp\/v2\/categories?post=434"},{"taxonomy":"post_tag","embeddable":true,"href":"https:\/\/blocs.tinet.cat\/xaviersabate\/wp-json\/wp\/v2\/tags?post=434"}],"curies":[{"name":"wp","href":"https:\/\/api.w.org\/{rel}","templated":true}]}}