{"id":430,"date":"2014-04-22T08:08:20","date_gmt":"2014-04-22T08:08:20","guid":{"rendered":"https:\/\/blocs.tinet.cat\/xaviersabate\/?p=430"},"modified":"2014-04-22T08:08:20","modified_gmt":"2014-04-22T08:08:20","slug":"volem-votar-i-decidir","status":"publish","type":"post","link":"https:\/\/blocs.tinet.cat\/xaviersabate\/2014\/04\/22\/volem-votar-i-decidir\/","title":{"rendered":"Volem votar i decidir"},"content":{"rendered":"<p><a href=\"https:\/\/blocs.tinet.cat\/xaviersabate\/files\/2014\/04\/votar1.jpg\"><img loading=\"lazy\" decoding=\"async\" src=\"https:\/\/blocs.tinet.cat\/xaviersabate\/files\/2014\/04\/votar1.jpg\" alt=\"\" width=\"208\" height=\"198\" class=\"aligncenter size-full wp-image-432\" \/><\/a><\/p>\n<p>Votar i decidir \u00e9s all\u00f2 que podrem tornar a fer el proper dia 25 de maig. Sortosament, des de 1977 ho hem fet en  m\u00e9s de 30 ocasions. Ho dic per aquells que sembla que ens volen fer creure que l\u2019expressi\u00f3 \u201cvolem votar\u201d significa esborrar els anys de democr\u00e0cia al nostre pa\u00eds. O que comen\u00e7arem a exercir-la de veritat el dia que a Catalunya es convoqui una consulta, cosa que- no em cansar\u00e9 de repetir \u2013 un servidor tamb\u00e9 desitja de forma fervorosa.<\/p>\n<p>D\u2019aquest votar \u2013 consulta &#8211; i d\u2019aquest decidir \u2013 la relaci\u00f3 de Catalunya amb la resta d\u2019Espanya &#8211; n\u2019haurem de parlar inevitablement despr\u00e9s del 25. \u00c9s imprescindible. De moment, per\u00f2, els srs. Rajoy i Mas s\u2019empenyen en no deixar-nos. Un per immobilista, l\u2019altre per no seguir la llei i posar el carro abans dels bous. Un viatget a Euskadi no els aniria malament a un i l\u2019altre. O encara m\u00e9s f\u00e0cil, Rajoy crida a la Moncloa a Rubalcaba  i Mas a Navarro a la Pla\u00e7a de Sant Jaume i comencen a fer les coses seriosament.<\/p>\n<p>Per\u00f2 votar i decidir per tenir una Europa o una altra \u00e9s aqra absolutament clau. Martin Schultz, candidat socialista ens ha dit aquests dies que per a moltes persones, la Uni\u00f3 Europea s\u2019ha convertit en sin\u00f2nim de les accions de la Troica i de l\u2019austeritat i que vol canviar aix\u00f2. Efectivament, l\u2019\u00e0mplia majoria conservadora existent imposa la seva llei, les seves pol\u00edtiques, el seu pensament. I hem vist on ens condueixen: escissi\u00f3 social, preemin\u00e8ncia i privilegis per al poder financer i cura de la macroeconomia que diu que les coses milloren quan quadren els n\u00fameros de les arques p\u00fabliques per\u00f2 sobretot de les grans corporacions. Mentrestant, milions de persones \u2013 nens i grans inclosos i no cal dir-ho, persones desvalgudes \u2013 fan m\u00e9s grans les llistes de la pobresa, els teixits productius de molts pa\u00efsos europeus s\u2019enfonsen, l\u2019atur creix per milions de persones i la relaci\u00f3 laboral es converteix en prec\u00e0ria.<br \/>\nAixc\u00f2 ens juguem, aix\u00f2 votrem i aix\u00f2 decidim el proper 25. El candidat del PSC Javi L\u00f3pez diu: \u201cRecuperem l\u2019\u00e0nima social d\u2019Europa: un espai de dignitat i de solidaritat.\u201d<\/p>\n<p>Per fer-ho caldr\u00e0 una majoria \u00e0mplia d\u2019esquerres i els qui millor poden fer-ho s\u00f3n els homes i dones socialistes. Tothom sap en quin grup s\u2019inscriuran els diputats socialistes, quin \u00e9s el seu programa, les possibilitats de modificar les lleis que tindra. No sabem, tanmateix, en quins grups s\u2019inscriuran els diputats de CiU o els d\u2019ERC .<br \/>\nTamb\u00e9 sabem que hi ha el perill de sorgiment o enfortiment de grups populistes com alguns que han aparegut al nostre pa\u00eds. En quin grup s\u2019inscriuran no ho sabem per\u00f2 s\u00ed que coneixem quines s\u00f3n les seves pol\u00edtiques, all\u00f2 que busquen: el tancament en tots els camps, des de l\u2019econ\u00f2mic fins al social. I aquesta no \u00e9s la f\u00f3rmula per encarar el futur. <\/p>\n<p>O tenim una Europa forta que pugui decidir, segon verb del t\u00edtol d\u2019aquest article, o qui continuar\u00e0 decidint per nosaltres s\u00f3n les grans corporacions, els interessos d\u2019uns pocs per damunt dels dels ciutadans.<\/p>\n","protected":false},"excerpt":{"rendered":"<p>Votar i decidir \u00e9s all\u00f2 que podrem tornar a fer el proper dia 25 de maig. Sortosament, des de 1977 ho hem fet en m\u00e9s de 30 ocasions. Ho dic per aquells que sembla que ens volen fer creure que &hellip; <a href=\"https:\/\/blocs.tinet.cat\/xaviersabate\/2014\/04\/22\/volem-votar-i-decidir\/\">Continua llegint <span class=\"meta-nav\">&rarr;<\/span><\/a><\/p>\n","protected":false},"author":69,"featured_media":0,"comment_status":"open","ping_status":"open","sticky":false,"template":"","format":"standard","meta":{"footnotes":""},"categories":[1],"tags":[],"class_list":["post-430","post","type-post","status-publish","format-standard","hentry","category-general"],"_links":{"self":[{"href":"https:\/\/blocs.tinet.cat\/xaviersabate\/wp-json\/wp\/v2\/posts\/430","targetHints":{"allow":["GET"]}}],"collection":[{"href":"https:\/\/blocs.tinet.cat\/xaviersabate\/wp-json\/wp\/v2\/posts"}],"about":[{"href":"https:\/\/blocs.tinet.cat\/xaviersabate\/wp-json\/wp\/v2\/types\/post"}],"author":[{"embeddable":true,"href":"https:\/\/blocs.tinet.cat\/xaviersabate\/wp-json\/wp\/v2\/users\/69"}],"replies":[{"embeddable":true,"href":"https:\/\/blocs.tinet.cat\/xaviersabate\/wp-json\/wp\/v2\/comments?post=430"}],"version-history":[{"count":0,"href":"https:\/\/blocs.tinet.cat\/xaviersabate\/wp-json\/wp\/v2\/posts\/430\/revisions"}],"wp:attachment":[{"href":"https:\/\/blocs.tinet.cat\/xaviersabate\/wp-json\/wp\/v2\/media?parent=430"}],"wp:term":[{"taxonomy":"category","embeddable":true,"href":"https:\/\/blocs.tinet.cat\/xaviersabate\/wp-json\/wp\/v2\/categories?post=430"},{"taxonomy":"post_tag","embeddable":true,"href":"https:\/\/blocs.tinet.cat\/xaviersabate\/wp-json\/wp\/v2\/tags?post=430"}],"curies":[{"name":"wp","href":"https:\/\/api.w.org\/{rel}","templated":true}]}}