{"id":428,"date":"2014-04-21T23:10:43","date_gmt":"2014-04-21T23:10:43","guid":{"rendered":"https:\/\/blocs.tinet.cat\/xaviersabate\/?p=428"},"modified":"2014-04-21T23:10:43","modified_gmt":"2014-04-21T23:10:43","slug":"quin-embolic-sr-mas","status":"publish","type":"post","link":"https:\/\/blocs.tinet.cat\/xaviersabate\/2014\/04\/21\/quin-embolic-sr-mas\/","title":{"rendered":"Quin embolic, sr. Mas"},"content":{"rendered":"<p>Sr. Mas, vost\u00e8 ha anat de mal en pitjor i de pas ens hi ha fet anar a tot el pa\u00eds. Al debat de pol\u00edtica general de 2012 vaig tenir l\u2019honor de debatre amb vost\u00e8 en nom del Grup del PSC al Parlament. Llavors v\u00e0rem confrontar els dos models de catalanisme que a mi m\u2019interessa posar en clar sempre i que vost\u00e8 sempre vol amagar: el seu, que nom\u00e9s parla de la p\u00e0tria i el d\u2019esquerres que parlem de les persones que l\u2019habiten. Fins i tot li vaig fer notar quantes vegades en el seu llarg discurs havia esmentat els ciutadans i el pa\u00eds. Era escandalosa la difer\u00e8ncia. Catalunya, m\u00e9s de cent, cata\u00aclans, dues. Per cert, la paraula dones, zero.<\/p>\n<p>Mentrestant, de llavors en\u00e7\u00e0, Catalunya s\u2019ha anat fragmentant de forma pregona. I no nom\u00e9s per la q\u00fcesti\u00f3 de les relacions de Catalunya amb la resta d\u2019Espanya sin\u00f3 perqu\u00e8 Catalunya s\u2019ha anat escindint en dues parts, en un pa\u00eds de dues velo\u00accitats: una cada cop amb menys gent pot aanr tirant; l\u2019altra, cada cop m\u00e9s majorit\u00e0ria, t\u00e9 poques o cap possibilitat d\u2019exercir la sobirania. Llavors, com diu el meu alcalde de Tarragona, Josep F\u00e8lix Ballesteros, de quina sobirania hem de parlar, President ? La de la p\u00e0tria o la de les persones ? I a continuaci\u00f3 afegim que primer \u00e9s la dels homes i dones que viuen a la p\u00e0tria i a continuaci\u00f3 o, si vost\u00e8 vol, paral.lelament, la de la naci\u00f3. Per\u00f2 no la segona sense la primera. <\/p>\n<p>Per aix\u00f2 el nostre catalanisme porta afegit un adjectiu i aquest \u00e9s la paraula \u201csocial\u201d. I en un m\u00f3n d\u2019interdepend\u00e8ncies, volem organitzar-ho tot a partir d\u2019aquesta prioritat i nom\u00e9s aix\u00ed farem gran Catalunya perqu\u00e8 podrem dir-ho que ho \u00e9s si els seus homes i dones tenen una vida digna i amb possibilitats de destacar al m\u00f3n.<br \/>\nPer\u00f2 vet aqu\u00ed que vost\u00e8, en una conjuntura de crisi tan dif\u00edcil com l\u2019actual, s\u2019ha entestat en posar-ho m\u00e9s dif\u00edcil. L\u2019episodi lamentable d\u2019aquesta setmana en qu\u00e8 al Congr\u00e9s dels Diputats en qu\u00e8 els catalans no hem comptat amb la pres\u00e8ncia de vost\u00e8 que \u00e9s la m\u00e0xima representaci\u00f3 del pa\u00eds, \u00e9s una anella m\u00e9s de la cadena del desprestigi que vost\u00e8 representa de Catalunya. Recordo els ses predecessors i em sap molt de greu dir-li que no hi ha color: bon estil, prestigi, dignitat, valor, feina ben feta, tenacitat, altura de mires. Qu\u00e8 pot aportar vost\u00e8 ja en el tercer any de la seva presid\u00e8ncia ?<\/p>\n<p>Mentre escric aquestes l\u00ednies escolto un dels seus representants dient que si el Govern espanyol t\u00e9 una proposta estan vost\u00e8s disposats a escoltar-la i modificar la pregunta que van anunciar unilateralment i sense buscar el consens al menys amb totes les forces pol\u00edtiques catalanistes. I miri que durant segles s\u2019ha dit que la unitat dels catalans \u00e9s la nostra arma m\u00e9s valuosa. Doncs si \u00e9s cert que estan disposats a modificar la pregunta de la consulta, perqu\u00e8 no mira de fer una pregunta legal que no pugui ser impugnada com li han recomanat ja altres col.legues meus com els alcaldes de Palafrugell Juli Fern\u00e0ndez o el de Tarragona Josep F\u00e8lix Ballesteros, prestigiosos comentaristes com Xavier Vidal Folch o fins i tot membres de la seva coalici\u00f3 ?<\/p>\n<p>Sr. Mas, volem votar per\u00f2 cada acci\u00f3 seva dificulta m\u00e9s la possibilitat de fer-ho; els qui creiem que Catalunya \u00e9s subjecte pol\u00edtic encara que no ho reconegui la Constituci\u00f3, volem que el poble de Catalunya es pugui pronunciar i li demanem que faci els possibles per fer-ho possible, no els impossibles per impedir-ho.<\/p>\n<p>I volem que el poble de Catalunya consideri el Federalisme perqu\u00e8 entre quedar-nos com ara i la seva opci\u00f3 que respectem per\u00f2 que no compartim per infinitament m\u00e9s dif\u00edcil i pels costos que comportaria, estem segurs que milions de catalans i catalanes tamb\u00e9 la prefereixen. Pere Navarro ha aconseguit que a l&#8217;altra banda del S\u00e8nia ja hi hagi molta gent que ho consideri i ho impulsi. Menystindr\u00e0 aquesta oportunitat ? O no en vol sentir ni parlar com em temo ?<\/p>\n<p>I perqu\u00e8 es pot aconseguir per la via de la exig\u00e8ncia ferma per\u00f2 finalment, del pacte. Joan Revent\u00f3s deia que el pacte \u00e9s la forma primordial de fer pol\u00edtica, el m\u00e8tode per promoure un projecte col\u2022lectiu ben articulat i la via per resoldre els conflictes en els proces\u00acsos de transformaci\u00f3 social.<\/p>\n<p>I en aquesta hora en qu\u00e8 una de les nostre principals ONG,s com la Creu Roja qualifica la situaci\u00f3 del nostre pa\u00eds com de \u00abdesafiament humanitari\u00bb, com als pa\u00efsos amb conflictes greus. Catalunya es fractura socialment, cada cop m\u00e9s; amb una elit que no t\u00e9 proble\u00acmes i amb unes classes mitjanes i treballadores que ho van tenint pitjor.<\/p>\n<p>Per una Catalunya social, President, reflexioni. Hem demostrat sobradament els socialistes que sabem posar per damunt dels nostres interessos els de la nostra gent que s\u00f3n els de Catalunya: el retorn del President Tarradellas, la restauraci\u00f3 de la Generalitat, l\u2019aprovaci\u00f3 dels dos estatuts o altres acords de les darrers setmanes \u2013 turisme o ind\u00fastria &#8211; que un partit tan menystingut pel govern com ara ho est\u00e0 essent el PSC dif\u00edcilment s\u2019hi prestaria. Li demanem a vost\u00e8, en lloc d\u2019embolicar cada cop m\u00e9s la situaci\u00f3, altura de mires i sentit de pa\u00eds.<\/p>\n","protected":false},"excerpt":{"rendered":"<p>Sr. Mas, vost\u00e8 ha anat de mal en pitjor i de pas ens hi ha fet anar a tot el pa\u00eds. Al debat de pol\u00edtica general de 2012 vaig tenir l\u2019honor de debatre amb vost\u00e8 en nom del Grup del &hellip; <a href=\"https:\/\/blocs.tinet.cat\/xaviersabate\/2014\/04\/21\/quin-embolic-sr-mas\/\">Continua llegint <span class=\"meta-nav\">&rarr;<\/span><\/a><\/p>\n","protected":false},"author":69,"featured_media":0,"comment_status":"open","ping_status":"open","sticky":false,"template":"","format":"standard","meta":{"footnotes":""},"categories":[1],"tags":[],"class_list":["post-428","post","type-post","status-publish","format-standard","hentry","category-general"],"_links":{"self":[{"href":"https:\/\/blocs.tinet.cat\/xaviersabate\/wp-json\/wp\/v2\/posts\/428","targetHints":{"allow":["GET"]}}],"collection":[{"href":"https:\/\/blocs.tinet.cat\/xaviersabate\/wp-json\/wp\/v2\/posts"}],"about":[{"href":"https:\/\/blocs.tinet.cat\/xaviersabate\/wp-json\/wp\/v2\/types\/post"}],"author":[{"embeddable":true,"href":"https:\/\/blocs.tinet.cat\/xaviersabate\/wp-json\/wp\/v2\/users\/69"}],"replies":[{"embeddable":true,"href":"https:\/\/blocs.tinet.cat\/xaviersabate\/wp-json\/wp\/v2\/comments?post=428"}],"version-history":[{"count":0,"href":"https:\/\/blocs.tinet.cat\/xaviersabate\/wp-json\/wp\/v2\/posts\/428\/revisions"}],"wp:attachment":[{"href":"https:\/\/blocs.tinet.cat\/xaviersabate\/wp-json\/wp\/v2\/media?parent=428"}],"wp:term":[{"taxonomy":"category","embeddable":true,"href":"https:\/\/blocs.tinet.cat\/xaviersabate\/wp-json\/wp\/v2\/categories?post=428"},{"taxonomy":"post_tag","embeddable":true,"href":"https:\/\/blocs.tinet.cat\/xaviersabate\/wp-json\/wp\/v2\/tags?post=428"}],"curies":[{"name":"wp","href":"https:\/\/api.w.org\/{rel}","templated":true}]}}