{"id":382,"date":"2013-11-13T16:13:04","date_gmt":"2013-11-13T16:13:04","guid":{"rendered":"https:\/\/blocs.tinet.cat\/xaviersabate\/?p=382"},"modified":"2013-11-13T16:13:04","modified_gmt":"2013-11-13T16:13:04","slug":"el-parlament-aprova-que-el-govern-prevegi-els-efectes-de-bcn-world","status":"publish","type":"post","link":"https:\/\/blocs.tinet.cat\/xaviersabate\/2013\/11\/13\/el-parlament-aprova-que-el-govern-prevegi-els-efectes-de-bcn-world\/","title":{"rendered":"El Parlament aprova que el Govern prevegi els efectes de Bcn World"},"content":{"rendered":"<p>Aquest \u00e9s el redactat finalment aprovat de la Proposta de Resoluci\u00f3 del PSC sobre Bcn World a la Comissi\u00f3 d\u2019Empresa i Ocupaci\u00f3 \u00e1vui 13 de novembre de 2013: <\/p>\n<p>El Parlament de Catalunya insta el Govern a <\/p>\n<p>Realitzar, mitjan\u00e7ant els departaments correspo\u00acnents, els estudis necessaris per a preveure, amb an\u00actelaci\u00f3 suficient, les noves necessitats que es derivaran de la implantaci\u00f3 del projecte de Barcelona World.<\/p>\n<p>Impulsar els mecanismes adients per a facilitar la informaci\u00f3 i participaci\u00f3 dels Agents Econ\u00f2mics i So\u00accials, de les Entitats i Organismes competents i de les Administracions P\u00fabliques de la Costa Daurada, en l\u2019an\u00e0lisi de l\u2019impacte del projecte Barcelona World, en la conformaci\u00f3 de la nova demanda i en la planifi\u00accaci\u00f3 del futur del sector tur\u00edstic a la Costa Daurada.\u00bb<\/p>\n<p>Aquest acord ve a pal.liar les car\u00e8ncies que el Govern de la Generalitat havia mantingut en aquest tema des de l\u2019inici perqu\u00e8 \u201c el Projecte de Barcelona World requereix una an\u00e0lisi acurada per tal de preveu-re amb antelaci\u00f3 l\u2019adaptaci\u00f3 del territori a la nova situaci\u00f3. Aix\u00ed, l\u2019increment de la poblaci\u00f3 requerir\u00e0 que es pre\u00acvegin serveis sanitaris, educatius i de formaci\u00f3 professional i en particular, de seguretat, de provisi\u00f3 de ser\u00acveis d\u2019energia, d\u2019aigua, de tractament de residus.<\/p>\n<p>Al mateix temps, la nova oferta tur\u00edstica requerir\u00e0 preveure i planificar a mig i llarg termini el futur del sector a la Costa Daurada.<\/p>\n","protected":false},"excerpt":{"rendered":"<p>Aquest \u00e9s el redactat finalment aprovat de la Proposta de Resoluci\u00f3 del PSC sobre Bcn World a la Comissi\u00f3 d\u2019Empresa i Ocupaci\u00f3 \u00e1vui 13 de novembre de 2013: El Parlament de Catalunya insta el Govern a Realitzar, mitjan\u00e7ant els departaments &hellip; <a href=\"https:\/\/blocs.tinet.cat\/xaviersabate\/2013\/11\/13\/el-parlament-aprova-que-el-govern-prevegi-els-efectes-de-bcn-world\/\">Continua llegint <span class=\"meta-nav\">&rarr;<\/span><\/a><\/p>\n","protected":false},"author":69,"featured_media":0,"comment_status":"open","ping_status":"open","sticky":false,"template":"","format":"standard","meta":{"footnotes":""},"categories":[1],"tags":[],"class_list":["post-382","post","type-post","status-publish","format-standard","hentry","category-general"],"_links":{"self":[{"href":"https:\/\/blocs.tinet.cat\/xaviersabate\/wp-json\/wp\/v2\/posts\/382","targetHints":{"allow":["GET"]}}],"collection":[{"href":"https:\/\/blocs.tinet.cat\/xaviersabate\/wp-json\/wp\/v2\/posts"}],"about":[{"href":"https:\/\/blocs.tinet.cat\/xaviersabate\/wp-json\/wp\/v2\/types\/post"}],"author":[{"embeddable":true,"href":"https:\/\/blocs.tinet.cat\/xaviersabate\/wp-json\/wp\/v2\/users\/69"}],"replies":[{"embeddable":true,"href":"https:\/\/blocs.tinet.cat\/xaviersabate\/wp-json\/wp\/v2\/comments?post=382"}],"version-history":[{"count":0,"href":"https:\/\/blocs.tinet.cat\/xaviersabate\/wp-json\/wp\/v2\/posts\/382\/revisions"}],"wp:attachment":[{"href":"https:\/\/blocs.tinet.cat\/xaviersabate\/wp-json\/wp\/v2\/media?parent=382"}],"wp:term":[{"taxonomy":"category","embeddable":true,"href":"https:\/\/blocs.tinet.cat\/xaviersabate\/wp-json\/wp\/v2\/categories?post=382"},{"taxonomy":"post_tag","embeddable":true,"href":"https:\/\/blocs.tinet.cat\/xaviersabate\/wp-json\/wp\/v2\/tags?post=382"}],"curies":[{"name":"wp","href":"https:\/\/api.w.org\/{rel}","templated":true}]}}