{"id":361,"date":"2013-10-02T09:10:13","date_gmt":"2013-10-02T09:10:13","guid":{"rendered":"https:\/\/blocs.tinet.cat\/xaviersabate\/?p=361"},"modified":"2013-10-02T09:10:48","modified_gmt":"2013-10-02T09:10:48","slug":"nova-peticio-de-dimissio-del-director-general-de-la-polica","status":"publish","type":"post","link":"https:\/\/blocs.tinet.cat\/xaviersabate\/2013\/10\/02\/nova-peticio-de-dimissio-del-director-general-de-la-polica\/","title":{"rendered":"Nova petici\u00f3 de dimissi\u00f3 del Director General de la Policia"},"content":{"rendered":"<div id=\"attachment_362\" style=\"width: 310px\" class=\"wp-caption aligncenter\"><a href=\"https:\/\/blocs.tinet.cat\/xaviersabate\/files\/2013\/10\/manelprat.jpg\"><img loading=\"lazy\" decoding=\"async\" aria-describedby=\"caption-attachment-362\" src=\"https:\/\/blocs.tinet.cat\/xaviersabate\/files\/2013\/10\/manelprat-300x182.jpg\" alt=\"\" width=\"300\" height=\"182\" class=\"size-medium wp-image-362\" srcset=\"https:\/\/blocs.tinet.cat\/xaviersabate\/files\/2013\/10\/manelprat-300x182.jpg 300w, https:\/\/blocs.tinet.cat\/xaviersabate\/files\/2013\/10\/manelprat.jpg 560w\" sizes=\"auto, (max-width: 300px) 100vw, 300px\" \/><\/a><p id=\"caption-attachment-362\" class=\"wp-caption-text\">Manel Prat a la compareixen\u00e7a al Parlament<\/p><\/div>\n<p>El Grup Parlamentari del PSC al Parlament de Catalunya v\u00e0rem exigir ahir, novament, la dimissi\u00f3 al Director General dels Mossos Manel Prat en el marc de la sessi\u00f3 de la Comissi\u00f3 d&#8217;Estudi dels Models de Seguretat i Ordre P\u00fablic i de l&#8217;\u00das de Material Antiavalots en Esdeveniments de Masses.<br \/>\nAteses les diverses i successives versions que el Director General ha donat sobre el cas d\u2019Esther Quintana el 14 de Novembre de 2012, o el director General ha mentit reiteradament o no sap qu\u00e8 passa a la policia catalana i en concret a la secci\u00f3 de la BRIMO ( Brigada M\u00f2bil ). Tan greu \u00e9s una cosa com l\u2019altra i per aix\u00f2 hauria de dimitir .<\/p>\n<p>Com es pot justificar tantes versions diferents que ha proporcionat el propi Departament ? Per qu\u00e8 no han pensat en la desconfian\u00e7a que han generat ? <\/p>\n<p>Per qu\u00e8 no han pensat en l\u2019afectada sra. Esther Quintana que requereix una explicaci\u00f3 i una compensaci\u00f3 en forma d\u2019assumpci\u00f3 de responsabilitats ? Com no han reflexionat en el deteriorament de la imatge del cos de Mossos d\u2019Esquadra que tamb\u00e9 \u00e9s molt preocupant ?<\/p>\n<p>\u00c9s sorprenent que quan li hem preguntat si sap realment qu\u00e8 va passar despr\u00e8s de tants mesos, el Director General hagi respost que no. Llavors \u00e9s evident que un Director General de la Policia del meu pa\u00eds ha de dimitir.<\/p>\n<p>Des del grup parlamentari del PSC considerarem seriosament la reprovaci\u00f3 del Director General en el cas que s\u2019entesti en no dimitir o el Conseller Espadaler no el substitueixi tal com ja hauria d\u2019haver fet tant ell com l\u2019anterior Felip Puig, responsable del Departament quan van succeir els fets i va negar amb rotunditat cap responsabilitat en la p\u00e8rdua de l\u2019ull de la sra. Quintana<\/p>\n","protected":false},"excerpt":{"rendered":"<p>El Grup Parlamentari del PSC al Parlament de Catalunya v\u00e0rem exigir ahir, novament, la dimissi\u00f3 al Director General dels Mossos Manel Prat en el marc de la sessi\u00f3 de la Comissi\u00f3 d&#8217;Estudi dels Models de Seguretat i Ordre P\u00fablic i &hellip; <a href=\"https:\/\/blocs.tinet.cat\/xaviersabate\/2013\/10\/02\/nova-peticio-de-dimissio-del-director-general-de-la-polica\/\">Continua llegint <span class=\"meta-nav\">&rarr;<\/span><\/a><\/p>\n","protected":false},"author":69,"featured_media":0,"comment_status":"open","ping_status":"open","sticky":false,"template":"","format":"standard","meta":{"footnotes":""},"categories":[1],"tags":[],"class_list":["post-361","post","type-post","status-publish","format-standard","hentry","category-general"],"_links":{"self":[{"href":"https:\/\/blocs.tinet.cat\/xaviersabate\/wp-json\/wp\/v2\/posts\/361","targetHints":{"allow":["GET"]}}],"collection":[{"href":"https:\/\/blocs.tinet.cat\/xaviersabate\/wp-json\/wp\/v2\/posts"}],"about":[{"href":"https:\/\/blocs.tinet.cat\/xaviersabate\/wp-json\/wp\/v2\/types\/post"}],"author":[{"embeddable":true,"href":"https:\/\/blocs.tinet.cat\/xaviersabate\/wp-json\/wp\/v2\/users\/69"}],"replies":[{"embeddable":true,"href":"https:\/\/blocs.tinet.cat\/xaviersabate\/wp-json\/wp\/v2\/comments?post=361"}],"version-history":[{"count":0,"href":"https:\/\/blocs.tinet.cat\/xaviersabate\/wp-json\/wp\/v2\/posts\/361\/revisions"}],"wp:attachment":[{"href":"https:\/\/blocs.tinet.cat\/xaviersabate\/wp-json\/wp\/v2\/media?parent=361"}],"wp:term":[{"taxonomy":"category","embeddable":true,"href":"https:\/\/blocs.tinet.cat\/xaviersabate\/wp-json\/wp\/v2\/categories?post=361"},{"taxonomy":"post_tag","embeddable":true,"href":"https:\/\/blocs.tinet.cat\/xaviersabate\/wp-json\/wp\/v2\/tags?post=361"}],"curies":[{"name":"wp","href":"https:\/\/api.w.org\/{rel}","templated":true}]}}