{"id":357,"date":"2013-08-26T15:14:38","date_gmt":"2013-08-26T15:14:38","guid":{"rendered":"https:\/\/blocs.tinet.cat\/xaviersabate\/?p=357"},"modified":"2013-08-26T15:38:47","modified_gmt":"2013-08-26T15:38:47","slug":"aixo-no-antonio-balmon","status":"publish","type":"post","link":"https:\/\/blocs.tinet.cat\/xaviersabate\/2013\/08\/26\/aixo-no-antonio-balmon\/","title":{"rendered":"Aix\u00f2 no, Antonio Balmon"},"content":{"rendered":"<p>Al PSC no sobra ning\u00fa. Falta m\u00e9s disposici\u00f3 a seguir un mateix cam\u00ed i un mateix discurs per\u00f2 no sobra ning\u00fa. Falta m\u00e9s ganes de parlar de Catalunya i dels catalans perqu\u00e8 el PSC no \u00e9s m\u00e9s que un instrument com ho s\u00f3n tots els partits.<\/p>\n<p>Sobren \u2013 o s\u00f3n incomplerts &#8211; articles de gent del PSC que no parlen de les pitjors depend\u00e8ncies com s\u00f3n la falta de feina, la pobresa, la de l\u2019energia, la dels preus dels aliments, la de la desigualtat en accedir a l\u2019educaci\u00f3 obligat\u00f2ria i universit\u00e0ria, la de la gent jove sense autonomia i la de la gent gran, la de la investigaci\u00f3 i la de la seguretat \u2013 espionatges USA i terrorisme internacional inclosos, eh ? &#8211; , la de la crisi de la ind\u00fastria i de la pagesia, la dels drets de les dones que van en regressi\u00f3 a cada crisi, la de l\u2019ecologia o la crisi clim\u00e0tica. <\/p>\n<p>\u00c9s a dir, de totes les depend\u00e8ncies que alguns ens volen fer creure que no cal parlar-ne perqu\u00e8 ja els va b\u00e9, en s\u00f3n c\u00f2mplices i les volen mantenir; o que altres de bona fe creuen que si un dia Catalunya \u00e9s independent administrativament d\u2019Espanya les tindrem solucionades mentre que nosaltres estem conven\u00e7uts que ja ara en aix\u00f2 que anomenen \u201cel proc\u00e9s \u201d en lloc de reduir-se, s\u2019estan augmentant i s\u2019incrementaran encara m\u00e9s. \u00c9s a dir, serem m\u00e9s dependents del que ens est\u00e0 fent el capitalisme  que volia refundar Sarkozy el 2008, el govern d\u2019Espanya del PP i el de CiU i ERC a Catalunya. Per\u00f2 a mi no m\u2019enreden. Joan Fuster ja va substituir all\u00f2 de Josep Pau Ballot al final de la seva gram\u00e0tica en catal\u00e0 (1815) \u201cpuix parla en catal\u00e0 D\u00e9u li\u2019n do gl\u00f2ria\u201d per all\u00f2 m\u00e9s ajustat a la realitat \u201c puix parla en catal\u00e0 vejam a veure qu\u00e8 diu \u201c<\/p>\n<p>Per tant, avui al PSC no podem escriure cap article sense parlar d\u2019aquestes depend\u00e8ncies per\u00f2 tampoc no en podem fer cap sense defensar aferrissadament el dret a decidir del que som \u2013 o no ? \u2013 partidaris. Jo vaig ser el primer dirigent del PSC \u2013 llavors ho era &#8211; que el passat quatre de setembre de 2012 el va defensar als matins de TV3 i continuo pensant que \u00e9s compatible i necessari defensar aquest principi amb la nostra opci\u00f3 federal; perqu\u00e8 no serem cre\u00efbles d\u2019aquesta si no defensem primer aquell.<\/p>\n<p>Sobren desqualificacions per totes bandes avui a Catalunya. Aquests darrers dies alguns &#8211; Montserrat Capdevila i un servidor especialment &#8211; hem patit de totes mides insults tan barroers que m\u2019han fet recordar un dels millors versos de Dante a la Com\u00e8dia \u201c ed elli avea del cul fatto trombetta \u201c Si critiques a aquest Govern que patim avui a Catalunya ja ets sospit\u00f3s, miserable i in\u00fatil, botifler i tra\u00efdor per un tweet en qu\u00e8 li retreia la seva inoper\u00e0ncia i passivitat i deia que es dedicava a organitzar la cadena. No s\u00e9 si va ser afortunat el final del raonament, per\u00f2 aquest \u00e9s un govern que ja porta tres anys i no pot exhibir m\u00e9s que minva en la qualitat i  agilitat en la prestaci\u00f3 dels serveis p\u00fablics, frustraci\u00f3, empobriment dels catalans i divisi\u00f3 fins al punt que ja ni la nostra bandera \u00e9s senyal d\u2019unitat perqu\u00e8 si vols ser bon catal\u00e0 has de lluir-ne una altra.  <\/p>\n<p>Alguns venen ara cridant quan els esper\u00e0vem en la creaci\u00f3 de la primera escola catalana a Tarragona quan encara era viu el dictador, quan corr\u00edem sense ganes, quan fund\u00e0rem el primer sindicat de treballadors de l\u2019ensenyament unitari de Catalunya, quan cant\u00e0vem als Orfeons i era una acci\u00f3 de catalanitat, quan pos\u00e0vem diners a terminis per fundar publicacions en catal\u00e0 o quan ens f\u00e8iem socis &#8211; i encara ho som \u2013 d\u2019Omnium Cultural, s\u00ed , aquesta entitat que organitza la Via Catalana iniciativa que respecto profundament encara que no la comparteixi i encara que aquests dies alguns forassenyats s\u2019hagin proposat enfrontar-m\u2019hi maldestrament. Aquest Omnium del qual no em d\u00f3no de baixa perqu\u00e8 malgrat que ara s\u2019ha convertit en una eina al servei del Govern, algun dia haur\u00e0 de recuperar el seu esperit fundacional que continuar\u00e0 essent necessari.<\/p>\n<p>A mi tampoc no m\u2019agrada darrerament la posici\u00f3 ni els articles massa parcials de la nostra realitat del company Quim Nadal, ni crec que faci cap favor al partit ni tan sols a aquells que ara l\u2019aplaudeixen i fa quatre dies \u2013 i ara en privat estic segur que tamb\u00e9 \u2013 el denigraven. Per\u00f2 no li hem de dir que sobra. En Quim, com a bon deixeble de Jaume Vicen\u00e7 Vives segur que subscriu la tesi que Vives desenvolupa a Not\u00edcia de Catalunya en el sentit que all\u00f2 que queda,  finalment, com a caracter\u00edstiques m\u00e9s definit\u00f2ries de la personalitat catalana s\u00f3n el seny  traslladat del m\u00f3n rural a l\u2019urb\u00e0 i re-definit, la idea de pacte, d\u2019origen feudal, per\u00f2 adaptada amb posterioritat a las circumst\u00e0ncies pol\u00edtiques, tamb\u00e9 com a comprom\u00eds de solidaritat. <\/p>\n<p>Tampoc no m\u2019agraden les sortides de to, les aparicions a la premsa abans del debat intern ni les discrep\u00e0ncies en p\u00fablic \u2013 impr\u00f2pies si ets a la direcci\u00f3 &#8211; amb Pere Navarro que va confegir una direcci\u00f3 plural i unit\u00e0ria que no es comporta com voldr\u00edem els afiliats  i \u00e9s necessari en qualsevol projecte col.lectiu. Un Pere Navarro que ha aconseguit en pocs mesos capgirar les relacions amb el PSOEi la seva visi\u00f3 d\u2019Espanya. Que es rectifiqui, doncs, el que calgui per\u00f2 que no marxi ning\u00fa.<\/p>\n<p>Molta gent  ignora que Rafael Campalans, il.lustre socialista que d\u00f3na nom a la nostra Fundaci\u00f3, va provocar una escissi\u00f3 amb el PSOE per fundar la Uni\u00f3 Socialista de Catalunya deu anys abans de la seva mort \u2013aquests dies fa vuitanta anys a Torredembarra \u2013 encara que aquell mateix any de 1933 volien tornar a restablir relacions amb el socialisme espanyol i no ho  aconseguiren.<\/p>\n<p>Per tant, no sobren, Antonio, companys al PSC. Falta, aix\u00f2 s\u00ed que es recuperi l\u2019esperit col.lectiu per sobre de l\u2019afany de notorietat individual i que cadasc\u00fa pensi que el PSC no \u00e9s m\u00e9s que un instrument al servei dels catalans i les catalanes i que nom\u00e9s a ells i elles ha de servir. Sobren articles com el teu que aparten i menystenen a qui treballa i lluita honestament per assolir el millor pels catalans i les catalanes. <\/p>\n<p>Perqu\u00e8 ning\u00fa no t\u00e9 la veritat o, si tu vols, tothom en t\u00e9 una part. \u00c9s massa el que ens juguem i quan hagi passat el 2014 i es vegi que no s\u2019ha fet cap consulta perqu\u00e8 al pas que anem i que ens porta aquest govern no se\u2019n far\u00e0 cap, els catalans i les catalanes tindrem nous problemes afegits i noves depend\u00e8ncies i crisis per resoldre. Llavors, tornant a la Com\u00e8dia &#8211; comen\u00e7ament del cant VIII de l\u2019infern &#8211; haurem de dir \u201c Io dico, seguitando&#8230; \u201c. Joan Francesc Mira comenta en la fant\u00e0stica traducci\u00f3 de l\u2019obra que Dante marca amb aquest vers un punt i apart. Fray Lu\u00eds de Le\u00f3n encara ho va fer m\u00e9s curt: \u201c Dec\u00edamos ayer \u201c. Em temo que l\u20191 de gener de 2015 Catalunya haur\u00e0 de fer un punt i a part i haurem d&#8217;arromangar-nos perqu\u00e8 ens necessitar\u00e0 m\u00e9s que mai a tots i a totes per construir una nova Catalunya amb unes noves relacions amb Espanya, m\u00e9s lliure i solid\u00e0ria, amb m\u00e9s igualtat d\u2019oportunitats per tothom i que contribueixi al progr\u00e9s de la Humanitat. <\/p>\n<p>Espero que ens hi trobem molts i moltes perqu\u00e8, contr\u00e0riament a all\u00f2 que alguns venen, la tasca ser\u00e0 molt per\u00f2 que molt feixuga. Per\u00f2, com sempre, apassionant.<\/p>\n","protected":false},"excerpt":{"rendered":"<p>Al PSC no sobra ning\u00fa. Falta m\u00e9s disposici\u00f3 a seguir un mateix cam\u00ed i un mateix discurs per\u00f2 no sobra ning\u00fa. Falta m\u00e9s ganes de parlar de Catalunya i dels catalans perqu\u00e8 el PSC no \u00e9s m\u00e9s que un instrument &hellip; <a href=\"https:\/\/blocs.tinet.cat\/xaviersabate\/2013\/08\/26\/aixo-no-antonio-balmon\/\">Continua llegint <span class=\"meta-nav\">&rarr;<\/span><\/a><\/p>\n","protected":false},"author":69,"featured_media":0,"comment_status":"open","ping_status":"open","sticky":false,"template":"","format":"standard","meta":{"footnotes":""},"categories":[1],"tags":[],"class_list":["post-357","post","type-post","status-publish","format-standard","hentry","category-general"],"_links":{"self":[{"href":"https:\/\/blocs.tinet.cat\/xaviersabate\/wp-json\/wp\/v2\/posts\/357","targetHints":{"allow":["GET"]}}],"collection":[{"href":"https:\/\/blocs.tinet.cat\/xaviersabate\/wp-json\/wp\/v2\/posts"}],"about":[{"href":"https:\/\/blocs.tinet.cat\/xaviersabate\/wp-json\/wp\/v2\/types\/post"}],"author":[{"embeddable":true,"href":"https:\/\/blocs.tinet.cat\/xaviersabate\/wp-json\/wp\/v2\/users\/69"}],"replies":[{"embeddable":true,"href":"https:\/\/blocs.tinet.cat\/xaviersabate\/wp-json\/wp\/v2\/comments?post=357"}],"version-history":[{"count":0,"href":"https:\/\/blocs.tinet.cat\/xaviersabate\/wp-json\/wp\/v2\/posts\/357\/revisions"}],"wp:attachment":[{"href":"https:\/\/blocs.tinet.cat\/xaviersabate\/wp-json\/wp\/v2\/media?parent=357"}],"wp:term":[{"taxonomy":"category","embeddable":true,"href":"https:\/\/blocs.tinet.cat\/xaviersabate\/wp-json\/wp\/v2\/categories?post=357"},{"taxonomy":"post_tag","embeddable":true,"href":"https:\/\/blocs.tinet.cat\/xaviersabate\/wp-json\/wp\/v2\/tags?post=357"}],"curies":[{"name":"wp","href":"https:\/\/api.w.org\/{rel}","templated":true}]}}