{"id":305,"date":"2013-03-27T10:52:20","date_gmt":"2013-03-27T10:52:20","guid":{"rendered":"https:\/\/blocs.tinet.cat\/xaviersabate\/?p=305"},"modified":"2013-03-30T17:18:10","modified_gmt":"2013-03-30T17:18:10","slug":"crt-o-la-irresponsabilitat-del-govern","status":"publish","type":"post","link":"https:\/\/blocs.tinet.cat\/xaviersabate\/2013\/03\/27\/crt-o-la-irresponsabilitat-del-govern\/","title":{"rendered":"CRT o la irresponsabilitat del Govern"},"content":{"rendered":"<p>Fa m\u00e9s d\u2019un any que va finir el per\u00edode de vig\u00e8ncia del Consorci Recreatiu i Tur\u00edstic (CRT) format pels ajuntaments de Salou i de Vila-seca i la Generalitat que el presideix a trav\u00e9s del Conseller d\u2019Economia. Aquest organisme, en nom dels dos ajuntaments,  \u00e9s l\u2019encarregat de mantenir les relacions administratives de tot tipus amb l\u2019empresa propiet\u00e0ria de Port Aventura i, en el futur molt proper, amb la que posar\u00e0 en marxa el projecte conegut com Barcelona World.<\/p>\n<p>El febrer de 2012 l\u2019ajuntament de Salou va avisar amb temps que volia revisar la repercussi\u00f3 econ\u00f2mica i revisar els estatuts del CRT. Passat un any, davant la passivitat i la incompet\u00e8ncia del Govern de la Generalitat, la principal infraestructura tur\u00edstica de Catalunya es queda sense el govern adient que suposava el Consorci que formaven conjuntament els ajuntaments de Vila-seca i Salou. <\/p>\n<p>Perqu\u00e8 si llavors aqeust darrer ja va deixar d\u2019assistir a les reunions, ara ja ha manifestat la seva decisi\u00f3 de procedir individualment en el futur i no tornar al CRT i, per tant, a partir d\u2019ara cada ajuntament procedir\u00e0 sense tenir en compte l\u2019altre i per tant ser\u00e0 molt m\u00e9s complicat analitzar els problemes comuns i arbitrar les solucions pertinents. <\/p>\n<p>Es far\u00e0 aix\u00ed un flac servei als interessos generals i s\u2019enviar\u00e0 un missatge negatiu als emprenedors i inversors d\u2019aqu\u00ed i de fora respecte a les dificultats per invertir al nostre territori. <\/p>\n<p>I el Govern de la Generalitat que \u00e9s qui presidia el consorci, en lloc de liderar la soluci\u00f3, cridar els alcaldes i arbitrar una soluci\u00f3 que plagu\u00e9s a tots dos ajuntaments, res de res. Va encomanar a una comissi\u00f3 d\u2019experts que busqu\u00e9s algun tipus d\u2019alternativa i es va rentar les mans.<\/p>\n<p>Ara, veu com definitivament marxa Salou i queda liquidat el Consorci, el Govern mira de nou cap a un altre costat i ni tan sols hem sentit que es lamenti de la nova situaci\u00f3 que ja sembla irreversible. <\/p>\n<p>\u00c9s cert que els dos alcaldes tampoc no escapen de les seves responsabilitats i algun d\u2019ells lamentar\u00e0 m\u00e9s que l\u2019altre la seva inflexibilitat vist el resultat final. Ho hauran d\u2019 explicar b\u00e9 als seus convilatans i no s\u00e9 si aquests els entendran.<\/p>\n<p>Per\u00f2 el principal responsable \u00e9s el Govern que hi \u00e9s per resoldre conflictes com aquest, no per delegar la seva soluci\u00f3 en una comissi\u00f3 i despr\u00e9s desentendre\u2019s malgrat que presidia el CRT.<\/p>\n<p>El Conseller Mas-Colell em responia al Parlament just ara fa un any que li feia \u201cvergonya que estimul\u00e9s conflictes locals\u201d quan nom\u00e9s li manifestava la meva preocupaci\u00f3 i la del nostre territori. Dotze mesos despr\u00e9s li podria respondre que a mi em fa vergonya que el Govern de Catalunya hagi estat i encara avui sigui incapa\u00e7 de solucionar les diverg\u00e8ncies de dos alcaldes  i que tot plegat ens hagi deixat sense un Consorci que es va considerar imprescindible \u2013 i encara ho \u00e9s \u2013 per gestionar la principal infrastructura tur\u00edstica de Catalunya que ha d\u2019ampliar ara la seva activitat i que necessita m\u00e9s que mai de la uni\u00f3, de la compet\u00e8ncia i de la intel.lig\u00e8ncia que el Govern de Catalunya no demostra.<\/p>\n<p><em>Publicat al Diari de Tarragna dissabte 30 de mar\u00e7 de 2013<\/em><\/p>\n","protected":false},"excerpt":{"rendered":"<p>Fa m\u00e9s d\u2019un any que va finir el per\u00edode de vig\u00e8ncia del Consorci Recreatiu i Tur\u00edstic (CRT) format pels ajuntaments de Salou i de Vila-seca i la Generalitat que el presideix a trav\u00e9s del Conseller d\u2019Economia. Aquest organisme, en nom &hellip; <a href=\"https:\/\/blocs.tinet.cat\/xaviersabate\/2013\/03\/27\/crt-o-la-irresponsabilitat-del-govern\/\">Continua llegint <span class=\"meta-nav\">&rarr;<\/span><\/a><\/p>\n","protected":false},"author":69,"featured_media":0,"comment_status":"open","ping_status":"open","sticky":false,"template":"","format":"standard","meta":{"footnotes":""},"categories":[1],"tags":[],"class_list":["post-305","post","type-post","status-publish","format-standard","hentry","category-general"],"_links":{"self":[{"href":"https:\/\/blocs.tinet.cat\/xaviersabate\/wp-json\/wp\/v2\/posts\/305","targetHints":{"allow":["GET"]}}],"collection":[{"href":"https:\/\/blocs.tinet.cat\/xaviersabate\/wp-json\/wp\/v2\/posts"}],"about":[{"href":"https:\/\/blocs.tinet.cat\/xaviersabate\/wp-json\/wp\/v2\/types\/post"}],"author":[{"embeddable":true,"href":"https:\/\/blocs.tinet.cat\/xaviersabate\/wp-json\/wp\/v2\/users\/69"}],"replies":[{"embeddable":true,"href":"https:\/\/blocs.tinet.cat\/xaviersabate\/wp-json\/wp\/v2\/comments?post=305"}],"version-history":[{"count":0,"href":"https:\/\/blocs.tinet.cat\/xaviersabate\/wp-json\/wp\/v2\/posts\/305\/revisions"}],"wp:attachment":[{"href":"https:\/\/blocs.tinet.cat\/xaviersabate\/wp-json\/wp\/v2\/media?parent=305"}],"wp:term":[{"taxonomy":"category","embeddable":true,"href":"https:\/\/blocs.tinet.cat\/xaviersabate\/wp-json\/wp\/v2\/categories?post=305"},{"taxonomy":"post_tag","embeddable":true,"href":"https:\/\/blocs.tinet.cat\/xaviersabate\/wp-json\/wp\/v2\/tags?post=305"}],"curies":[{"name":"wp","href":"https:\/\/api.w.org\/{rel}","templated":true}]}}