{"id":233,"date":"2012-11-06T09:48:48","date_gmt":"2012-11-06T09:48:48","guid":{"rendered":"https:\/\/blocs.tinet.cat\/xaviersabate\/?p=233"},"modified":"2012-11-06T09:48:48","modified_gmt":"2012-11-06T09:48:48","slug":"si-hi-ha-alternativa","status":"publish","type":"post","link":"https:\/\/blocs.tinet.cat\/xaviersabate\/2012\/11\/06\/si-hi-ha-alternativa\/","title":{"rendered":"S\u00ed, hi ha alternativa"},"content":{"rendered":"<p>No hi ha alternatives a les mesures que hem hagut d\u2019impulsar\u00bb (una forma fina i perifr\u00e0stica de referir-se a les retallades). \u00abEl d\u00e8ficit p\u00fablic que tenim no ens deixava cap altra opci\u00f3\u00bb. Malgrat que s\u00f3n paraules que perfectament podria haver expressat el senyor Mariano Rajoy, en aquest cas es tracta de les declaracions literals d\u2019Artur Mas en el debat sobre pol\u00edtica general que va servir per posar punt i final als dos anys m\u00e9s eixorcs de la hist\u00f2ria de Catalunya. I \u00e9s que els arguments de CiU i PP sempre coincideixen en el mateix discurs: totes les retallades de serveis, drets i prestacions socials, les pol\u00edtiques orientades a facilitar l\u2019acomiadament dels treballadors i afegir dificultats a la vida quotidiana dels ciutadans s\u00f3n mesures \u00abdif\u00edcils, per\u00f2 lamentablement necess\u00e0ries\u00bb obligades per \u00abl\u2019inesperat\u00bb d\u00e8ficit en qu\u00e8 s\u2019han trobat les administracions p\u00fabliques. Potser la millor definici\u00f3 d\u2019aquesta justificaci\u00f3 \u00e9s la inigualable confessi\u00f3 de Rajoy en plena sessi\u00f3 al Congr\u00e9s dels Diputats: \u00ab \u00bfMe dice usted que a la gente no le gustan los recortes? \u00a1Toma! Pues a m\u00ed tampoco \u00bb.<\/p>\n<p>Doncs b\u00e9, a mi m\u2019agradaria explicar als tarragonins i a les tarragonines que s\u00ed que hi ha alternatives a aquestes pol\u00edtiques de la dreta ultraliberal; i fer-ho amb arguments. Primera realitat, aquestes retallades, lluny de treure\u2019ns de la crisi, ens acosten m\u00e9s al precipici. Aix\u00ed, malgrat els \u00absacrificis necessaris que hem hagut de prendre\u00bb en aquests dos anys de Govern de CiU, el deute p\u00fablic de la Generalitat s\u2019ha disparat passant del 17% del PIB catal\u00e0 (2010) al 22% el 2012, un dels majors increments registrats a la Uni\u00f3 Europea. I per qu\u00e8? Doncs perqu\u00e8 amb les retallades nom\u00e9s s\u2019ha aconseguit accentuar la recessi\u00f3, davallar l\u2019activitat econ\u00f2mica, augmentar l\u2019atur i, per tant, reduir els ingressos de l\u2019Administraci\u00f3. Per als socialistes continuar pel cam\u00ed que ens marquen CiU i PP tan sols agreujar\u00e0 les condicions de vida di\u00e0ria dels ciutadans i facilitar\u00e0 que l\u2019atur continu\u00ef trencant sostres. Estic segur que tothom comparteix aquesta evid\u00e8ncia.<\/p>\n<p>Estem segurs que hi ha alternatives reals a aquestes retallades injustes i, a m\u00e9s, in\u00fatils per fer-nos sortir de la crisi. Quina \u00e9s l\u2019alternativa? Aplicar el sentit com\u00fa i fer que contribueixin m\u00e9s aquells que tenen m\u00e9s riquesa i m\u00e9s recursos. Es pot reduir el d\u00e8ficit augmentant els ingressos de la Generalitat en lloc d\u2019anar fent puntades a les classes populars i mitjanes, als treballadors i als emprenedors, via retallades. Primera mesura que impulsarem els socialistes: recuperar l\u2019impost de successions per a les grans fortunes, cosa que permetr\u00e0 ingressar 300 milions d\u2019euros. Segona, revertir les baixades d\u2019impostos als ciutadans que ingressen m\u00e9s de 120.000 euros l\u2019any i a les grans empreses que facturen m\u00e9s de 150 milions d\u2019euros. Tercera, recuperar l\u2019impost de patrimoni modificant-lo perqu\u00e8 gravi els ciutadans amb un alt nivell de riquesa, etc.<\/p>\n<p>Gr\u00e0cies a totes aquestes iniciatives la Generalitat disposar\u00e0 dels recursos per aconseguir que aquells que tenen reconeguda la renda m\u00ednima d\u2019inserci\u00f3 cobrin aquesta prestaci\u00f3 i no quedin, com passa ara, sense cap ingr\u00e9s econ\u00f2mic abandonats a la seva sort en plena crisi, i no caldr\u00e0 tampoc retallar prestacions als discapacitats, als dependents o als aturats, per posar alguns exemples.<\/p>\n<p>Ens diran que la soluci\u00f3 passa per horitzons lluminosos, els refer\u00e8ndums, \u00ables estructures d\u2019Estat\u00bb i \u00abla terra f\u00e8rtil m\u00e9s enll\u00e0 del pedregar\u00bb. Per\u00f2, mireu, quan us apel\u2022lin al fervor patri\u00f2tic a l\u2019hora de demanar el vot, penseu que el Govern socialista del president Hollande a Fran\u00e7a ha aprovat un pla d\u2019ajust pressupostari on el 80% de la reducci\u00f3 del d\u00e8ficit es fa augmentant els impostos del capital mentre que el Govern de Mas i de CiU ha carregat el 98% de la reducci\u00f3 del d\u00e8ficit en retallar despesa social. Aquesta \u00e9s la realitat que els \u00abpatriotes\u00bb tractaran de maquillar en campanya darrere del debat de les banderes. I qu\u00e8 passa si Mas diu que, donada la crua realitat, demanar\u00e0 un esfor\u00e7 als qui m\u00e9s tenen, com fa Hollande?<\/p>\n<p>article publicat al Diari de Tarragona el 6 de novembre de 2012<\/p>\n","protected":false},"excerpt":{"rendered":"<p>No hi ha alternatives a les mesures que hem hagut d\u2019impulsar\u00bb (una forma fina i perifr\u00e0stica de referir-se a les retallades). \u00abEl d\u00e8ficit p\u00fablic que tenim no ens deixava cap altra opci\u00f3\u00bb. Malgrat que s\u00f3n paraules que perfectament podria haver &hellip; <a href=\"https:\/\/blocs.tinet.cat\/xaviersabate\/2012\/11\/06\/si-hi-ha-alternativa\/\">Continua llegint <span class=\"meta-nav\">&rarr;<\/span><\/a><\/p>\n","protected":false},"author":69,"featured_media":0,"comment_status":"open","ping_status":"open","sticky":false,"template":"","format":"standard","meta":{"footnotes":""},"categories":[1],"tags":[],"class_list":["post-233","post","type-post","status-publish","format-standard","hentry","category-general"],"_links":{"self":[{"href":"https:\/\/blocs.tinet.cat\/xaviersabate\/wp-json\/wp\/v2\/posts\/233","targetHints":{"allow":["GET"]}}],"collection":[{"href":"https:\/\/blocs.tinet.cat\/xaviersabate\/wp-json\/wp\/v2\/posts"}],"about":[{"href":"https:\/\/blocs.tinet.cat\/xaviersabate\/wp-json\/wp\/v2\/types\/post"}],"author":[{"embeddable":true,"href":"https:\/\/blocs.tinet.cat\/xaviersabate\/wp-json\/wp\/v2\/users\/69"}],"replies":[{"embeddable":true,"href":"https:\/\/blocs.tinet.cat\/xaviersabate\/wp-json\/wp\/v2\/comments?post=233"}],"version-history":[{"count":0,"href":"https:\/\/blocs.tinet.cat\/xaviersabate\/wp-json\/wp\/v2\/posts\/233\/revisions"}],"wp:attachment":[{"href":"https:\/\/blocs.tinet.cat\/xaviersabate\/wp-json\/wp\/v2\/media?parent=233"}],"wp:term":[{"taxonomy":"category","embeddable":true,"href":"https:\/\/blocs.tinet.cat\/xaviersabate\/wp-json\/wp\/v2\/categories?post=233"},{"taxonomy":"post_tag","embeddable":true,"href":"https:\/\/blocs.tinet.cat\/xaviersabate\/wp-json\/wp\/v2\/tags?post=233"}],"curies":[{"name":"wp","href":"https:\/\/api.w.org\/{rel}","templated":true}]}}