{"id":208,"date":"2012-07-05T16:10:28","date_gmt":"2012-07-05T16:10:28","guid":{"rendered":"https:\/\/blocs.tinet.cat\/xaviersabate\/?p=208"},"modified":"2012-07-05T16:10:28","modified_gmt":"2012-07-05T16:10:28","slug":"el-parlament-es-pronuncia-contra-el-decret-del-govern-del-pp-contra-les-renovables-i-a-favor-que-la-generalitat-pugui-inspeccionar-i-decidir-sobre-el-tancament-de-les-nuclears","status":"publish","type":"post","link":"https:\/\/blocs.tinet.cat\/xaviersabate\/2012\/07\/05\/el-parlament-es-pronuncia-contra-el-decret-del-govern-del-pp-contra-les-renovables-i-a-favor-que-la-generalitat-pugui-inspeccionar-i-decidir-sobre-el-tancament-de-les-nuclears\/","title":{"rendered":"El Parlament es pronuncia contra el Decret del Govern del PP contra les renovables i a favor que la Generalitat pugui inspeccionar i decidir sobre el tancament de les  nuclears"},"content":{"rendered":"<p>El Ple del Parlament de Catalunya es pronuncia contra el Decret del govern de l\u2019Estat del PP que elimina el suport a les energies renovables i a favor que el Govern de la Generalitat de Catalunya pugui inspeccionar i decidir sobre el tancament de els centrals nuclears catalanes<\/p>\n<p>Satisfet per l\u2019aprovaci\u00f3 d\u2019aquestes propostes del PSC que he defensat, lamento que CiU i el PP hagin rebutjat \u201caccions de progr\u00e9s en mat\u00e8ria d\u2019energia \u201c<\/p>\n<p>Punts aprovats:<\/p>\n<p>1.       \u201cEl Parlament de Catalunya insta el Govern de la Generalitat a reclamar de l\u2019Estat la compet\u00e8ncia en mat\u00e8ria d\u2019energia nuclear tal com preveu l\u2019Estatut d\u2019autonomia de Catalunya en el seu article 133 quan contempla que ambdues administracions, de forma compartida, s\u2019encarregaran de  \u201cLa regulaci\u00f3 de les activitats de producci\u00f3, emmagatzematge i transport d&#8217;energia, l&#8217;atorgament de les autoritzacions de les instal.lacions que transcoQArrin \u00edntegrament pel territori de Catalunya i l&#8217;exercici de les activitats d&#8217;inspecci\u00f3 i control de totes les instal.lacions existents a Catalunya\u201d i que, per tant, el Govern de la Generalitat pugui inspeccionar i decidir sobre el tancament de les centrals nuclears al final de la seva vida \u00fatil.\u201d<\/p>\n<p>2.      El Parlament de Catalunya insta el Govern de la Generalitat a actuar decididament per derogar el Reial decret llei 1\/2012, de 27 de gener, pel qual es procedeix a la suspensi\u00f3 dels procediments de preassignaci\u00f3 de re\u00actribuci\u00f3 i la supressi\u00f3 dels incentius econ\u00f2mics per a noves instal\u2022lacions de producci\u00f3 d\u2019energia el\u00e8ctrica a partir de cogeneraci\u00f3 i fonts de energia renovables, en el marc de la Comissi\u00f3 Bilateral Estat &#8211; Generalitat.<\/p>\n<p>Punts rebutjats:<\/p>\n<p>3.      Transformar l\u2019ICAEN en una Ag\u00e8ncia d\u2019Energia de Catalunya que dinamitzi el sector, impulsi la col\u2022laboraci\u00f3 p\u00fablico-privada, identifiqui prioritats d\u2019in\u00acversi\u00f3 i financii nous projectes energ\u00e8tics alineats amb el Pla de l\u2019Energia del Govern.<\/p>\n<p>4.      Executar en el termini d\u2019un any improrrogable les inversions previstes en la Resoluci\u00f3 del Conseller d\u2019Empresa i Ocupaci\u00f3 de 23 de febrer de 2011, per a la realitzaci\u00f3 de plans de millora de la qualitat del servei el\u00e8ctric, plans de control de tensi\u00f3 i de neteja de marges a Catalunya amb c\u00e0rrec a la tarifa 2008.<\/p>\n<p>5.   Modificar el Pla de l\u2019Energia i Canvi Clim\u00e0tic de Catalunya 2012-2020, per tal passar els objectius 20-20-20 sobre estalvi i efici\u00e8ncia, sobre producci\u00f3 d\u2019energies renovables i disminuci\u00f3 de gasos d\u2019efecte hivernacle a 30-30-30.<\/p>\n<p>6.   Per tal de poder tancar les nuclears quan acabin els permisos que tenen concedits, c al elaborar un pla de dinamitzaci\u00f3 econ\u00f2mica per reconvertir  l\u2019activitat econ\u00f2mica de les comarques electro-nuclears dependents <\/p>\n<p>7.      Elaborar i fer p\u00fablic abans de final d\u2019any un Infor\u00acme sobre el compliment de les proves d\u2019estr\u00e8s que va determinar la Uni\u00f3 Europea i les Corts Generals en relaci\u00f3 amb les centrals nuclears catalanes<\/p>\n<p>8.      Establir un Acord amb el Consejo de Seguridad Nu\u00acclear, per tal que la vigil\u00e0ncia de la seguretat de les centrals nuclears catalanes i el control de les emissi\u00acons radioactives es dugui a terme de forma conjunta amb l\u2019Administraci\u00f3 de la Generalitat de Catalunya.<\/p>\n<p>9.      Seguint les recents recomanacions de la Uni\u00f3 Eu\u00acropea en relaci\u00f3 a la fiscalitat verda establir per als Pressupostos de la Generalitat del 2013 un rec\u00e0rrec sobre l\u2019energia nuclear, hidr\u00e0ulica, t\u00e8rmica i derivats del petroli amb l\u2019objectiu de refor\u00e7ar les pol\u00edtiques so\u00accials i de sostenibilitat.<\/p>\n<p>CiU i el PP representen l\u2019antigor en mat\u00e8ria energ\u00e8tica, l\u2019aposta per les energies brutes, finites, perilloses i estrangeres renunciant aix\u00ed a explotar les pr\u00f2pies i a la generaci\u00f3 dels llocs de treball que comporten les noves, aut\u00f2ctones, netes i infinites<\/p>\n<p>Palau del Parlament , 5 de juliol de 2012<\/p>\n","protected":false},"excerpt":{"rendered":"<p>El Ple del Parlament de Catalunya es pronuncia contra el Decret del govern de l\u2019Estat del PP que elimina el suport a les energies renovables i a favor que el Govern de la Generalitat de Catalunya pugui inspeccionar i decidir &hellip; <a href=\"https:\/\/blocs.tinet.cat\/xaviersabate\/2012\/07\/05\/el-parlament-es-pronuncia-contra-el-decret-del-govern-del-pp-contra-les-renovables-i-a-favor-que-la-generalitat-pugui-inspeccionar-i-decidir-sobre-el-tancament-de-les-nuclears\/\">Continua llegint <span class=\"meta-nav\">&rarr;<\/span><\/a><\/p>\n","protected":false},"author":69,"featured_media":0,"comment_status":"open","ping_status":"open","sticky":false,"template":"","format":"standard","meta":{"footnotes":""},"categories":[1],"tags":[],"class_list":["post-208","post","type-post","status-publish","format-standard","hentry","category-general"],"_links":{"self":[{"href":"https:\/\/blocs.tinet.cat\/xaviersabate\/wp-json\/wp\/v2\/posts\/208","targetHints":{"allow":["GET"]}}],"collection":[{"href":"https:\/\/blocs.tinet.cat\/xaviersabate\/wp-json\/wp\/v2\/posts"}],"about":[{"href":"https:\/\/blocs.tinet.cat\/xaviersabate\/wp-json\/wp\/v2\/types\/post"}],"author":[{"embeddable":true,"href":"https:\/\/blocs.tinet.cat\/xaviersabate\/wp-json\/wp\/v2\/users\/69"}],"replies":[{"embeddable":true,"href":"https:\/\/blocs.tinet.cat\/xaviersabate\/wp-json\/wp\/v2\/comments?post=208"}],"version-history":[{"count":0,"href":"https:\/\/blocs.tinet.cat\/xaviersabate\/wp-json\/wp\/v2\/posts\/208\/revisions"}],"wp:attachment":[{"href":"https:\/\/blocs.tinet.cat\/xaviersabate\/wp-json\/wp\/v2\/media?parent=208"}],"wp:term":[{"taxonomy":"category","embeddable":true,"href":"https:\/\/blocs.tinet.cat\/xaviersabate\/wp-json\/wp\/v2\/categories?post=208"},{"taxonomy":"post_tag","embeddable":true,"href":"https:\/\/blocs.tinet.cat\/xaviersabate\/wp-json\/wp\/v2\/tags?post=208"}],"curies":[{"name":"wp","href":"https:\/\/api.w.org\/{rel}","templated":true}]}}