{"id":168,"date":"2012-02-23T12:42:28","date_gmt":"2012-02-23T12:42:28","guid":{"rendered":"https:\/\/blocs.tinet.cat\/xaviersabate\/?p=168"},"modified":"2012-02-23T13:37:08","modified_gmt":"2012-02-23T13:37:08","slug":"aprovat-al-parlament-sobre-medi-ambient-i-economia","status":"publish","type":"post","link":"https:\/\/blocs.tinet.cat\/xaviersabate\/2012\/02\/23\/aprovat-al-parlament-sobre-medi-ambient-i-economia\/","title":{"rendered":"Aprovat al Parlament sobre medi ambient i economia"},"content":{"rendered":"<p><strong>El Parlament aprova una moci\u00f3 del PSC donant suport al projecte ZEFIR<\/p>\n<p>Donat que CiU i PP han rebutjat el punt sis\u00e8 d\u2019aquesta moci\u00f3, els grups del PSC, ICV, ERC, SI i Ciutadans han entrat al Registre del Parlament una nova iniciativa parlament\u00e0ria insistint en la derogaci\u00f3 del Decret del Govern del PP contra les energies renovables<br \/>\n<\/strong><\/p>\n<p><strong>A)- La moci\u00f3 del Grup del PSC ha estat rebutjada per CiU i el PP en els seus punts 4 i 6 &#8211; 52 vots a favor, 76 en contra i una abstenci\u00f3 \u2013 i ha estat aprovada pel que fa a la resta de punts per 126 vots a favor, cap en contra i 3 abstencions. Entre els punts aprovats, el 5\u00e8 fa refer\u00e8ncia al projecte que desenvolupa l\u2019IREC ( Institut d\u2019Energia de Catalunya ) amb seu a Tarragona i que ha de desenvolupar-se a l\u2019Ametlla de Mar.<\/p>\n<p>El text de la moci\u00f3 \u00e9s el seg\u00fcent ( incloem tatxats els par\u00e0grafs rebutjats per CiU i PP ):<\/strong><\/p>\n<p>El Parlament de Catalunya insta al Govern de Catalunya a:<\/p>\n<p>1. Redactar i presentar en el termini de sis mesos un pla de pol\u00edtica industrial ambiental que desenvolupi les noves tecnologies emergents basades en recursos renovables i alta efici\u00e8ncia, que identifiqui les noves tecnologies de futur i que fixi l\u2019estrat\u00e8gia que ens permeti obrir i desenvolupar els mercats baixos en carboni, establint mecanismes de concertaci\u00f3 que mobilitzi recursos publico-privats.<\/p>\n<p>2. A presentar en el termini de tres mesos el nou Pla de l\u2019energia i canvi clim\u00e0tic de Catalunya 2012-2020.<\/p>\n<p>3. A preparar i realitzar al llarg del 2012, una nova cimera de la Convenci\u00f3 Catalana de Canvi Clim\u00e0tic amb tots els agents econ\u00f2mics, socials, ambientals, educatius i universitaris i les administracions del pa\u00eds, per acordar la nova estrat\u00e8gia 2012-2020.<\/p>\n<p><del datetime=\"2012-02-23T13:34:19+00:00\">4. A preparar dins dels marges fiscals de la Generalitat de Catalunya, una proposta de nova fiscalitat ambiental especialment en l\u2019\u00e0mbit de l\u2019energia nuclear que no gravi el medi ambient i les bones pr\u00e0ctiques ecol\u00f2giques sin\u00f3 aquelles activitats que contaminen el medi ambient.<\/del><\/p>\n<p>5. A seguir donant suport a la planta d\u2019assajos internacional per a la instal\u2022laci\u00f3 d\u2019aerogeneradors en aig\u00fces profundes, projecte Z\u00c8FIR amb el m\u00e0xim consens possible amb les administracions locals<\/p>\n<p><del datetime=\"2012-02-23T13:34:19+00:00\"><br \/>\n6. A instar al Govern de l\u2019Estat a derogar el Reial Decret-Llei 1\/2012 que suposa un fre al desenvolupament de les energies renovables i a la cogeneraci\u00f3.<br \/>\n<\/del><\/p>\n<p><strong>B) La nova proposta entrada al Registre diu aix\u00ed:<br \/>\n<\/strong><br \/>\nA la Mesa del Parlament<\/p>\n<p>Joan Herrera Torres, president del GP d&#8217;Iniciativa per Catalunya Verds &#8211; Esquerra Unida i Alternativa , Dolors Camats Luis, portaveu del GP d&#8217;Iniciativa per Catalunya Verds &#8211; Esquerra Unida i Alternativa, Miquel Iceta i Llorens, portaveu del GP Socialista, Anna Sim\u00f3 i Castell\u00f3, portaveu del GP d&#8217;Esquerra Republicana de Catalunya, Albert Rivera D\u00edaz, president-portaveu del SP de Ciutadans, Alfons L\u00f3pez i Tena, representant del SP de Solidaritat Catalana per la Independ\u00e8ncia, d\u2019acord amb el que estableixen els articles 145 i 146 del Reglament del Parlament, presenten la proposta de resoluci\u00f3 seg\u00fcent per tal que sigui substanciada davant el Ple del Parlament.<br \/>\nExposici\u00f3 de motius<\/p>\n<p>El Real Decret llei 1\/2012 deixa en suspens el sistema d\u2019incentius de r\u00e8gim Especial, el que suposa, a la pr\u00e0ctica, la paralitzaci\u00f3 legal del desenvolupament de les energies renovables al conjunt de l\u2019estat espanyol.<\/p>\n<p>La morat\u00f2ria de renovables es produeix en un escenari geopol\u00edtic d\u2019increment de preus del petroli i del gas i per tant d\u2019increment de la nostra depend\u00e8ncia dels hidrocarburs que s\u2019importen en la seva totalitat i creiem que seria m\u00e9s racional  l\u2019estalvi en el consum de les fonts energ\u00e8tiques que contribueixen a aprofundir en la crisi econ\u00f2mica i que incrementa de forma incontrolada el d\u00e8ficit comercial, la pujada de preus generalitzada i les emissions contaminants de CO2.<br \/>\nEn aquest sentit la decisi\u00f3 d\u2019aprovar el Real Decret 1\/2012 sembla m\u00e9s una crida a consumir energia  de major cost, frenant les inversions en aquelles fonts que avui constitueixen la primera riquesa energ\u00e8tica del pa\u00eds i que han aconseguit lideratge mundial,  destruint un teixit empresarial  a l\u2019al\u00e7a i actuant a contra corrent amb el resta d\u2019Europa.<\/p>\n<p>La paralitzaci\u00f3 del sector renovable, que amb difer\u00e8ncia \u00e9s el que m\u00e9s lloc de treballs genera per megawatts produ\u00efts, va en contra de les possibilitats de reactivaci\u00f3 econ\u00f2mica del nostre pa\u00eds. Els \u00faltims anys les energies renovables han incrementat la seva pres\u00e8ncia a l\u2019economia catalana i espanyola, superant a diversos sectors tradicionals i amb un balan\u00e7 netament exportador. <\/p>\n<p>La norma aprovada pel Govern de l\u2019Estat va contra les Directives europees 200\/28\/CE de renovables  i la 2010\/31\/CE d\u2019efici\u00e8ncia energ\u00e8tica d\u2019edificis que estableixen el 20% de consum final de renovables l\u2019any 2020 i la d\u2019edificis que en el 2020 tots els edificis siguin de consum d\u2019energia quasi nul amb renovables.<br \/>\nEl recent aprovat per l\u2019Estat \u201cPlan  de Energ\u00edas Renovables 2011-2020\u201d reconeixia de forma clara els beneficis d\u2019aquestes energies i estimava en 29.000 milions els beneficis econ\u00f2mics d\u2019aquestes tecnologies, xifra molt superior als 24.700 de cost , primes incloses, que t\u00e9 el seu desenvolupament.<br \/>\nMentre existeixi  la inestabilitat normativa i l\u2019abs\u00e8ncia d\u2019una veritable estrat\u00e8gia a llar termini, les inversions desapareixeran  i la major depend\u00e8ncia energ\u00e8tica constituir\u00e0 una seria contradicci\u00f3 amb la necessitat d\u2019impulsar una economia moderna,  que creixi de manera sostenible,  basada en un element clau com \u00e9s l\u2019estalvi energ\u00e8tic amb renovables.<\/p>\n<p>Per aquests motius, el Grups Parlamentaris sotasignats presenten la seg\u00fcent:<\/p>\n<p>Proposta de resoluci\u00f3<\/p>\n<p>El Parlament de Catalunya expressa el rebuig frontal del RDL1\/2012 pel que significa d\u2019aturada en l\u2019impuls de les energies renovables, un fre a la generaci\u00f3 d\u2019ocupaci\u00f3 i una major depend\u00e8ncia energ\u00e8tica.<\/p>\n","protected":false},"excerpt":{"rendered":"<p>El Parlament aprova una moci\u00f3 del PSC donant suport al projecte ZEFIR Donat que CiU i PP han rebutjat el punt sis\u00e8 d\u2019aquesta moci\u00f3, els grups del PSC, ICV, ERC, SI i Ciutadans han entrat al Registre del Parlament una &hellip; <a href=\"https:\/\/blocs.tinet.cat\/xaviersabate\/2012\/02\/23\/aprovat-al-parlament-sobre-medi-ambient-i-economia\/\">Continua llegint <span class=\"meta-nav\">&rarr;<\/span><\/a><\/p>\n","protected":false},"author":69,"featured_media":0,"comment_status":"open","ping_status":"open","sticky":false,"template":"","format":"standard","meta":{"footnotes":""},"categories":[1],"tags":[],"class_list":["post-168","post","type-post","status-publish","format-standard","hentry","category-general"],"_links":{"self":[{"href":"https:\/\/blocs.tinet.cat\/xaviersabate\/wp-json\/wp\/v2\/posts\/168","targetHints":{"allow":["GET"]}}],"collection":[{"href":"https:\/\/blocs.tinet.cat\/xaviersabate\/wp-json\/wp\/v2\/posts"}],"about":[{"href":"https:\/\/blocs.tinet.cat\/xaviersabate\/wp-json\/wp\/v2\/types\/post"}],"author":[{"embeddable":true,"href":"https:\/\/blocs.tinet.cat\/xaviersabate\/wp-json\/wp\/v2\/users\/69"}],"replies":[{"embeddable":true,"href":"https:\/\/blocs.tinet.cat\/xaviersabate\/wp-json\/wp\/v2\/comments?post=168"}],"version-history":[{"count":0,"href":"https:\/\/blocs.tinet.cat\/xaviersabate\/wp-json\/wp\/v2\/posts\/168\/revisions"}],"wp:attachment":[{"href":"https:\/\/blocs.tinet.cat\/xaviersabate\/wp-json\/wp\/v2\/media?parent=168"}],"wp:term":[{"taxonomy":"category","embeddable":true,"href":"https:\/\/blocs.tinet.cat\/xaviersabate\/wp-json\/wp\/v2\/categories?post=168"},{"taxonomy":"post_tag","embeddable":true,"href":"https:\/\/blocs.tinet.cat\/xaviersabate\/wp-json\/wp\/v2\/tags?post=168"}],"curies":[{"name":"wp","href":"https:\/\/api.w.org\/{rel}","templated":true}]}}