{"id":147,"date":"2011-12-16T19:41:25","date_gmt":"2011-12-16T19:41:25","guid":{"rendered":"https:\/\/blocs.tinet.cat\/xaviersabate\/?p=147"},"modified":"2011-12-17T00:33:42","modified_gmt":"2011-12-17T00:33:42","slug":"intervencio-al-12e-congres-del-psc","status":"publish","type":"post","link":"https:\/\/blocs.tinet.cat\/xaviersabate\/2011\/12\/16\/intervencio-al-12e-congres-del-psc\/","title":{"rendered":"Intervenci\u00f3 al 12\u00e8 congr\u00e9s del PSC"},"content":{"rendered":"<p>No ho hem fet prou b\u00e9 i aix\u00f2 ve de lluny com ha escrit en nombroses ocasions Miquel Iceta , no \u00e9s culpa de la crisi<\/p>\n<p>No hem tingut relat per conservar la confian\u00e7a de les classes treballadores i mitges<\/p>\n<p>Hem estat borrosos, indecisos, confusos, barrejats<\/p>\n<p>Exc\u00e9s de tecnocr\u00e0cia i quan hi ha exc\u00e8sde tecnocr\u00e0cia hi ha falta d\u2019ideologia<\/p>\n<p>Discurs sense renovar:  serveis p\u00fablics i sobretot, hem perdut la confian\u00e7a dels sectors de la producci\u00f3 del pensament i de la creaci\u00f3 \u2013 del pitjor que ens podia passar &#8211; , de la cultura i de l\u2019educaci\u00f3<\/p>\n<p>No hem at\u00e8s les noves demandes i nous problemes: canvi clim\u00e0tic i energia, joves \u2013 un nou sector social marginat \u2013 l\u2019internacionalisme i, sobretot, posar l\u2019economia al servei de les persones i no les persones al servei de l\u2019economia<\/p>\n<p>Temor a definir i  defensar el nostre catalanisme, el catalanisme social en el sentit que ja ha sortit aqu\u00ed dues vegades aquesta tarda: som socialistes i catalanistes per les mateixes raons. I ara, amb el pas del temps ja hem incorporat altres conceptes que ha definit aquest mat\u00ed el President del Congr\u00e9s Josep F\u00e8lix Ballesteros: aquest \u00e9s un Partit Socialista, Catalanista, Feminista, Ecologista i Internacionalista. <\/p>\n<p>I si som conseq\u00fcents amb aquesta definici\u00f3 tornarem a recuperar la confian\u00e7a dels ciutadans i les ciutadanes<\/p>\n<p>Per suposat no \u00e9s el catalanisme de CIU que nom\u00e9s treballa per uns quants i \u00e9s servil dels poderosos i del PP. El  nostre catalanisme \u00e9s millor i ning\u00fa no ens ha de donar lli\u00e7ons, ni de dins ni de fora sobre la nostra catalanitat. Servim a tothom<\/p>\n<p>Ha estat un PSC en els darrers anys, com ha dit el 1r secretari i li vull agrair la valentia de recon\u00e8ixer-ho, subordinat tot a l\u2019acci\u00f3 del Govern amb una excessiva centralitzaci\u00f3 i centralisme, un govern que no sempre, ni pels seus components, ni per les pol\u00edtiques que han desenvolupat, ha actuat d\u2019acord amb el que esper\u00e0vem des del PSC<\/p>\n<p>Hem esperat que vingu\u00e9s la gent i no hem anat on \u00e9s la gent: sindicats, entitats culturals, AAVV, oci on hi ha molta gent<\/p>\n<p>No hem usat la paraula en l\u2019\u00e8poca que, com deia Isidre Molas aquest mat\u00ed, \u00e9s m\u00e9s necess\u00e0ria que mai. Som un partit d\u2019\u00e0grafs, de molt poca gent que pensi i que escrigui. I en aquest punt deixeu-me que demani un reconeixement a una de les persones que s\u00ed que escriu i pensa i a la que la hist\u00f2ria aquests dies no fa just\u00edcia. Jo us demano un aplaudiment per a Miquel Iceta.<\/p>\n<p>I malgrat tots aquests d\u00e8ficits, els delegats idelegades de la meva federaci\u00f3 majorit\u00e0riament votarem a favor \u2013 encara que no tots &#8211; de la gesti\u00f3 de l&#8217;Executiva. <\/p>\n<p>Perqu\u00e8 malgrat els errors, ho heu fet millor que els qui ens van governar 23 anys i hi tornen ara<\/p>\n<p>Perqu\u00e8 el 1r secretari ja ha passat a la Hist\u00f2ria de  Catalunya per haver demostrat que un no nascut a Catalunya pot ser President del pa\u00eds i jo a aquest company no li voto en contra <\/p>\n<p>Perqu\u00e8 no em dona la gana de fer un favor a la dreta que voldria un vot negatiu i no nom\u00e9s per castigar o suspendre aquesta executiva sin\u00f3 suspendre el partit sencer<\/p>\n<p>Companys  i companyes, aquest partit encara ha de donar moltes tardes de gl\u00f2ria a Catalunya. Aquest mat\u00ed hem vist un v\u00eddeo casteller i a mi tamb\u00e9 m\u2019hauria agradat que hagu\u00e9s estat de la meva colla que \u00e9s diferent a la del President del Congr\u00e9s i bones discussions que tenim. <\/p>\n<p>A mi m\u2019agrada quan el meu cap de colla, un cop comencem el castell i pugen els ter\u00e7os i sonen les gralles, diu: \u201c a patir \u201c quan fem un castell important. M\u2019agrada perqu\u00e8 em diu la veritat i s\u00e9 que toca patir de veritat per\u00f2 que al final fem el castell<\/p>\n<p>Ara ens toca patir per\u00f2 estic segur que l&#8217;enxaneta far\u00e0 l&#8217;aleta i recuperarem la confian\u00e7a dels ciutadans i ciutadanes per oferir-los el millor de nosaltres mateixos<\/p>\n","protected":false},"excerpt":{"rendered":"<p>No ho hem fet prou b\u00e9 i aix\u00f2 ve de lluny com ha escrit en nombroses ocasions Miquel Iceta , no \u00e9s culpa de la crisi No hem tingut relat per conservar la confian\u00e7a de les classes treballadores i mitges &hellip; <a href=\"https:\/\/blocs.tinet.cat\/xaviersabate\/2011\/12\/16\/intervencio-al-12e-congres-del-psc\/\">Continua llegint <span class=\"meta-nav\">&rarr;<\/span><\/a><\/p>\n","protected":false},"author":69,"featured_media":0,"comment_status":"open","ping_status":"open","sticky":false,"template":"","format":"standard","meta":{"footnotes":""},"categories":[1],"tags":[],"class_list":["post-147","post","type-post","status-publish","format-standard","hentry","category-general"],"_links":{"self":[{"href":"https:\/\/blocs.tinet.cat\/xaviersabate\/wp-json\/wp\/v2\/posts\/147","targetHints":{"allow":["GET"]}}],"collection":[{"href":"https:\/\/blocs.tinet.cat\/xaviersabate\/wp-json\/wp\/v2\/posts"}],"about":[{"href":"https:\/\/blocs.tinet.cat\/xaviersabate\/wp-json\/wp\/v2\/types\/post"}],"author":[{"embeddable":true,"href":"https:\/\/blocs.tinet.cat\/xaviersabate\/wp-json\/wp\/v2\/users\/69"}],"replies":[{"embeddable":true,"href":"https:\/\/blocs.tinet.cat\/xaviersabate\/wp-json\/wp\/v2\/comments?post=147"}],"version-history":[{"count":0,"href":"https:\/\/blocs.tinet.cat\/xaviersabate\/wp-json\/wp\/v2\/posts\/147\/revisions"}],"wp:attachment":[{"href":"https:\/\/blocs.tinet.cat\/xaviersabate\/wp-json\/wp\/v2\/media?parent=147"}],"wp:term":[{"taxonomy":"category","embeddable":true,"href":"https:\/\/blocs.tinet.cat\/xaviersabate\/wp-json\/wp\/v2\/categories?post=147"},{"taxonomy":"post_tag","embeddable":true,"href":"https:\/\/blocs.tinet.cat\/xaviersabate\/wp-json\/wp\/v2\/tags?post=147"}],"curies":[{"name":"wp","href":"https:\/\/api.w.org\/{rel}","templated":true}]}}