{"id":1168,"date":"2026-01-27T21:14:51","date_gmt":"2026-01-27T21:14:51","guid":{"rendered":"https:\/\/blocs.tinet.cat\/xaviersabate\/?p=1168"},"modified":"2026-02-09T10:41:28","modified_gmt":"2026-02-09T10:41:28","slug":"una-pit-roig-sen-va-bon-viatge-panchy-2","status":"publish","type":"post","link":"https:\/\/blocs.tinet.cat\/xaviersabate\/2026\/01\/27\/una-pit-roig-sen-va-bon-viatge-panchy-2\/","title":{"rendered":"Una pit-roig se&#8217;n va. Bon viatge, Panchy"},"content":{"rendered":"<p><a href=\"https:\/\/blocs.tinet.cat\/xaviersabate\/files\/2026\/01\/WhatsApp-Image-2026-02-05-at-02.25.49.jpeg\"><img loading=\"lazy\" decoding=\"async\" class=\"aligncenter size-medium wp-image-1179\" src=\"https:\/\/blocs.tinet.cat\/xaviersabate\/files\/2026\/01\/WhatsApp-Image-2026-02-05-at-02.25.49-167x300.jpeg\" alt=\"\" width=\"167\" height=\"300\" srcset=\"https:\/\/blocs.tinet.cat\/xaviersabate\/files\/2026\/01\/WhatsApp-Image-2026-02-05-at-02.25.49-167x300.jpeg 167w, https:\/\/blocs.tinet.cat\/xaviersabate\/files\/2026\/01\/WhatsApp-Image-2026-02-05-at-02.25.49.jpeg 534w\" sizes=\"auto, (max-width: 167px) 100vw, 167px\" \/><\/a><\/p>\n<p><span style=\"font-weight: 400\">Bon dia pit-rojos !! Amb aquesta salutaci\u00f3 apareixia\u00a0 cada mat\u00ed Panchy\u00a0 Picallos a una de les xarxes que compart\u00edem i a twitter.\u00a0 Cada dia amb una imatge nova que acostumava a ser d&#8217;una esp\u00e8cie animal diferent a la humana. I amb dos signes d&#8217;admiraci\u00f3 Perqu\u00e8 la Panxy era de subratllar les seves expressions i els seus sentiments<\/span><\/p>\n<p>Els qui hem tingut la sort de con\u00e8ixer-la , reconeix\u00edem en aquesta expressi\u00f3 tot un compendi del que pensava i sentia:<\/p>\n<p>Agra\u00efment a la vida en totes les seves m\u00faltiples expressions.D\u2019aqu\u00ed que cada dia us\u00e9s una imatge dels \u00e9ssers vius que ens acompanyen als que qualifiquem d&#8217;animals com si nosaltres no ho f\u00f3ssim. A la Panchy li esqueia \u201cGracias a la vida\u201d aquell poema de Violeta Parra considerat un \u201chimne humanista\u201d que va popularitzar Mercedes Sosa<\/p>\n<p>Satisfacci\u00f3 per formar part d&#8217;una comunitat , la de Tarragona de la que se\u2019n sentia orgullosa. No hi havia not\u00edcia\u00a0 de rellev\u00e0ncia sobre la ciutat\u00a0 que no la impuls\u00e9s a compartir-la amb els seus amics<\/p>\n<p>Reafirmaci\u00f3 di\u00e0ria de la seva lluita per un m\u00f3n m\u00e9s just I amb m\u00e9s oportunitats per tothom\u00a0 independentment de la seva condici\u00f3 i molt principalment de la gent m\u00e9s desfavorida i m\u00e9s vulnerable . Ella va ser molts anys exemple tamb\u00e9 fent de mestra a Camp Clar.<\/p>\n<p>Per aix\u00f2 al costat del seu nom a twitter apareixien dues paraules que resumien la seva condici\u00f3:\u00a0 ciutadana socialista.<\/p>\n<p>Tarragonina empedernida, coneixia b\u00e9 el valor de la ciutadania que ens van llegar els romans i va lluitar i reivindicar per tothom aquesta condici\u00f3 de persona amb tots els drets i tamb\u00e9 amb deures.<\/p>\n<p>I socialista. Perqu\u00e8 practicava la milit\u00e0ncia al PSC entenent que no hi ha altra manera d\u2019aconseguir un m\u00f3n millor que la lluita organitzada en organitzacions d\u2019esquerres. I a fe que va portar aquest convenciment amb total determinaci\u00f3 i lleialtat. I persist\u00e8ncia, sobretot, presist\u00e8ncia. Perqu\u00e8 la Panchy va fer seves les paraules d\u2019Isidre Molas al final del llibre \u201c La ciutat llunyana \u201c :\u00a0 Construir una nova societat exigeix persones que vulguin i siguin capaces d&#8217;actuar amb llurs principis en condicions hostils sobretot en condicions hostils \u201c. La Panchy Mai no va defallir en condicions hostils. Per dir-ho encara d&#8217;una manera m\u00e9s planera Mai no va\u00a0 fugir en els moments dif\u00edcils i es va mantenir fidel.\u00a0 Tot un exemple pels qui nom\u00e9s volen ser-hi quan les coses van b\u00e9.<\/p>\n<p>A aquestes al\u00e7ades de l\u2019article suposo que ja sabr\u00e0 tothom que quan la Pantxy ens deia \u201c Bon dia pit-rojos \u201c es referia als i les qui portem el color vermell al pit i al cor com ella.<\/p>\n<p>Panchy, aquesta foto tan maca que encap\u00e7ala aquests article te l\u2019ha robat l\u2019amic Josep Maria Mil\u00e0 del teu facebook i me l\u2019ha passat ell.\u00a0 Jo s\u00e9 que no te\u2019n vas perqu\u00e8 la gent que deixa tanta petjada roman sempre en les persones que us hem conegut .<\/p>\n<p><span style=\"font-weight: 400\">Panchy, dissabte un grup de tarragonins cantarem el poema de Kavafis Viatge a Itaca que va musicar Llu\u00eds Llach la Pla\u00e7a del Rei. Mentre canti aix\u00f2 de \u201c que siguin moltes les matinades \u201c pensar\u00e9 en com ens has alegrat tantes i tantes matinades amb el \u201c Bon dia , pit-rojos !!\u201d<\/span><\/p>\n<p><a href=\"https:\/\/blocs.tinet.cat\/xaviersabate\/files\/2026\/01\/WhatsApp-Image-2026-01-27-at-19.25.58.jpeg\">\u00a0<\/a><\/p>\n<p style=\"text-align: center\"><strong><em>Quan surts per fer<\/em><\/strong><\/p>\n<p style=\"text-align: center\"><strong><em>el viatge cap a \u00cdtaca,<\/em><\/strong><\/p>\n<p style=\"text-align: center\"><strong><em>has de pregar que el cam\u00ed sigui llarg,<\/em><\/strong><\/p>\n<p style=\"text-align: center\"><strong><em>ple d&#8217;aventures, ple de coneixences.<\/em><\/strong><\/p>\n<p style=\"text-align: center\"><strong><em>Has de pregar que el cam\u00ed sigui llarg,<\/em><\/strong><\/p>\n<p style=\"text-align: center\"><strong><em>que siguin moltes les matinades<\/em><\/strong><\/p>\n<p style=\"text-align: center\"><strong><em>que entrar\u00e0s en un port<\/em><\/strong><\/p>\n<p style=\"text-align: center\"><strong><em>que els teus ulls ignoraven,<\/em><\/strong><\/p>\n<p style=\"text-align: center\"><strong><em>i vagis a ciutats<\/em><\/strong><\/p>\n<p style=\"text-align: center\"><strong><em>per aprendre dels que saben.<\/em><\/strong><\/p>\n","protected":false},"excerpt":{"rendered":"<p>Bon dia pit-rojos !! Amb aquesta salutaci\u00f3 apareixia\u00a0 cada mat\u00ed Panchy\u00a0 Picallos a una de les xarxes que compart\u00edem i a twitter.\u00a0 Cada dia amb una imatge nova que acostumava a ser d&#8217;una esp\u00e8cie animal diferent a la humana. I &hellip; <a href=\"https:\/\/blocs.tinet.cat\/xaviersabate\/2026\/01\/27\/una-pit-roig-sen-va-bon-viatge-panchy-2\/\">Continua llegint <span class=\"meta-nav\">&rarr;<\/span><\/a><\/p>\n","protected":false},"author":69,"featured_media":1179,"comment_status":"open","ping_status":"open","sticky":false,"template":"","format":"standard","meta":{"footnotes":""},"categories":[1],"tags":[],"class_list":["post-1168","post","type-post","status-publish","format-standard","has-post-thumbnail","hentry","category-general"],"_links":{"self":[{"href":"https:\/\/blocs.tinet.cat\/xaviersabate\/wp-json\/wp\/v2\/posts\/1168","targetHints":{"allow":["GET"]}}],"collection":[{"href":"https:\/\/blocs.tinet.cat\/xaviersabate\/wp-json\/wp\/v2\/posts"}],"about":[{"href":"https:\/\/blocs.tinet.cat\/xaviersabate\/wp-json\/wp\/v2\/types\/post"}],"author":[{"embeddable":true,"href":"https:\/\/blocs.tinet.cat\/xaviersabate\/wp-json\/wp\/v2\/users\/69"}],"replies":[{"embeddable":true,"href":"https:\/\/blocs.tinet.cat\/xaviersabate\/wp-json\/wp\/v2\/comments?post=1168"}],"version-history":[{"count":0,"href":"https:\/\/blocs.tinet.cat\/xaviersabate\/wp-json\/wp\/v2\/posts\/1168\/revisions"}],"wp:featuredmedia":[{"embeddable":true,"href":"https:\/\/blocs.tinet.cat\/xaviersabate\/wp-json\/wp\/v2\/media\/1179"}],"wp:attachment":[{"href":"https:\/\/blocs.tinet.cat\/xaviersabate\/wp-json\/wp\/v2\/media?parent=1168"}],"wp:term":[{"taxonomy":"category","embeddable":true,"href":"https:\/\/blocs.tinet.cat\/xaviersabate\/wp-json\/wp\/v2\/categories?post=1168"},{"taxonomy":"post_tag","embeddable":true,"href":"https:\/\/blocs.tinet.cat\/xaviersabate\/wp-json\/wp\/v2\/tags?post=1168"}],"curies":[{"name":"wp","href":"https:\/\/api.w.org\/{rel}","templated":true}]}}