{"id":1100,"date":"2023-08-18T10:08:31","date_gmt":"2023-08-18T10:08:31","guid":{"rendered":"https:\/\/blocs.tinet.cat\/xaviersabate\/?p=1100"},"modified":"2023-08-18T10:08:31","modified_gmt":"2023-08-18T10:08:31","slug":"la-vigencia-de-joan-reventos","status":"publish","type":"post","link":"https:\/\/blocs.tinet.cat\/xaviersabate\/2023\/08\/18\/la-vigencia-de-joan-reventos\/","title":{"rendered":"La vig\u00e8ncia de Joan Revent\u00f3s"},"content":{"rendered":"<p><a href=\"https:\/\/blocs.tinet.cat\/xaviersabate\/files\/2023\/08\/raventos-i-carner-joan-min-225x300-1.jpg\"><img loading=\"lazy\" decoding=\"async\" class=\"aligncenter size-full wp-image-1102\" src=\"https:\/\/blocs.tinet.cat\/xaviersabate\/files\/2023\/08\/raventos-i-carner-joan-min-225x300-1.jpg\" alt=\"\" width=\"225\" height=\"300\" \/><\/a><\/p>\n<p>El meu admirat Toni Batista publica avui un article al Diari de Tarragona que reprodueixo al final titulat \u201c La renovada actualitat de Joan Revent\u00f3s. El socialisme catal\u00e0 que necessitar\u00e0 Pedro S\u00e1nchez\u201d. Acaba recordant la frase de Joan Revent\u00f3s l\u2019any 1988: &#8221; fer que la conviv\u00e8ncia sigui possible &#8221; escrita en una carta agraint a una fam\u00edlia de Torredembarra que hagu\u00e9s deixat el seu local tant a Converg\u00e8ncia uns anys abans com al PSC de forma altruista.<\/p>\n<p>Ve molt a tomb\u00a0 del que estem vivint aquests dies.\u00a0 40 anys despr\u00e9s d&#8217;aquella frase del Joan encara tenim pendent que la conviv\u00e8ncia sigui possible.\u00a0 No \u00e9s cap novetat,\u00a0 fa segles que aquest mosaic que en aquest mosaic que \u00e9s Espanya tenim pendent que la conviv\u00e8ncia sigui possible. I ho tenim pendent perqu\u00e8 n&#8217;hi ha que s&#8217;entesten que nom\u00e9s hi hagi una Espanya \u00fanica i uniforme\u00a0 i volen imposar-la.<\/p>\n<p>A mi ja no em cega cap\u00a0 bandera ni\u00a0 cap sigla encara que\u00a0 no deixar\u00e9 de defensar mai les que m\u00e9s em representen:\u00a0 les de la Just\u00edcia social i d&#8217;una Espanya diversa.<\/p>\n<p>El 18 de juny de 2006\u00a0 era conseller de Governaci\u00f3 i\u00a0 quan sortia del Parlament\u00a0 cap al Palau de la Generalitat per portar-li els resultats definitius a Pasqual Maragall em va trucar Jos\u00e9 Luis Rodr\u00edguez Zapatero llavors president.\u00a0 Em va preguntar com havia anat i li vaig dir que malament Perqu\u00e8 aquell estatut &#8211; he\u00a0 dit b\u00e9 aquell &#8211; nom\u00e9s\u00a0 el va aprovar el 36% del catalans (menys del 50% de participaci\u00f3 )\u00a0 i que all\u00f2 algun dia podria tenir conseq\u00fc\u00e8ncies. De fet, en plena campanya i per una impugnaci\u00f3 del PP i ERC &#8211; quina casualitat que es trobessin aquests dos partits en aquesta acci\u00f3 &#8211; ,\u00a0 la Junta Electoral Central va prohibir, en una decisi\u00f3 sense precedents el foment expr\u00e9s del vot per part de les Administracions.<\/p>\n<p>El cas \u00e9s que el PP\u00a0 va presentar el darrer dia d\u2019aquell estiu\u00a0 un recurs d\u2019inconstitucionalitat\u00a0contra el pre\u00e0mbul i contra 114 dels 223 articles d&#8217;aquell Estatut\u00a0 i el Tribunal Constitucional el va retallar considerablement.\u00a0 aix\u00ed que Catalunya \u00e9s l&#8217;\u00fanica comunitat aut\u00f2noma d&#8217;Espanya que es regeix per un Estatut que no va aprovar la ciutadania.<\/p>\n<p>I efectivament tal com vaig \u00a0dir-li Jos\u00e9 Luis Rodr\u00edguez Zapatero,\u00a0 la cosa es va embolicar i encara ho est\u00e0.\u00a0 Jo s\u00e9 que el que ahir es va expressar en la votaci\u00f3 de la presidenta del Congr\u00e9s\u00a0 nom\u00e9s \u00e9s un esb\u00f3s d&#8217;una possible soluci\u00f3\u00a0 per\u00f2 fins que la dreta no vulgui\u00a0 unes regles del joc que permetin\u00a0 que,\u00a0 amb paraules de Joan Revent\u00f3s,\u00a0 la conviv\u00e8ncia sigui possible, la soluci\u00f3 no ser\u00e0 definitiva.<\/p>\n<p>Li he donat mil voltes.\u00a0 Fins i tot he pensat en un govern de gran coalici\u00f3- Per\u00f2 aix\u00f2 a Espanya i a Catalunya \u00e9s anatema i perqu\u00e8 aix\u00f2 fos possible s\u00e9 tamb\u00e9 que haurien de canviar moltes coses. Entre altres, que la dreta assum\u00eds que \u00e9s impossible una Espanya tancada, \u00fanica i uniforme, que la seva for\u00e7a \u00e9s la seva diversitat i que \u00e9s l&#8217;\u00fanica manera de conviure.<\/p>\n<p>Mentrestant el que ahir va passar al Congreso de los Diputados\u00a0 a mi em sembla molt millor que no pas l&#8217;alternativa i a la majoria d&#8217;espanyols representada pels vots dels diputats crec que tamb\u00e9 els representa m\u00e9s.\u00a0 Encara tinc l\u2019esperan\u00e7a que les posicions s&#8217;acostin i que la dreta reflexioni.\u00a0 Ahir escoltant la portaveu del PP Cuca Gamarra un cop acabada la sessi\u00f3\u00a0 vaig pensar que\u00a0 podem tenir esperan\u00e7a. La vaig veure prudent i mesurada.\u00a0 Per\u00f2 potser \u00e9s que sempre al final acabo sent optimista\u00a0 i crec en\u00a0 el desig de Joan Revent\u00f3s\u00a0 que la conviv\u00e8ncia sigui possible.<\/p>\n<p><em>L&#8217;article de l&#8217;Antoni Batista<\/em><\/p>\n<div class=\"headline artit\">\n<h1><em><span class=\"priority-content\">La renovada actualitat de Joan Revent\u00f3s. El socialisme catal\u00e0 que necessitar\u00e0 Pedro S\u00e1nchez<\/span><\/em><\/h1>\n<p style=\"text-align: center\">Article d&#8217;Anotni Batista, Doctor en Ci\u00e8ncies de la Informaci\u00f3 i m\u00fasic<\/p>\n<p><a href=\"https:\/\/blocs.tinet.cat\/xaviersabate\/files\/2023\/08\/102-abatista_241-345865_20220701105746.jpg\"><img loading=\"lazy\" decoding=\"async\" class=\"aligncenter size-full wp-image-1101\" src=\"https:\/\/blocs.tinet.cat\/xaviersabate\/files\/2023\/08\/102-abatista_241-345865_20220701105746.jpg\" alt=\"\" width=\"130\" height=\"130\" \/><\/a><\/p>\n<h2 style=\"text-align: center\"><em>Conseller en el primer govern Tarradellas, senador, diputat, president del Parlament i ambaixador a Fran\u00e7a, despr\u00e9s d\u2019una dura clandestinitat, detenci\u00f3 i pres\u00f3, que va explicar al llibre \u2018Amb un altre nom\u2019<\/em><\/h2>\n<\/div>\n<div class=\"subheadline\">\n<p class=\"p_1\"><em>Per mantenir-se al poder, Pedro S\u00e1nchez necessitar\u00e0 llegir i estudiar b\u00e9 el llegat de Joan Revent\u00f3s, aquell socialisme que venia de Rafael Campalans, amic del seu pare; aquell socialisme que va lluitar per l\u2019amnistia i que defensava el dret d\u2019autodeterminaci\u00f3 de Catalunya. Els temps, s\u00ed, canvien a m\u00e9s nusos que la velocitat del vent de Bob Dylan, i tampoc a la hist\u00f2ria les segones parts no s\u00f3n bones. Per\u00f2, si m\u00e9s no, aquell socialisme del MSC i el PSC-Congr\u00e9s pot servir de jurisprud\u00e8ncia pol\u00edtica de cara a replantejar-se en clau actual aquelles dues reivindicacions que poden valer una legislatura.<\/em><\/p>\n<p class=\"p_2\"><em>El PSOE, com ERC, pels seus c\u00e0rrecs institucionals a la Rep\u00fablica, van ser delmats despr\u00e9s de la guerra. Trigarien anys a recuperar-se d\u2019un memorial de greuges d\u2019alt\u00edssim i dolor\u00f3s cost hum\u00e0. Per\u00f2 se\u2019n van sortir, i a Catalunya el redre\u00e7ament socialista passa inexcusablement per Joan Revent\u00f3s Carner (1927-2004) i l\u2019aixopluc privat esdevingut espai p\u00fablic de tantes clandestinitats de les seves cases a Barcelona i el Vendrell, que em van portar a titular un cap\u00edtol de la meva\u00a0Mem\u00f2ria de la resist\u00e8ncia antifranquista\u00a0(Pag\u00e8s Editors, 2021) \u00abEl socialisme acollidor de Joan Revent\u00f3s\u00bb.<\/em><\/p>\n<p class=\"p_3\"><em>Joan Revent\u00f3s va ser professor de Dret i Economia, un intel\u00b7lectual amb una gran cultura, magn\u00edfic escriptor en prosa i en vers, pe\u00e7a clau de l\u2019Editorial Ariel, amb un cat\u00e0leg d\u2019imprescindibles publicacions de pensament pol\u00edtic. De proced\u00e8ncia culta i catalanista, va comen\u00e7ar a lluitar contra la dictadura i per les llibertats pol\u00edtiques, nacionals i socials i, ja en democr\u00e0cia, va ser conseller en el primer govern Tarradellas, senador, diputat, president del Parlament i ambaixador a Fran\u00e7a.<\/em><\/p>\n<p class=\"p_4\"><em>L\u2019espai m\u00e9s emblem\u00e0tic del socialisme acollidor d\u2019en Revent\u00f3s era la torre del carrer d\u2019Angl\u00ed, 35, el seu domicili, separat del m\u00f3n urb\u00e0 per una tanca invisible per la vegetaci\u00f3, als contraforts del Tibidabo, i tamb\u00e9 la casa pairal Can Galofre, al comen\u00e7ament del carrer Nou del Vendrell, on guardava la documentaci\u00f3 de la clandestinitat, que va cedir a la Fundaci\u00f3 Campalans. L\u2019aixopluc d\u2019en Revent\u00f3s, pel seu tarann\u00e0 de parlar amb tothom, va ser molt important en l\u2019articulaci\u00f3 dels consensos que arrodonirien l\u2019Assemblea de Catalunya, s\u00ed, la que el 1971 reivindicava amnistia i autodeterminaci\u00f3. El seu protagonisme era tal que la policia li va endossar un infiltrat, tema aquest tamb\u00e9 molt actual. El van detenir i empresonar, ho va explicar al llibre\u00a0Amb un altre nom\u00a0(Edicions 62, 1984).<\/em><\/p>\n<p class=\"p_5\"><em>A la fitxa que vaig exhumar dels arxius de la Via Laietana, ja li feien constar una m\u00e0 de \u2018delictes\u2019: \u00abUno de los ayudantes de Historia del Derecho: Juan Revent\u00f3s Carner; detenido, procesado, encarcelado&#8230;, por incidentes estudiantiles hace 7 u 8 a\u00f1os. Hoy [1966, atestat de la Caputxinada] sigue siendo profesor ayudante en dicha C\u00e1tedra; tomando parte muy activa en \u2018asesoramiento\u2019 y \u2018direcci\u00f3n\u2019 de disturbios\u00bb. Despr\u00e9s d\u2019una reuni\u00f3 de la direcci\u00f3 de l\u2019Assemblea al Vendrell, que va servir per apuntalar-ne els fonaments, dicten ordres de seguiment i vigil\u00e0ncia dels seus domicilis i despatxos, amb intervenci\u00f3 dels tel\u00e8fons.<\/em><\/p>\n<p class=\"p_6\"><em>Els seus vincles vendrellencs venien d\u2019antics llinatges; el seu avi, Jaume Carner Romeu, va ser dirigent de la Lliga, diputat a Corts i ministre de la Rep\u00fablica, i la seva dona, Josepa Maria Rovira Ribas, tamb\u00e9 va n\u00e9ixer al Vendrell, a la pla\u00e7a Nova. Estiuejaven a la platja de Sant Salvador \u2013la fam\u00edlia hi continua estiuejant\u2013, on se li va fer un gran homenatge arran de la concessi\u00f3 a t\u00edtol p\u00f2stum de la Medalla d\u2019Or de la Generalitat, amb els castellers tan arrelats a la capital del Baix Pened\u00e8s i tan apreciats per ell. M\u00e9s enll\u00e0 de l\u2019an\u00e8cdota, potser \u00e9s una categoria que avui el passeig mar\u00edtim de Sant Salvador porti el nom de Joan Revent\u00f3s i el de Torredembarra, el de Rafael Campalans, que hi estiuejava i hi va morir. Els dos socialistes que van entendre els drets nacionals de Catalunya que esmento al principi d\u2019aquest article que acaba aqu\u00ed, tot just on comen\u00e7a l\u2019actualitat que els haur\u00e0 de menester.<\/em><\/p>\n<p class=\"p_7\"><em>Antonio Sonsona conserva amb tot l\u2019afecte la carta que Joan Revent\u00f3s, com a president del PSC, els va escriure a ell i la seva germana Maria Teresa agraint-los que els hi cedissin l\u2019antiga impremta del seu pare, al bell mig de Torredembarra, com a local de la campanya a les eleccions auton\u00f2miques de 1988. Quan li van preguntar qu\u00e8 li devien, va dir que no res, que si en una altra contesa tampoc no havien cobrat a Converg\u00e8ncia, no els hi haurien de cobrar pas als socialistes. \u00abPersones com vost\u00e8s \u2013conclo\u00efa Revent\u00f3s\u2013, amb aquesta mena de comportament, s\u00f3n les que fan possible que a la nostra societat la nostra conviv\u00e8ncia sigui possible\u00bb.<\/em><\/p>\n<p class=\"p_8\"><em>S\u00ed, que la nostra conviv\u00e8ncia sigui possible, tamb\u00e9 el llegat Revent\u00f3s.<\/em><\/p>\n<\/div>\n","protected":false},"excerpt":{"rendered":"<p>El meu admirat Toni Batista publica avui un article al Diari de Tarragona que reprodueixo al final titulat \u201c La renovada actualitat de Joan Revent\u00f3s. El socialisme catal\u00e0 que necessitar\u00e0 Pedro S\u00e1nchez\u201d. Acaba recordant la frase de Joan Revent\u00f3s l\u2019any &hellip; <a href=\"https:\/\/blocs.tinet.cat\/xaviersabate\/2023\/08\/18\/la-vigencia-de-joan-reventos\/\">Continua llegint <span class=\"meta-nav\">&rarr;<\/span><\/a><\/p>\n","protected":false},"author":69,"featured_media":0,"comment_status":"open","ping_status":"open","sticky":false,"template":"","format":"standard","meta":{"footnotes":""},"categories":[1],"tags":[],"class_list":["post-1100","post","type-post","status-publish","format-standard","hentry","category-general"],"_links":{"self":[{"href":"https:\/\/blocs.tinet.cat\/xaviersabate\/wp-json\/wp\/v2\/posts\/1100","targetHints":{"allow":["GET"]}}],"collection":[{"href":"https:\/\/blocs.tinet.cat\/xaviersabate\/wp-json\/wp\/v2\/posts"}],"about":[{"href":"https:\/\/blocs.tinet.cat\/xaviersabate\/wp-json\/wp\/v2\/types\/post"}],"author":[{"embeddable":true,"href":"https:\/\/blocs.tinet.cat\/xaviersabate\/wp-json\/wp\/v2\/users\/69"}],"replies":[{"embeddable":true,"href":"https:\/\/blocs.tinet.cat\/xaviersabate\/wp-json\/wp\/v2\/comments?post=1100"}],"version-history":[{"count":0,"href":"https:\/\/blocs.tinet.cat\/xaviersabate\/wp-json\/wp\/v2\/posts\/1100\/revisions"}],"wp:attachment":[{"href":"https:\/\/blocs.tinet.cat\/xaviersabate\/wp-json\/wp\/v2\/media?parent=1100"}],"wp:term":[{"taxonomy":"category","embeddable":true,"href":"https:\/\/blocs.tinet.cat\/xaviersabate\/wp-json\/wp\/v2\/categories?post=1100"},{"taxonomy":"post_tag","embeddable":true,"href":"https:\/\/blocs.tinet.cat\/xaviersabate\/wp-json\/wp\/v2\/tags?post=1100"}],"curies":[{"name":"wp","href":"https:\/\/api.w.org\/{rel}","templated":true}]}}