{"id":1093,"date":"2023-06-14T08:40:27","date_gmt":"2023-06-14T08:40:27","guid":{"rendered":"https:\/\/blocs.tinet.cat\/xaviersabate\/?p=1093"},"modified":"2023-06-14T08:41:51","modified_gmt":"2023-06-14T08:41:51","slug":"quatre-anys-demergencia","status":"publish","type":"post","link":"https:\/\/blocs.tinet.cat\/xaviersabate\/2023\/06\/14\/quatre-anys-demergencia\/","title":{"rendered":"Quatre anys d&#8217;emerg\u00e8ncia"},"content":{"rendered":"<p>&nbsp;<\/p>\n<p><img loading=\"lazy\" decoding=\"async\" class=\"aligncenter\" src=\"https:\/\/hse.software\/wp-content\/uploads\/2022\/04\/Guia-de-pasos-para-gestionar-emergencias-en-el-lugar-de-trabajo-de-forma-adecuada.png\" alt=\"Gu\u00eda de pasos para gestionar emergencias en el lugar de trabajo de forma adecuada | HSE Software\" width=\"429\" height=\"173\" \/><\/p>\n<p>Els creuers no salpen del port sense haver reunit als passatgers amb instruccions de com comportar-se en cas d\u2019emerg\u00e8ncia, assenyalant les marques al terra indicant els llocs de concentraci\u00f3, \u00a0instruint sobre armilles\u00a0i bots salvavides perqu\u00e8 tothom s\u00e0piga el que ha de fer si sona l\u2019alarma.<\/p>\n<p>El 2019 ajuntaments,\u00a0parlaments i governs van fer sonar l\u2019alarma declarant la situaci\u00f3 d\u2019emerg\u00e8ncia clim\u00e0tica.\u00a0 Per\u00f2 no s\u2019ha produ\u00eft cap resposta ni es veuen modificar comportaments com pertocaria en una situaci\u00f3 d\u2019aquestes. O s\u00f3n tan t\u00edmides les reaccions que el vaixell es continua enfonsant i nosaltres amb ell.<\/p>\n<p>Els qui encara analitzem la hist\u00f2ria considerant la influ\u00e8ncia dels poders econ\u00f2mics \u00a0sabem que aquests s\u2019organitzen per influir en tots els \u00e0mbits de la societat per mantenir el sistema imperant fa 200 anys consistent en cremar energies f\u00f2ssils que augmenten les temperatures,\u00a0disminueixen les pluges,\u00a0i empitjoren de forma dram\u00e0tica l\u2019aire que respirem.\u00a0Les conseq\u00fc\u00e8ncies per la vida dels \u00e9ssers vius s\u00f3n colossals: gaireb\u00e9 4.000 morts prematures\u00a0anuals a\u00a0la conurbaci\u00f3 de Barcelona,\u00a035.000 a Espanya\u00a0 i 8 milions al m\u00f3n. I el pitjor \u00e9s que deixem un Planeta invivible.<\/p>\n<p>He recorregut Catalunya aquests dies\u00a0 des del Pont de Suert fins Alcanar\u00a0passant per Barcelona, Matadepera,\u00a0Capellades,Tarragona, Valls, Flix\u00a0i Santa B\u00e0rbara explicant aquestes coses. He preferit en aquesta ocasi\u00f3 argumentar-les des del punt de vista econ\u00f2mic per\u00f2 no parlant dels costos en vides i malalties sin\u00f3 de les oportunitats econ\u00f2miques que suposa passar al nou model energ\u00e8tic 100 % renovable.\u00a0Vaig pensar que\u00a0potser seria un argument m\u00e9s convincent que no pas la vida i la salut dels \u00e9ssers vius.<\/p>\n<p>Vaig fer una estimaci\u00f3 per cada\u00a0municipi on anava calculant diferents factors \u00a0a tenir en compte en funci\u00f3 dels habitatges de cada municipi,\u00a0 equipaments p\u00fablics, mitjans de transport\u00a0terrestre,\u00a0 mar\u00edtim \u00a0o aeri, l\u2019extensi\u00f3,\u00a0els espais antropitzats, etc. No hi ha estudis aix\u00ed i vaig pensar que no podia ser per casualitat. Nom\u00e9s fa uns mesos el Col\u00b7legi d\u2019Enginyers Industrials en va publicar un que parla de 230.000 milions d\u2019euros si volem tenir una Catalunya\u00a0 amb energia 100%\u00a0renovable.<\/p>\n<p>Perqu\u00e8 el lector o lectora es faci una idea de la magnitud de les oportunitats econ\u00f2miques que significar\u00e0 en la nostra civilitzaci\u00f3 el canvi energ\u00e8tic, a\u00a0la ciutat de Barcelona \u00a0s\u2019hauran de fer unes inversions\u00a0 de 48.000 milions d\u2019euros fins al 2050; a Tarragona 3.000 milions.\u00a0S\u00f3n inversions molt considerables,\u00a0moltes\u00a0noves activitats i llocs de treball,\u00a0nous h\u00e0bits d\u2019estalvi a integrar a la nostra agenda familiar,\u00a0a la de les empreses, a l\u2019administraci\u00f3.<\/p>\n<p>No cal dir que aquestes inversions no les ha de fer nom\u00e9s l\u2019administraci\u00f3 p\u00fablica tot i que hauria de prendre part\u00a0 en el negoci de l\u2019energia que cada vegada hi ha m\u00e9s coincid\u00e8ncia en considerar-la un dret. Perqu\u00e8, com l\u2019aigua, no es pot viure\u00a0 en condicions dignes sense tenir-ne\u00a0 assegurat l\u2019acc\u00e9s.<\/p>\n<p>No s\u00e9 si aquests arguments\u00a0acabaran de mobilitzar\u00a0 la nostra societat comen\u00e7ant pels seus dirigents de tot tipus,\u00a0 econ\u00f2mics, socials i pol\u00edtics i acabant pel conjunt de la ciutadania.\u00a0 Hi ha massa\u00a0 interessos\u00a0 en joc\u00a0 que malden\u00a0 per perpetuar el sistema de consum desaforat actual i d\u2019energia contaminant que el sustenta.<\/p>\n<p>I continuem sentint missatges\u00a0com el del President de la principal petroliera espanyola aquests dies en contra del nou sistema energ\u00e8tic\u00a0per\u00f2 tamb\u00e9 de gent de bona fe que s\u2019oposa\u00a0a la substituci\u00f3 de combustibles f\u00f2ssils per energies renovables\u00a0quan parlem d\u2019ocupar un 2,5% del territori de Catalunya ( un 3% a Alemanya).<\/p>\n<p>No pot ser que ignorin que l\u2019energia surt d\u2019algun indret concret. Durant milers d\u2019anys a Catalunya, com a tot arreu, els pagesos destinaven una part de les finques al conreu de cereals per alimentar els animals de tir\u00a0i boscos per abastir-se de llenya. Per\u00f2 amb l\u2019aparici\u00f3 dels tractors es\u00a0 van traslladar aquests terrenys a pa\u00efsos llunyans\u00a0productors de petroli i de gas. Ara veiem que all\u00f2 ens ha portat\u00a0problemes greus com malalties i morts per contaminaci\u00f3,\u00a0augment de les temperatures i guerres.<\/p>\n<p>Cal recuperar la generaci\u00f3 d\u2019energia\u00a0a casa nostra procurant que estigui el m\u00e0xim de distribu\u00efda i no nom\u00e9s en l\u2019espai sin\u00f3 tamb\u00e9, en la mesura del possible, en la propietat per evitar abusos que coneixem massa.<\/p>\n<p>L\u2019alarma fa quatre anys que sona i hi ha molta gent que no vol que la sentim\u00a0 ni ens preparem\u00a0 per fer front a l\u2019amena\u00e7a mentre pugen les temperatures, ens quedem sense aigua, emmalaltim, morim i deixem un Planeta on els nostres descendents tindran dif\u00edcil viure. Ho consentirem?<\/p>\n","protected":false},"excerpt":{"rendered":"<p>&nbsp; Els creuers no salpen del port sense haver reunit als passatgers amb instruccions de com comportar-se en cas d\u2019emerg\u00e8ncia, assenyalant les marques al terra indicant els llocs de concentraci\u00f3, \u00a0instruint sobre armilles\u00a0i bots salvavides perqu\u00e8 tothom s\u00e0piga el que &hellip; <a href=\"https:\/\/blocs.tinet.cat\/xaviersabate\/2023\/06\/14\/quatre-anys-demergencia\/\">Continua llegint <span class=\"meta-nav\">&rarr;<\/span><\/a><\/p>\n","protected":false},"author":69,"featured_media":0,"comment_status":"open","ping_status":"open","sticky":false,"template":"","format":"standard","meta":{"footnotes":""},"categories":[1],"tags":[],"class_list":["post-1093","post","type-post","status-publish","format-standard","hentry","category-general"],"_links":{"self":[{"href":"https:\/\/blocs.tinet.cat\/xaviersabate\/wp-json\/wp\/v2\/posts\/1093","targetHints":{"allow":["GET"]}}],"collection":[{"href":"https:\/\/blocs.tinet.cat\/xaviersabate\/wp-json\/wp\/v2\/posts"}],"about":[{"href":"https:\/\/blocs.tinet.cat\/xaviersabate\/wp-json\/wp\/v2\/types\/post"}],"author":[{"embeddable":true,"href":"https:\/\/blocs.tinet.cat\/xaviersabate\/wp-json\/wp\/v2\/users\/69"}],"replies":[{"embeddable":true,"href":"https:\/\/blocs.tinet.cat\/xaviersabate\/wp-json\/wp\/v2\/comments?post=1093"}],"version-history":[{"count":0,"href":"https:\/\/blocs.tinet.cat\/xaviersabate\/wp-json\/wp\/v2\/posts\/1093\/revisions"}],"wp:attachment":[{"href":"https:\/\/blocs.tinet.cat\/xaviersabate\/wp-json\/wp\/v2\/media?parent=1093"}],"wp:term":[{"taxonomy":"category","embeddable":true,"href":"https:\/\/blocs.tinet.cat\/xaviersabate\/wp-json\/wp\/v2\/categories?post=1093"},{"taxonomy":"post_tag","embeddable":true,"href":"https:\/\/blocs.tinet.cat\/xaviersabate\/wp-json\/wp\/v2\/tags?post=1093"}],"curies":[{"name":"wp","href":"https:\/\/api.w.org\/{rel}","templated":true}]}}