{"id":1008,"date":"2020-12-09T06:47:32","date_gmt":"2020-12-09T06:47:32","guid":{"rendered":"https:\/\/blocs.tinet.cat\/xaviersabate\/?p=1008"},"modified":"2020-12-09T07:36:00","modified_gmt":"2020-12-09T07:36:00","slug":"hidrogen-i-quimica-a-tarragona-2","status":"publish","type":"post","link":"https:\/\/blocs.tinet.cat\/xaviersabate\/2020\/12\/09\/hidrogen-i-quimica-a-tarragona-2\/","title":{"rendered":"Hidrogen i qu\u00edmica a Tarragona (2)"},"content":{"rendered":"<p><img decoding=\"async\" class=\"aligncenter\" src=\"https:\/\/static.wikia.nocookie.net\/quimica\/images\/2\/20\/Molecula_agua.jpg\/revision\/latest?cb=20081127011714&amp;path-prefix=es\" alt=\"Hidr\u00f3geno | Qu\u00edmica | Fandom\" \/><\/p>\n<p>&nbsp;<\/p>\n<p><em>Article publicat al Diari de Tarragona el 9\u00a0 de desembre de 2020<\/em><br \/>\nEl 26 de gener de 2019, publicava en aquest diari un article amb el mateix t\u00edtol i acabava dient: \u201c No haur\u00edem de perdre l\u2019oportunitat de ser capdavanters; la\u00a0 ind\u00fastria qu\u00edmica podria ser una gran protagonista no nom\u00e9s en l\u2019hidrogen sin\u00f3 en moltes altres noves oportunitats de materials per produir energia fotovoltaica, termosolar, bateries o, com el cas que ens ocupa, l\u2019hidrogen. I, per suposat, la URV\u00a0 i el Port de Tarragona \u201d<\/p>\n<p>Gaireb\u00e9 dos anys despr\u00e8s la Rectora de la URV ha impulsat una Plataforma d\u2019empreses i institucions per fomentar l\u2019hidrogen com una de les alternatives per descarbonitzar la nostra economia i en particular la ind\u00fastria qu\u00edmica que si no ho fa est\u00e0 amena\u00e7ada de malaltia greu com tamb\u00e9 el Port de Tarragona per la desaparici\u00f3 dels derivats del petroli com a combustibles en pocs anys.<\/p>\n<p>Els centres de decisi\u00f3 s\u00f3n majorit\u00e0riament a Madrid, USA i Alemanya i veient els silencis o els anuncis d\u2019inversions fora de Tarragona, ens haur\u00edem de preocupar; aix\u00f2 que ja era un perill\u00a0 fa dos anys, ara ho \u00e9s m\u00e9s perqu\u00e8 no s\u2019ha fet res mentre altres han corregut molt. Que la URV sigui qui\u00a0 encap\u00e7ali una gran projecte relacionat amb l\u2019hidrogen diu molt a favor de\u00a0 l\u2019actual equip rectoral, per\u00f2 molt poc de les nostres institucions pol\u00edtiques i econ\u00f2miques ocupades en altres afers.<\/p>\n<p>Els efectes de la transici\u00f3 energ\u00e8tica a casa nostra poden ser devastadors i algunes s\u00f3n \u201ccomarques de la transici\u00f3 justa\u201d o de l\u2019Espanya o la Catalunya buida afectades pel tancament de nuclears. Potser encara hi som a temps:<\/p>\n<p>Cal un gran acord territorial. Camp de Tarragona i\u00a0 Terres de l\u2019Ebre han de posar-se d\u2019acord en un\u00a0 Pla d\u2019acci\u00f3 al menys en Transici\u00f3 Energ\u00e8tica i\u00a0 Ind\u00fastria qu\u00edmica. No ens vindr\u00e0 donat res i ens ho hem de guanyar nosaltres fent sentir la nostra veu segons els nostres interessos. Les empreses tenen els seus i avui nom\u00e9s programen a curt termini per\u00f2 nosaltres tenim l\u2019obligaci\u00f3 de mirar m\u00e9s enll\u00e0. Volem continuar jugant un paper important ? Estem disposats a generar energia renovable de forma massiva, a terra i al mar i d\u2019emmagatzemar-la en forma de bateries i d\u2019hidrogen ? O preferirem que siguin altres territoris a Catalunya o fora ?<\/p>\n<p>Els propers anys hem de substituir 3 grups nuclears i 3 cicles combinats ( uns 4,5 Gigawats ) als quals cal sumar mig Gigawat m\u00e9s per la ind\u00fastria qu\u00edmica. A banda, cal passar a biog\u00e0s i hidrogen el transport ( mar\u00edtim i aeri inclosos ) i els usos residencials. Alguns estudis situen l\u2019augment del que aix\u00f2 significar\u00e0 d\u2019augment de consum el\u00e8ctric en un 70\/80 %\u00a0 tot i l\u2019efici\u00e8ncia i estalvi que s\u2019espera. Alemanya fa temps que ho ha ent\u00e8s i t\u00e9 deu vegades m\u00e9s pot\u00e8ncia\u00a0 solar que Espanya tot i ser m\u00e9s petita i amb menys sol. Austr\u00e0lia\u00a0 ha projectat un cable de 3.500 kms fins a Singapur per vendre la seva electricitat renovable sobrera i ha arribat a acords amb Alemanya, Jap\u00f3 i Corea per exportar hidrogen verd. Es parla que la Pen\u00ednsula Ib\u00e9rica podria ser un bon reservori d\u2019energia i d\u2019hidrogen per a altres pa\u00efsos europeus. Hi volem jugar o no ?. Necessitem molta renovable ( tamb\u00e9 per produir hidrogen). Aqu\u00ed\u00a0 he de confessar que volia\u00a0 comen\u00e7ar aquest article amb el t\u00edtol \u201c La renovable, est\u00fapid\u201d<\/p>\n<p>Cal un acord catal\u00e0 i amb l\u2019Estat. Els governs de Catalunya i de l\u2019Estat i les institucions econ\u00f2miques i socials s\u2019han de posar d\u2019acord\u00a0 perqu\u00e8 si anem per lliure les inversions se\u2019n van a\u00a0 altres territoris com el Pa\u00eds Basc, Castella la Manxa, Gal\u00edcia, Arag\u00f3&#8230;.. No cal que ning\u00fa renunci\u00ef al seu projecte pol\u00edtic per\u00f2\u00a0 hem de conservar i si pot ser augmentar les empreses i els llocs de treball.<\/p>\n<p>Necessitem un nou model de gesti\u00f3 de l\u2019energia. L\u2019energia \u00e9s de tots perqu\u00e8 de tots \u00e9s la Natura d\u2019on surt. El nou model energ\u00e8tic vol dir que la ciutadania, les empreses, els ajuntaments ens podem generar la nostra energia o podem exigir participar en el seu negoci. Les reformes del Govern de Pedro S\u00e0nchez han significat molt respecte del PP pendent sempre d\u2019afavorir els grans monopolis per\u00f2 encara falta una mica\u00a0 perqu\u00e8 el negoci energ\u00e8tic sigui m\u00e9s participat i que arribin a tothom els beneficis en forma d\u2019energia m\u00e9s barata si la auto-consumim de forma compartida i gestionem els excedents ( entre altres coses per disposar d\u2019hidrogen verd m\u00e9s barat ). En aquest sentit \u00e9s bona not\u00edcia que el Parlament hagi aprovat la passada setmana per \u00e0mplia majoria una moci\u00f3 del PSC\u00a0 que, en un dels seus punts, diu\u00a0 \u201c recuperar per la gesti\u00f3 p\u00fablica les concessions administratives dels aprofitaments de les centrals hidroel\u00e8ctriques quan acabin el per\u00edode concessionat mitjan\u00e7ant la creaci\u00f3 d\u2019una\u00a0 empresa p\u00fablica participada per totes les administracions afectades \u201c.<\/p>\n<p>Com fa dos anys torno a dir: \u201c Catalunya s\u2019ha de sumar urgentment al repte d\u2019assolir un pa\u00eds amb energia neta, segura i inacabable i les nostres comarques poden tenir un paper rellevant generant llocs de treball, investigaci\u00f3 i recerca i essent pol d\u2019atracci\u00f3 de noves activitats.\u201d<\/p>\n<p><strong>Hidr\u00f3geno y qu\u00edmica en Tarragona (2)<\/strong><\/p>\n<p>Art\u00edculo publicado en el Diari de Tarragona el 9 de diciembre de 2020<\/p>\n<p>El 26 de enero de 2019, publicaba en este diario un art\u00edculo con el  mismo t\u00edtulo y conclu\u00eda: &#8220;No deber\u00edamos perder la oportunidad de ser  l\u00edderes; la industria qu\u00edmica podr\u00eda ser una gran protagonista no s\u00f3lo  en el hidr\u00f3geno sino en muchas otras nuevas oportunidades de materiales  para producir energ\u00eda fotovoltaica, termosolar, bater\u00edas o, como el caso  que nos ocupa, el hidr\u00f3geno. Y, por supuesto, la Universitat Rovira y  Virgili y el Puerto de Tarragona &#8221;<\/p>\n<p>Casi dos a\u00f1os despu\u00e9s la Rectora de la URV ha impulsado una Plataforma  de empresas e instituciones para fomentar el hidr\u00f3geno como una de las  alternativas para descarbonizar nuestra econom\u00eda y en particular la  industria qu\u00edmica que si no lo hace est\u00e1 amenazada de enfermedad grave;  as\u00ed como el Puerto de Tarragona por la desaparici\u00f3n de los derivados del  petr\u00f3leo como combustibles en pocos a\u00f1os.<\/p>\n<p>Los centros de decisi\u00f3n est\u00e1n mayoritariamente en Madrid, USA y Alemania  y viendo los silencios o los anuncios de inversiones fuera de  Tarragona, deber\u00edamos preocuparnos; eso que ya era un peligro hace dos  a\u00f1os, ahora lo es m\u00e1s porque no se ha hecho nada mientras otros han  corrido mucho. Que la URV sea quien encabece una gran proyecto  relacionado con el hidr\u00f3geno dice mucho a favor del actual equipo  rectoral, pero muy poco de nuestras instituciones pol\u00edticas y econ\u00f3micas  ocupadas en otros asuntos.<\/p>\n<p>Los efectos de la transici\u00f3n energ\u00e9tica en nuestro territorio pueden ser  devastadores y algunas son &#8220;comarcas de la transici\u00f3n justa&#8221; o de la  Espa\u00f1a o la Catalu\u00f1a vac\u00eda afectadas por el cierre de nucleares. Quiz\u00e1s  a\u00fan estamos a tiempo:<\/p>\n<p>Es necesario un gran acuerdo territorial. Camp de Tarragona y Tierras  del Ebro han de ponerse de acuerdo en un plan de acci\u00f3n por lo menos en  Transici\u00f3n Energ\u00e9tica e Industria qu\u00edmica. No nos vendr\u00e1 dado nada y nos  lo tenemos que ganar nosotros haciendo o\u00edr nuestra voz seg\u00fan nuestros  intereses. Las empresas tienen los suyos y hoy s\u00f3lo programan a corto  plazo pero nosotros tenemos la obligaci\u00f3n de mirar m\u00e1s all\u00e1. \u00bf Queremos  continuar jugando un papel importante? \u00bf Estamos dispuestos a generar  energ\u00eda renovable de forma masiva, en el suelo y en el mar y de  almacenarla en forma de bater\u00edas y de hidr\u00f3geno? \u00bf O preferiremos que  sean otros territorios en Catalu\u00f1a o fuera?<\/p>\n<p>En los pr\u00f3ximos a\u00f1os debemos sustituir 3 grupos nucleares y 3 ciclos  combinados (unos 4,5 gigavatios) a los que hay que sumar medio Gigawatio  m\u00e1s para la industria qu\u00edmica. Aparte, hay que pasar a biog\u00e1s e  hidr\u00f3geno el transporte (mar\u00edtimo y a\u00e9reo incluidos) y los usos  residenciales. Algunos estudios sit\u00faan lo que esto significar\u00e1 de  aumento de consumo el\u00e9ctrico en un 70\/80% a pesar de la eficiencia y  ahorro que se espera. Alemania hace tiempo que lo ha entendido y tiene  diez veces m\u00e1s potencia solar instalada que Espa\u00f1a a pesar de ser m\u00e1s  peque\u00f1a y con menos sol. Australia ha proyectado un cable de 3.500 kms  hasta Singapur para vender su electricidad renovable sobrante y ha  llegado a acuerdos con Alemania, Jap\u00f3n y Corea para exportar hidr\u00f3geno  verde. Se habla de que la Pen\u00ednsula Ib\u00e9rica podr\u00eda ser un buen  reservorio de energ\u00eda y de hidr\u00f3geno para otros pa\u00edses europeos. \u00bf  queremos jugar o no?. Necesitamos mucha renovable (tambi\u00e9n para producir  hidr\u00f3geno). Aqu\u00ed debo confesar que quer\u00eda empezar este art\u00edculo con el  t\u00edtulo &#8220;La renovable, et\u00fapido\u201d<\/p>\n<p>Es necesario un acuerdo catal\u00e1n y con el Estado. Los gobiernos de  Catalu\u00f1a y del Estado y las instituciones econ\u00f3micas y sociales deben  ponerse de acuerdo porque si vamos por libre las inversiones se van a  otros territorios como el Pa\u00eds Vasco, Castilla la Mancha, Galicia,  Arag\u00f3n. &#8230;. No es necesario que nadie renuncie a su proyecto pol\u00edtico  pero debemos conservar y si puede ser aumentar las empresas y los  puestos de trabajo.<\/p>\n<p>Necesitamos un nuevo modelo de gesti\u00f3n de la energ\u00eda que es de todos  porque de todos es la Naturaleza de donde sale. El nuevo modelo  energ\u00e9tico significa que la ciudadan\u00eda, las empresas, los ayuntamientos  nos podemos generar nuestra energ\u00eda o podemos exigir participar en su  negocio. Las reformas del Gobierno de Pedro S\u00e1nchez han significado  mucho respecto de la situaci\u00f3n que dej\u00f3 el PP pendiente siempre de  favorecer los grandes monopolios; pero todav\u00eda falta un poco para que el  negocio energ\u00e9tico sea m\u00e1s participado y que lleguen a todos los  beneficios en forma de energ\u00eda m\u00e1s barata si la auto-consumjmos de forma  compartida y gestionamos los excedentes (entre otras cosas para  disponer de hidr\u00f3geno verde m\u00e1s barato). En este sentido es buena  noticia que el Parlamento haya aprobado la pasada semana por amplia  mayor\u00eda una moci\u00f3n del PSC que, en uno de sus puntos, dice &#8220;recuperar  para la gesti\u00f3n p\u00fablica las concesiones administrativas de los  aprovechamientos de las centrales hidroel\u00e9ctricas cuando terminen el  per\u00edodo concesionado mediante la creaci\u00f3n de una empresa p\u00fablica  participada por todas las administraciones afectadas &#8220;.<\/p>\n<p>Como hace dos a\u00f1os repito: &#8220;Catalu\u00f1a debe sumarsee urgentemente al reto  de lograr un pa\u00eds con energ\u00eda limpia, segura y inacabable y nuestras  comarcas pueden tener un papel relevante generando puestos de trabajo,  investigaci\u00f3n y b\u00fasqueda y siendo polo de atracci\u00f3n de nuevas  actividades. &#8220;<\/p>\n","protected":false},"excerpt":{"rendered":"<p>&nbsp; Article publicat al Diari de Tarragona el 9\u00a0 de desembre de 2020 El 26 de gener de 2019, publicava en aquest diari un article amb el mateix t\u00edtol i acabava dient: \u201c No haur\u00edem de perdre l\u2019oportunitat de ser &hellip; <a href=\"https:\/\/blocs.tinet.cat\/xaviersabate\/2020\/12\/09\/hidrogen-i-quimica-a-tarragona-2\/\">Continua llegint <span class=\"meta-nav\">&rarr;<\/span><\/a><\/p>\n","protected":false},"author":69,"featured_media":0,"comment_status":"open","ping_status":"open","sticky":false,"template":"","format":"standard","meta":{"footnotes":""},"categories":[1],"tags":[],"class_list":["post-1008","post","type-post","status-publish","format-standard","hentry","category-general"],"_links":{"self":[{"href":"https:\/\/blocs.tinet.cat\/xaviersabate\/wp-json\/wp\/v2\/posts\/1008","targetHints":{"allow":["GET"]}}],"collection":[{"href":"https:\/\/blocs.tinet.cat\/xaviersabate\/wp-json\/wp\/v2\/posts"}],"about":[{"href":"https:\/\/blocs.tinet.cat\/xaviersabate\/wp-json\/wp\/v2\/types\/post"}],"author":[{"embeddable":true,"href":"https:\/\/blocs.tinet.cat\/xaviersabate\/wp-json\/wp\/v2\/users\/69"}],"replies":[{"embeddable":true,"href":"https:\/\/blocs.tinet.cat\/xaviersabate\/wp-json\/wp\/v2\/comments?post=1008"}],"version-history":[{"count":0,"href":"https:\/\/blocs.tinet.cat\/xaviersabate\/wp-json\/wp\/v2\/posts\/1008\/revisions"}],"wp:attachment":[{"href":"https:\/\/blocs.tinet.cat\/xaviersabate\/wp-json\/wp\/v2\/media?parent=1008"}],"wp:term":[{"taxonomy":"category","embeddable":true,"href":"https:\/\/blocs.tinet.cat\/xaviersabate\/wp-json\/wp\/v2\/categories?post=1008"},{"taxonomy":"post_tag","embeddable":true,"href":"https:\/\/blocs.tinet.cat\/xaviersabate\/wp-json\/wp\/v2\/tags?post=1008"}],"curies":[{"name":"wp","href":"https:\/\/api.w.org\/{rel}","templated":true}]}}