{"id":988,"date":"2015-01-04T18:24:56","date_gmt":"2015-01-04T17:24:56","guid":{"rendered":"https:\/\/blocs.tinet.cat\/labicidelalbert\/?p=988"},"modified":"2015-01-06T11:24:24","modified_gmt":"2015-01-06T10:24:24","slug":"arboli-gallicant-els-gorgs","status":"publish","type":"post","link":"https:\/\/blocs.tinet.cat\/labicidelalbert\/2015\/01\/04\/arboli-gallicant-els-gorgs\/","title":{"rendered":"Arbol\u00ed &#8211; Gallicant &#8211; Els Gorgs"},"content":{"rendered":"<p>No tot ha de ser bicicleta.<br \/>\nAvui hem fet una caminada en fam\u00edlia per la muntanya de l&#8217;Arbol\u00ed fins a arribar als Gorgs.<br \/>\nA mig cam\u00ed et trobes el poblet abandonat de Gallicant.<br \/>\n<a href=\"https:\/\/blocs.tinet.cat\/labicidelalbert\/2015\/01\/04\/arboli-gallicant-els-gorgs\/img_20150104_113820\/\" rel=\"attachment wp-att-990\"><img loading=\"lazy\" decoding=\"async\" src=\"https:\/\/blocs.tinet.cat\/labicidelalbert\/files\/2015\/01\/IMG_20150104_113820.jpg\" alt=\"\" width=\"800\" height=\"600\" class=\"alignleft size-full wp-image-990\" srcset=\"https:\/\/blocs.tinet.cat\/labicidelalbert\/files\/2015\/01\/IMG_20150104_113820.jpg 800w, https:\/\/blocs.tinet.cat\/labicidelalbert\/files\/2015\/01\/IMG_20150104_113820-300x225.jpg 300w\" sizes=\"auto, (max-width: 800px) 100vw, 800px\" \/><\/a><br \/>\nHem aprofitat per trobar un tresor amagat.<br \/>\n<a href=\"https:\/\/blocs.tinet.cat\/labicidelalbert\/2015\/01\/04\/arboli-gallicant-els-gorgs\/img_20150104_113700\/\" rel=\"attachment wp-att-989\"><img loading=\"lazy\" decoding=\"async\" src=\"https:\/\/blocs.tinet.cat\/labicidelalbert\/files\/2015\/01\/IMG_20150104_113700.jpg\" alt=\"\" width=\"800\" height=\"600\" class=\"alignleft size-full wp-image-989\" srcset=\"https:\/\/blocs.tinet.cat\/labicidelalbert\/files\/2015\/01\/IMG_20150104_113700.jpg 800w, https:\/\/blocs.tinet.cat\/labicidelalbert\/files\/2015\/01\/IMG_20150104_113700-300x225.jpg 300w\" sizes=\"auto, (max-width: 800px) 100vw, 800px\" \/><\/a><br \/>\nPer\u00f2 l&#8217;arribada a la zona del gorgs \u00e9s el premi de tota la caminada. Estaven espectaculars. Aigua clar\u00edssima i fresca.<br \/>\n<a href=\"https:\/\/blocs.tinet.cat\/labicidelalbert\/2015\/01\/04\/arboli-gallicant-els-gorgs\/img_20150104_122207\/\" rel=\"attachment wp-att-991\"><img loading=\"lazy\" decoding=\"async\" src=\"https:\/\/blocs.tinet.cat\/labicidelalbert\/files\/2015\/01\/IMG_20150104_122207.jpg\" alt=\"\" width=\"800\" height=\"600\" class=\"alignleft size-full wp-image-991\" srcset=\"https:\/\/blocs.tinet.cat\/labicidelalbert\/files\/2015\/01\/IMG_20150104_122207.jpg 800w, https:\/\/blocs.tinet.cat\/labicidelalbert\/files\/2015\/01\/IMG_20150104_122207-300x225.jpg 300w\" sizes=\"auto, (max-width: 800px) 100vw, 800px\" \/><\/a><br \/>\n<a href=\"https:\/\/blocs.tinet.cat\/labicidelalbert\/2015\/01\/04\/arboli-gallicant-els-gorgs\/img_20150104_122903\/\" rel=\"attachment wp-att-992\"><img loading=\"lazy\" decoding=\"async\" src=\"https:\/\/blocs.tinet.cat\/labicidelalbert\/files\/2015\/01\/IMG_20150104_122903.jpg\" alt=\"\" width=\"600\" height=\"800\" class=\"aligncenter size-full wp-image-992\" srcset=\"https:\/\/blocs.tinet.cat\/labicidelalbert\/files\/2015\/01\/IMG_20150104_122903.jpg 600w, https:\/\/blocs.tinet.cat\/labicidelalbert\/files\/2015\/01\/IMG_20150104_122903-225x300.jpg 225w\" sizes=\"auto, (max-width: 600px) 100vw, 600px\" \/><\/a><br \/>\nI com que a l&#8217;arribar de nou a l&#8217;Arbol\u00ed ja era l&#8217;hora de dinar i ten\u00edem gana, doncs ens hem assegut a taula per recuperar forces, i per degustar el flam d&#8217;ou casol\u00e0 de cal Pigot.<br \/>\n<a href=\"https:\/\/blocs.tinet.cat\/labicidelalbert\/2015\/01\/04\/arboli-gallicant-els-gorgs\/img_20150104_152840\/\" rel=\"attachment wp-att-993\"><img loading=\"lazy\" decoding=\"async\" src=\"https:\/\/blocs.tinet.cat\/labicidelalbert\/files\/2015\/01\/IMG_20150104_152840.jpg\" alt=\"\" width=\"800\" height=\"600\" class=\"alignleft size-full wp-image-993\" srcset=\"https:\/\/blocs.tinet.cat\/labicidelalbert\/files\/2015\/01\/IMG_20150104_152840.jpg 800w, https:\/\/blocs.tinet.cat\/labicidelalbert\/files\/2015\/01\/IMG_20150104_152840-300x225.jpg 300w\" sizes=\"auto, (max-width: 800px) 100vw, 800px\" \/><\/a><\/p>\n","protected":false},"excerpt":{"rendered":"<p>No tot ha de ser bicicleta. Avui hem fet una caminada en fam\u00edlia per la muntanya de l&#8217;Arbol\u00ed fins a arribar als Gorgs. A mig cam\u00ed et trobes el poblet abandonat de Gallicant. Hem aprofitat per trobar un tresor amagat. &hellip; <a href=\"https:\/\/blocs.tinet.cat\/labicidelalbert\/2015\/01\/04\/arboli-gallicant-els-gorgs\/\">Continua llegint <span class=\"meta-nav\">&rarr;<\/span><\/a><\/p>\n","protected":false},"author":54,"featured_media":0,"comment_status":"open","ping_status":"open","sticky":false,"template":"","format":"standard","meta":{"footnotes":""},"categories":[6],"tags":[],"class_list":["post-988","post","type-post","status-publish","format-standard","hentry","category-senderisme"],"_links":{"self":[{"href":"https:\/\/blocs.tinet.cat\/labicidelalbert\/wp-json\/wp\/v2\/posts\/988","targetHints":{"allow":["GET"]}}],"collection":[{"href":"https:\/\/blocs.tinet.cat\/labicidelalbert\/wp-json\/wp\/v2\/posts"}],"about":[{"href":"https:\/\/blocs.tinet.cat\/labicidelalbert\/wp-json\/wp\/v2\/types\/post"}],"author":[{"embeddable":true,"href":"https:\/\/blocs.tinet.cat\/labicidelalbert\/wp-json\/wp\/v2\/users\/54"}],"replies":[{"embeddable":true,"href":"https:\/\/blocs.tinet.cat\/labicidelalbert\/wp-json\/wp\/v2\/comments?post=988"}],"version-history":[{"count":0,"href":"https:\/\/blocs.tinet.cat\/labicidelalbert\/wp-json\/wp\/v2\/posts\/988\/revisions"}],"wp:attachment":[{"href":"https:\/\/blocs.tinet.cat\/labicidelalbert\/wp-json\/wp\/v2\/media?parent=988"}],"wp:term":[{"taxonomy":"category","embeddable":true,"href":"https:\/\/blocs.tinet.cat\/labicidelalbert\/wp-json\/wp\/v2\/categories?post=988"},{"taxonomy":"post_tag","embeddable":true,"href":"https:\/\/blocs.tinet.cat\/labicidelalbert\/wp-json\/wp\/v2\/tags?post=988"}],"curies":[{"name":"wp","href":"https:\/\/api.w.org\/{rel}","templated":true}]}}