{"id":891,"date":"2014-10-12T19:16:26","date_gmt":"2014-10-12T18:16:26","guid":{"rendered":"https:\/\/blocs.tinet.cat\/labicidelalbert\/?p=891"},"modified":"2014-10-12T19:16:26","modified_gmt":"2014-10-12T18:16:26","slug":"tarragona-eutiches-quadrigues14","status":"publish","type":"post","link":"https:\/\/blocs.tinet.cat\/labicidelalbert\/2014\/10\/12\/tarragona-eutiches-quadrigues14\/","title":{"rendered":"Tarragona &#8211; Eutiches Qu\u00e0drigues&#8217;14"},"content":{"rendered":"<p>Hem participat a l&#8217;Eutiches de Tarragona. L&#8217;amena\u00e7a de pluja finalment s&#8217;ha convertit en un dia assolellat, amb bona temperatura i amb el terra no gaire humit, que del contrari ens hauria provocat moltes relliscades per sobre les roques.<br \/>\nDe bon mat\u00ed cal posar el cos a punt, un cafet\u00f3 amb uns donuts entren la mar de b\u00e9.<br \/>\n<a href=\"https:\/\/blocs.tinet.cat\/labicidelalbert\/2014\/10\/12\/tarragona-eutiches-quadrigues14\/img_20141012_090211\/\" rel=\"attachment wp-att-892\"><img loading=\"lazy\" decoding=\"async\" src=\"https:\/\/blocs.tinet.cat\/labicidelalbert\/files\/2014\/10\/IMG_20141012_090211.jpg\" alt=\"\" width=\"800\" height=\"600\" class=\"alignleft size-full wp-image-892\" srcset=\"https:\/\/blocs.tinet.cat\/labicidelalbert\/files\/2014\/10\/IMG_20141012_090211.jpg 800w, https:\/\/blocs.tinet.cat\/labicidelalbert\/files\/2014\/10\/IMG_20141012_090211-300x225.jpg 300w\" sizes=\"auto, (max-width: 800px) 100vw, 800px\" \/><\/a><br \/>\nHem sigut 4 penyistes. Tamb\u00e9 hi havia el Fona, per\u00f2 va tant r\u00e0pid que no l&#8217;hem enganxat ni per la foto de la sortida.<br \/>\n<a href=\"https:\/\/blocs.tinet.cat\/labicidelalbert\/2014\/10\/12\/tarragona-eutiches-quadrigues14\/img_20141012_092800\/\" rel=\"attachment wp-att-893\"><img loading=\"lazy\" decoding=\"async\" src=\"https:\/\/blocs.tinet.cat\/labicidelalbert\/files\/2014\/10\/IMG_20141012_092800.jpg\" alt=\"\" width=\"800\" height=\"600\" class=\"alignleft size-full wp-image-893\" srcset=\"https:\/\/blocs.tinet.cat\/labicidelalbert\/files\/2014\/10\/IMG_20141012_092800.jpg 800w, https:\/\/blocs.tinet.cat\/labicidelalbert\/files\/2014\/10\/IMG_20141012_092800-300x225.jpg 300w\" sizes=\"auto, (max-width: 800px) 100vw, 800px\" \/><\/a><br \/>\nEl recorregut \u00e9s el t\u00edpic de la zona de Tarragona, molt trencacames, pujades curtes per\u00f2 amb pedra i roca que et fan esbufegar de valent, i baixades tamb\u00e9 curtes per\u00f2 t\u00e8cniques. En resum, recorregut bastant divertit.<br \/>\n<a href=\"https:\/\/blocs.tinet.cat\/labicidelalbert\/2014\/10\/12\/tarragona-eutiches-quadrigues14\/img_20141012_125008\/\" rel=\"attachment wp-att-894\"><img loading=\"lazy\" decoding=\"async\" src=\"https:\/\/blocs.tinet.cat\/labicidelalbert\/files\/2014\/10\/IMG_20141012_125008.jpg\" alt=\"\" width=\"800\" height=\"600\" class=\"alignleft size-full wp-image-894\" srcset=\"https:\/\/blocs.tinet.cat\/labicidelalbert\/files\/2014\/10\/IMG_20141012_125008.jpg 800w, https:\/\/blocs.tinet.cat\/labicidelalbert\/files\/2014\/10\/IMG_20141012_125008-300x225.jpg 300w\" sizes=\"auto, (max-width: 800px) 100vw, 800px\" \/><\/a><br \/>\nI despr\u00e9s de 52 km l&#8217;arribada a meta.<br \/>\n<a href=\"https:\/\/blocs.tinet.cat\/labicidelalbert\/2014\/10\/12\/tarragona-eutiches-quadrigues14\/img_20141012_131001\/\" rel=\"attachment wp-att-895\"><img loading=\"lazy\" decoding=\"async\" src=\"https:\/\/blocs.tinet.cat\/labicidelalbert\/files\/2014\/10\/IMG_20141012_131001.jpg\" alt=\"\" width=\"800\" height=\"600\" class=\"alignleft size-full wp-image-895\" srcset=\"https:\/\/blocs.tinet.cat\/labicidelalbert\/files\/2014\/10\/IMG_20141012_131001.jpg 800w, https:\/\/blocs.tinet.cat\/labicidelalbert\/files\/2014\/10\/IMG_20141012_131001-300x225.jpg 300w\" sizes=\"auto, (max-width: 800px) 100vw, 800px\" \/><\/a><br \/>\n<a href=\"https:\/\/blocs.tinet.cat\/labicidelalbert\/2014\/10\/12\/tarragona-eutiches-quadrigues14\/img_20141012_131002\/\" rel=\"attachment wp-att-896\"><img loading=\"lazy\" decoding=\"async\" src=\"https:\/\/blocs.tinet.cat\/labicidelalbert\/files\/2014\/10\/IMG_20141012_131002.jpg\" alt=\"\" width=\"800\" height=\"600\" class=\"alignleft size-full wp-image-896\" srcset=\"https:\/\/blocs.tinet.cat\/labicidelalbert\/files\/2014\/10\/IMG_20141012_131002.jpg 800w, https:\/\/blocs.tinet.cat\/labicidelalbert\/files\/2014\/10\/IMG_20141012_131002-300x225.jpg 300w\" sizes=\"auto, (max-width: 800px) 100vw, 800px\" \/><\/a><br \/>\nEl recorregut el guardarem per repetir-lo en alguna ocasi\u00f3 per\u00f2 sortint des de Cambrils.<br \/>\n<a href=\"https:\/\/blocs.tinet.cat\/labicidelalbert\/2014\/10\/12\/tarragona-eutiches-quadrigues14\/quadrigues\/\" rel=\"attachment wp-att-897\"><img loading=\"lazy\" decoding=\"async\" src=\"https:\/\/blocs.tinet.cat\/labicidelalbert\/files\/2014\/10\/Quadrigues.jpg\" alt=\"\" width=\"800\" height=\"694\" class=\"alignleft size-full wp-image-897\" srcset=\"https:\/\/blocs.tinet.cat\/labicidelalbert\/files\/2014\/10\/Quadrigues.jpg 800w, https:\/\/blocs.tinet.cat\/labicidelalbert\/files\/2014\/10\/Quadrigues-300x260.jpg 300w\" sizes=\"auto, (max-width: 800px) 100vw, 800px\" \/><\/a><\/p>\n","protected":false},"excerpt":{"rendered":"<p>Hem participat a l&#8217;Eutiches de Tarragona. L&#8217;amena\u00e7a de pluja finalment s&#8217;ha convertit en un dia assolellat, amb bona temperatura i amb el terra no gaire humit, que del contrari ens hauria provocat moltes relliscades per sobre les roques. De bon &hellip; <a href=\"https:\/\/blocs.tinet.cat\/labicidelalbert\/2014\/10\/12\/tarragona-eutiches-quadrigues14\/\">Continua llegint <span class=\"meta-nav\">&rarr;<\/span><\/a><\/p>\n","protected":false},"author":54,"featured_media":0,"comment_status":"open","ping_status":"open","sticky":false,"template":"","format":"standard","meta":{"footnotes":""},"categories":[1],"tags":[],"class_list":["post-891","post","type-post","status-publish","format-standard","hentry","category-general"],"_links":{"self":[{"href":"https:\/\/blocs.tinet.cat\/labicidelalbert\/wp-json\/wp\/v2\/posts\/891","targetHints":{"allow":["GET"]}}],"collection":[{"href":"https:\/\/blocs.tinet.cat\/labicidelalbert\/wp-json\/wp\/v2\/posts"}],"about":[{"href":"https:\/\/blocs.tinet.cat\/labicidelalbert\/wp-json\/wp\/v2\/types\/post"}],"author":[{"embeddable":true,"href":"https:\/\/blocs.tinet.cat\/labicidelalbert\/wp-json\/wp\/v2\/users\/54"}],"replies":[{"embeddable":true,"href":"https:\/\/blocs.tinet.cat\/labicidelalbert\/wp-json\/wp\/v2\/comments?post=891"}],"version-history":[{"count":0,"href":"https:\/\/blocs.tinet.cat\/labicidelalbert\/wp-json\/wp\/v2\/posts\/891\/revisions"}],"wp:attachment":[{"href":"https:\/\/blocs.tinet.cat\/labicidelalbert\/wp-json\/wp\/v2\/media?parent=891"}],"wp:term":[{"taxonomy":"category","embeddable":true,"href":"https:\/\/blocs.tinet.cat\/labicidelalbert\/wp-json\/wp\/v2\/categories?post=891"},{"taxonomy":"post_tag","embeddable":true,"href":"https:\/\/blocs.tinet.cat\/labicidelalbert\/wp-json\/wp\/v2\/tags?post=891"}],"curies":[{"name":"wp","href":"https:\/\/api.w.org\/{rel}","templated":true}]}}