{"id":881,"date":"2014-09-28T18:39:08","date_gmt":"2014-09-28T17:39:08","guid":{"rendered":"https:\/\/blocs.tinet.cat\/labicidelalbert\/?p=881"},"modified":"2014-09-28T18:39:08","modified_gmt":"2014-09-28T17:39:08","slug":"bicicletada-descola","status":"publish","type":"post","link":"https:\/\/blocs.tinet.cat\/labicidelalbert\/2014\/09\/28\/bicicletada-descola\/","title":{"rendered":"Bicicletada d&#8217;escola"},"content":{"rendered":"<p>Ja fa una bona temporada que estic fent poqu\u00edssims quil\u00f2metres.<br \/>\nAquesta setmana nom\u00e9s he agafat la bici per fer 2,5 km en la Bicicletada organitzada a l&#8217;escola Mas Clariana per contribuir a un m\u00f3n amb menys fums.<br \/>\n<a href=\"https:\/\/blocs.tinet.cat\/labicidelalbert\/2014\/09\/28\/bicicletada-descola\/2014-09-25-17-32-00\/\" rel=\"attachment wp-att-882\"><img loading=\"lazy\" decoding=\"async\" src=\"https:\/\/blocs.tinet.cat\/labicidelalbert\/files\/2014\/09\/2014-09-25-17.32.00.jpg\" alt=\"\" width=\"640\" height=\"640\" class=\"aligncenter size-full wp-image-882\" srcset=\"https:\/\/blocs.tinet.cat\/labicidelalbert\/files\/2014\/09\/2014-09-25-17.32.00.jpg 640w, https:\/\/blocs.tinet.cat\/labicidelalbert\/files\/2014\/09\/2014-09-25-17.32.00-150x150.jpg 150w, https:\/\/blocs.tinet.cat\/labicidelalbert\/files\/2014\/09\/2014-09-25-17.32.00-300x300.jpg 300w\" sizes=\"auto, (max-width: 640px) 100vw, 640px\" \/><\/a><br \/>\nA veure si els diumenges es normalitzen i tornem a pedalar de valent (que em conv\u00e9).  <\/p>\n","protected":false},"excerpt":{"rendered":"<p>Ja fa una bona temporada que estic fent poqu\u00edssims quil\u00f2metres. Aquesta setmana nom\u00e9s he agafat la bici per fer 2,5 km en la Bicicletada organitzada a l&#8217;escola Mas Clariana per contribuir a un m\u00f3n amb menys fums. A veure si &hellip; <a href=\"https:\/\/blocs.tinet.cat\/labicidelalbert\/2014\/09\/28\/bicicletada-descola\/\">Continua llegint <span class=\"meta-nav\">&rarr;<\/span><\/a><\/p>\n","protected":false},"author":54,"featured_media":0,"comment_status":"open","ping_status":"open","sticky":false,"template":"","format":"standard","meta":{"footnotes":""},"categories":[1],"tags":[],"class_list":["post-881","post","type-post","status-publish","format-standard","hentry","category-general"],"_links":{"self":[{"href":"https:\/\/blocs.tinet.cat\/labicidelalbert\/wp-json\/wp\/v2\/posts\/881","targetHints":{"allow":["GET"]}}],"collection":[{"href":"https:\/\/blocs.tinet.cat\/labicidelalbert\/wp-json\/wp\/v2\/posts"}],"about":[{"href":"https:\/\/blocs.tinet.cat\/labicidelalbert\/wp-json\/wp\/v2\/types\/post"}],"author":[{"embeddable":true,"href":"https:\/\/blocs.tinet.cat\/labicidelalbert\/wp-json\/wp\/v2\/users\/54"}],"replies":[{"embeddable":true,"href":"https:\/\/blocs.tinet.cat\/labicidelalbert\/wp-json\/wp\/v2\/comments?post=881"}],"version-history":[{"count":0,"href":"https:\/\/blocs.tinet.cat\/labicidelalbert\/wp-json\/wp\/v2\/posts\/881\/revisions"}],"wp:attachment":[{"href":"https:\/\/blocs.tinet.cat\/labicidelalbert\/wp-json\/wp\/v2\/media?parent=881"}],"wp:term":[{"taxonomy":"category","embeddable":true,"href":"https:\/\/blocs.tinet.cat\/labicidelalbert\/wp-json\/wp\/v2\/categories?post=881"},{"taxonomy":"post_tag","embeddable":true,"href":"https:\/\/blocs.tinet.cat\/labicidelalbert\/wp-json\/wp\/v2\/tags?post=881"}],"curies":[{"name":"wp","href":"https:\/\/api.w.org\/{rel}","templated":true}]}}