{"id":836,"date":"2014-07-20T19:55:21","date_gmt":"2014-07-20T18:55:21","guid":{"rendered":"https:\/\/blocs.tinet.cat\/labicidelalbert\/?p=836"},"modified":"2014-07-22T00:39:02","modified_gmt":"2014-07-21T23:39:02","slug":"vallnord-bikepark","status":"publish","type":"post","link":"https:\/\/blocs.tinet.cat\/labicidelalbert\/2014\/07\/20\/vallnord-bikepark\/","title":{"rendered":"Vallnord &#8211; BikePark"},"content":{"rendered":"<p>Dissabte ens ho vam passar com a criatures. Ens en vam anar a Andorra per fer els descensos de les pistes de Vallnord. \u00c9s una experi\u00e8ncia brutal.<br \/>\nTot comen\u00e7a de bon mat\u00ed amb el lloguer de la bici i l&#8217;armadura. \u00c9s una disfressa divertida i espectacular.<br \/>\n<a href=\"https:\/\/blocs.tinet.cat\/labicidelalbert\/2014\/07\/20\/vallnord-bikepark\/2014-07-19-09-10-10\/\" rel=\"attachment wp-att-839\"><img loading=\"lazy\" decoding=\"async\" src=\"https:\/\/blocs.tinet.cat\/labicidelalbert\/files\/2014\/07\/2014-07-19-09.10.10.jpg\" alt=\"\" width=\"800\" height=\"600\" class=\"alignleft size-full wp-image-839\" srcset=\"https:\/\/blocs.tinet.cat\/labicidelalbert\/files\/2014\/07\/2014-07-19-09.10.10.jpg 800w, https:\/\/blocs.tinet.cat\/labicidelalbert\/files\/2014\/07\/2014-07-19-09.10.10-300x225.jpg 300w\" sizes=\"auto, (max-width: 800px) 100vw, 800px\" \/><\/a><br \/>\n<a href=\"https:\/\/blocs.tinet.cat\/labicidelalbert\/2014\/07\/20\/vallnord-bikepark\/2014-07-19-12-00-01\/\" rel=\"attachment wp-att-837\"><img loading=\"lazy\" decoding=\"async\" src=\"https:\/\/blocs.tinet.cat\/labicidelalbert\/files\/2014\/07\/2014-07-19-12.00.01.jpg\" alt=\"\" width=\"800\" height=\"500\" class=\"alignleft size-full wp-image-837\" srcset=\"https:\/\/blocs.tinet.cat\/labicidelalbert\/files\/2014\/07\/2014-07-19-12.00.01.jpg 800w, https:\/\/blocs.tinet.cat\/labicidelalbert\/files\/2014\/07\/2014-07-19-12.00.01-300x187.jpg 300w\" sizes=\"auto, (max-width: 800px) 100vw, 800px\" \/><\/a><br \/>\n<a href=\"https:\/\/blocs.tinet.cat\/labicidelalbert\/2014\/07\/20\/vallnord-bikepark\/2014-07-19-12-00-11\/\" rel=\"attachment wp-att-841\"><img loading=\"lazy\" decoding=\"async\" src=\"https:\/\/blocs.tinet.cat\/labicidelalbert\/files\/2014\/07\/2014-07-19-12.00.11.jpg\" alt=\"\" width=\"800\" height=\"515\" class=\"alignleft size-full wp-image-841\" srcset=\"https:\/\/blocs.tinet.cat\/labicidelalbert\/files\/2014\/07\/2014-07-19-12.00.11.jpg 800w, https:\/\/blocs.tinet.cat\/labicidelalbert\/files\/2014\/07\/2014-07-19-12.00.11-300x193.jpg 300w\" sizes=\"auto, (max-width: 800px) 100vw, 800px\" \/><\/a><br \/>\n<a href=\"https:\/\/blocs.tinet.cat\/labicidelalbert\/2014\/07\/20\/vallnord-bikepark\/2014-07-19-10-48-01\/\" rel=\"attachment wp-att-842\"><img loading=\"lazy\" decoding=\"async\" src=\"https:\/\/blocs.tinet.cat\/labicidelalbert\/files\/2014\/07\/2014-07-19-10.48.01.jpg\" alt=\"\" width=\"800\" height=\"597\" class=\"alignleft size-full wp-image-842\" srcset=\"https:\/\/blocs.tinet.cat\/labicidelalbert\/files\/2014\/07\/2014-07-19-10.48.01.jpg 800w, https:\/\/blocs.tinet.cat\/labicidelalbert\/files\/2014\/07\/2014-07-19-10.48.01-300x223.jpg 300w\" sizes=\"auto, (max-width: 800px) 100vw, 800px\" \/><\/a><br \/>\n<br \/>\n<br \/>\n<a href=\"https:\/\/blocs.tinet.cat\/labicidelalbert\/2014\/07\/20\/vallnord-bikepark\/2014-07-19-12-00-10\/\" rel=\"attachment wp-att-838\"><img loading=\"lazy\" decoding=\"async\" src=\"https:\/\/blocs.tinet.cat\/labicidelalbert\/files\/2014\/07\/2014-07-19-12.00.10.jpg\" alt=\"\" width=\"800\" height=\"451\" class=\"alignleft size-full wp-image-838\" srcset=\"https:\/\/blocs.tinet.cat\/labicidelalbert\/files\/2014\/07\/2014-07-19-12.00.10.jpg 800w, https:\/\/blocs.tinet.cat\/labicidelalbert\/files\/2014\/07\/2014-07-19-12.00.10-300x169.jpg 300w\" sizes=\"auto, (max-width: 800px) 100vw, 800px\" \/><\/a><\/p>\n","protected":false},"excerpt":{"rendered":"<p>Dissabte ens ho vam passar com a criatures. Ens en vam anar a Andorra per fer els descensos de les pistes de Vallnord. \u00c9s una experi\u00e8ncia brutal. Tot comen\u00e7a de bon mat\u00ed amb el lloguer de la bici i l&#8217;armadura. &hellip; <a href=\"https:\/\/blocs.tinet.cat\/labicidelalbert\/2014\/07\/20\/vallnord-bikepark\/\">Continua llegint <span class=\"meta-nav\">&rarr;<\/span><\/a><\/p>\n","protected":false},"author":54,"featured_media":0,"comment_status":"open","ping_status":"open","sticky":false,"template":"","format":"standard","meta":{"footnotes":""},"categories":[1],"tags":[],"class_list":["post-836","post","type-post","status-publish","format-standard","hentry","category-general"],"_links":{"self":[{"href":"https:\/\/blocs.tinet.cat\/labicidelalbert\/wp-json\/wp\/v2\/posts\/836","targetHints":{"allow":["GET"]}}],"collection":[{"href":"https:\/\/blocs.tinet.cat\/labicidelalbert\/wp-json\/wp\/v2\/posts"}],"about":[{"href":"https:\/\/blocs.tinet.cat\/labicidelalbert\/wp-json\/wp\/v2\/types\/post"}],"author":[{"embeddable":true,"href":"https:\/\/blocs.tinet.cat\/labicidelalbert\/wp-json\/wp\/v2\/users\/54"}],"replies":[{"embeddable":true,"href":"https:\/\/blocs.tinet.cat\/labicidelalbert\/wp-json\/wp\/v2\/comments?post=836"}],"version-history":[{"count":0,"href":"https:\/\/blocs.tinet.cat\/labicidelalbert\/wp-json\/wp\/v2\/posts\/836\/revisions"}],"wp:attachment":[{"href":"https:\/\/blocs.tinet.cat\/labicidelalbert\/wp-json\/wp\/v2\/media?parent=836"}],"wp:term":[{"taxonomy":"category","embeddable":true,"href":"https:\/\/blocs.tinet.cat\/labicidelalbert\/wp-json\/wp\/v2\/categories?post=836"},{"taxonomy":"post_tag","embeddable":true,"href":"https:\/\/blocs.tinet.cat\/labicidelalbert\/wp-json\/wp\/v2\/tags?post=836"}],"curies":[{"name":"wp","href":"https:\/\/api.w.org\/{rel}","templated":true}]}}