{"id":826,"date":"2014-07-13T18:44:22","date_gmt":"2014-07-13T17:44:22","guid":{"rendered":"https:\/\/blocs.tinet.cat\/labicidelalbert\/?p=826"},"modified":"2014-07-13T18:55:06","modified_gmt":"2014-07-13T17:55:06","slug":"senders-del-dip","status":"publish","type":"post","link":"https:\/\/blocs.tinet.cat\/labicidelalbert\/2014\/07\/13\/senders-del-dip\/","title":{"rendered":"Senders del Dip"},"content":{"rendered":"<p>Vuitena edici\u00f3 de la marxa BTT de Pratdip. Quasi 300 participants repartits entre el recorregut curt i el llarg. Bastants de Cambrils hem fet el curt, potser ja tenim un exc\u00e9s de quilometratge en aquest 2014 i no ens volem passar de rosca.<br \/>\n<a href=\"https:\/\/blocs.tinet.cat\/labicidelalbert\/2014\/07\/13\/senders-del-dip\/2014-07-13-08-57-35\/\" rel=\"attachment wp-att-827\"><img loading=\"lazy\" decoding=\"async\" src=\"https:\/\/blocs.tinet.cat\/labicidelalbert\/files\/2014\/07\/2014-07-13-08.57.35.jpg\" alt=\"\" width=\"800\" height=\"600\" class=\"aligncenter size-full wp-image-827\" srcset=\"https:\/\/blocs.tinet.cat\/labicidelalbert\/files\/2014\/07\/2014-07-13-08.57.35.jpg 800w, https:\/\/blocs.tinet.cat\/labicidelalbert\/files\/2014\/07\/2014-07-13-08.57.35-300x225.jpg 300w\" sizes=\"auto, (max-width: 800px) 100vw, 800px\" \/><\/a><br \/>\nHem volgut fer una petita trampa sortint per davant del gran pilot per\u00f2 no ha donat els fruits esperats.<br \/>\n<a href=\"https:\/\/blocs.tinet.cat\/labicidelalbert\/2014\/07\/13\/senders-del-dip\/2014-07-13-08-56-01\/\" rel=\"attachment wp-att-835\"><img loading=\"lazy\" decoding=\"async\" src=\"https:\/\/blocs.tinet.cat\/labicidelalbert\/files\/2014\/07\/2014-07-13-08.56.01.jpg\" alt=\"\" width=\"800\" height=\"450\" class=\"aligncenter size-full wp-image-835\" srcset=\"https:\/\/blocs.tinet.cat\/labicidelalbert\/files\/2014\/07\/2014-07-13-08.56.01.jpg 800w, https:\/\/blocs.tinet.cat\/labicidelalbert\/files\/2014\/07\/2014-07-13-08.56.01-300x168.jpg 300w\" sizes=\"auto, (max-width: 800px) 100vw, 800px\" \/><\/a><br \/>\nI la festa comen\u00e7a pujant la Carabassa.<br \/>\n<a href=\"https:\/\/blocs.tinet.cat\/labicidelalbert\/2014\/07\/13\/senders-del-dip\/2014-07-13-09-26-44\/\" rel=\"attachment wp-att-828\"><img loading=\"lazy\" decoding=\"async\" src=\"https:\/\/blocs.tinet.cat\/labicidelalbert\/files\/2014\/07\/2014-07-13-09.26.44.jpg\" alt=\"\" width=\"800\" height=\"600\" class=\"aligncenter size-full wp-image-828\" srcset=\"https:\/\/blocs.tinet.cat\/labicidelalbert\/files\/2014\/07\/2014-07-13-09.26.44.jpg 800w, https:\/\/blocs.tinet.cat\/labicidelalbert\/files\/2014\/07\/2014-07-13-09.26.44-300x225.jpg 300w\" sizes=\"auto, (max-width: 800px) 100vw, 800px\" \/><\/a><br \/>\n<a href=\"https:\/\/blocs.tinet.cat\/labicidelalbert\/2014\/07\/13\/senders-del-dip\/2014-07-13-09-26-50\/\" rel=\"attachment wp-att-829\"><img loading=\"lazy\" decoding=\"async\" src=\"https:\/\/blocs.tinet.cat\/labicidelalbert\/files\/2014\/07\/2014-07-13-09.26.50.jpg\" alt=\"\" width=\"800\" height=\"600\" class=\"aligncenter size-full wp-image-829\" srcset=\"https:\/\/blocs.tinet.cat\/labicidelalbert\/files\/2014\/07\/2014-07-13-09.26.50.jpg 800w, https:\/\/blocs.tinet.cat\/labicidelalbert\/files\/2014\/07\/2014-07-13-09.26.50-300x225.jpg 300w\" sizes=\"auto, (max-width: 800px) 100vw, 800px\" \/><\/a><br \/>\n<a href=\"https:\/\/blocs.tinet.cat\/labicidelalbert\/2014\/07\/13\/senders-del-dip\/2014-07-13-09-27-14\/\" rel=\"attachment wp-att-830\"><img loading=\"lazy\" decoding=\"async\" src=\"https:\/\/blocs.tinet.cat\/labicidelalbert\/files\/2014\/07\/2014-07-13-09.27.14.jpg\" alt=\"\" width=\"800\" height=\"600\" class=\"aligncenter size-full wp-image-830\" srcset=\"https:\/\/blocs.tinet.cat\/labicidelalbert\/files\/2014\/07\/2014-07-13-09.27.14.jpg 800w, https:\/\/blocs.tinet.cat\/labicidelalbert\/files\/2014\/07\/2014-07-13-09.27.14-300x225.jpg 300w\" sizes=\"auto, (max-width: 800px) 100vw, 800px\" \/><\/a><br \/>\nCal fer un got d&#8217;aigua o d&#8217;aquarius de tant en quant.<br \/>\n<a href=\"https:\/\/blocs.tinet.cat\/labicidelalbert\/2014\/07\/13\/senders-del-dip\/2014-07-13-09-56-23\/\" rel=\"attachment wp-att-831\"><img loading=\"lazy\" decoding=\"async\" src=\"https:\/\/blocs.tinet.cat\/labicidelalbert\/files\/2014\/07\/2014-07-13-09.56.23.jpg\" alt=\"\" width=\"800\" height=\"600\" class=\"aligncenter size-full wp-image-831\" srcset=\"https:\/\/blocs.tinet.cat\/labicidelalbert\/files\/2014\/07\/2014-07-13-09.56.23.jpg 800w, https:\/\/blocs.tinet.cat\/labicidelalbert\/files\/2014\/07\/2014-07-13-09.56.23-300x225.jpg 300w\" sizes=\"auto, (max-width: 800px) 100vw, 800px\" \/><\/a><br \/>\nI la rampa de formig\u00f3 que sempre es fa pesada.<br \/>\n<a href=\"https:\/\/blocs.tinet.cat\/labicidelalbert\/2014\/07\/13\/senders-del-dip\/2014-07-13-10-33-19\/\" rel=\"attachment wp-att-832\"><img loading=\"lazy\" decoding=\"async\" src=\"https:\/\/blocs.tinet.cat\/labicidelalbert\/files\/2014\/07\/2014-07-13-10.33.19.jpg\" alt=\"\" width=\"800\" height=\"600\" class=\"aligncenter size-full wp-image-832\" srcset=\"https:\/\/blocs.tinet.cat\/labicidelalbert\/files\/2014\/07\/2014-07-13-10.33.19.jpg 800w, https:\/\/blocs.tinet.cat\/labicidelalbert\/files\/2014\/07\/2014-07-13-10.33.19-300x225.jpg 300w\" sizes=\"auto, (max-width: 800px) 100vw, 800px\" \/><\/a><br \/>\nA l&#8217;arribar a meta ens preparen un gran esmorzar i el lliurament de premis.<br \/>\n<a href=\"https:\/\/blocs.tinet.cat\/labicidelalbert\/2014\/07\/13\/senders-del-dip\/2014-07-13-12-15-20\/\" rel=\"attachment wp-att-834\"><img loading=\"lazy\" decoding=\"async\" src=\"https:\/\/blocs.tinet.cat\/labicidelalbert\/files\/2014\/07\/2014-07-13-12.15.20.jpg\" alt=\"\" width=\"450\" height=\"600\" class=\"aligncenter size-full wp-image-834\" srcset=\"https:\/\/blocs.tinet.cat\/labicidelalbert\/files\/2014\/07\/2014-07-13-12.15.20.jpg 450w, https:\/\/blocs.tinet.cat\/labicidelalbert\/files\/2014\/07\/2014-07-13-12.15.20-225x300.jpg 225w\" sizes=\"auto, (max-width: 450px) 100vw, 450px\" \/><\/a><br \/>\nLa novetat d&#8217;aquest any eren dues pubilles ensenyant cuixa. Aqu\u00ed el Ricard recollint el pernil que ens compren cada any la gent de la Penya l&#8217;Anjuba. &#8221; Mira si s\u00f3n bones persones !! &#8221;<br \/>\n<a href=\"https:\/\/blocs.tinet.cat\/labicidelalbert\/2014\/07\/13\/senders-del-dip\/2014-07-131-12-10-01\/\" rel=\"attachment wp-att-833\"><img loading=\"lazy\" decoding=\"async\" src=\"https:\/\/blocs.tinet.cat\/labicidelalbert\/files\/2014\/07\/2014-07-131-12.10.01.jpg\" alt=\"\" width=\"800\" height=\"600\" class=\"alignleft size-full wp-image-833\" srcset=\"https:\/\/blocs.tinet.cat\/labicidelalbert\/files\/2014\/07\/2014-07-131-12.10.01.jpg 800w, https:\/\/blocs.tinet.cat\/labicidelalbert\/files\/2014\/07\/2014-07-131-12.10.01-300x225.jpg 300w\" sizes=\"auto, (max-width: 800px) 100vw, 800px\" \/><\/a><br \/>\nEl Manolo tamb\u00e9 \u00e9s un fix al p\u00f2dium de Pratdip.<br \/>\n<\/p>\n","protected":false},"excerpt":{"rendered":"<p>Vuitena edici\u00f3 de la marxa BTT de Pratdip. Quasi 300 participants repartits entre el recorregut curt i el llarg. Bastants de Cambrils hem fet el curt, potser ja tenim un exc\u00e9s de quilometratge en aquest 2014 i no ens volem &hellip; <a href=\"https:\/\/blocs.tinet.cat\/labicidelalbert\/2014\/07\/13\/senders-del-dip\/\">Continua llegint <span class=\"meta-nav\">&rarr;<\/span><\/a><\/p>\n","protected":false},"author":54,"featured_media":0,"comment_status":"open","ping_status":"open","sticky":false,"template":"","format":"standard","meta":{"footnotes":""},"categories":[1],"tags":[],"class_list":["post-826","post","type-post","status-publish","format-standard","hentry","category-general"],"_links":{"self":[{"href":"https:\/\/blocs.tinet.cat\/labicidelalbert\/wp-json\/wp\/v2\/posts\/826","targetHints":{"allow":["GET"]}}],"collection":[{"href":"https:\/\/blocs.tinet.cat\/labicidelalbert\/wp-json\/wp\/v2\/posts"}],"about":[{"href":"https:\/\/blocs.tinet.cat\/labicidelalbert\/wp-json\/wp\/v2\/types\/post"}],"author":[{"embeddable":true,"href":"https:\/\/blocs.tinet.cat\/labicidelalbert\/wp-json\/wp\/v2\/users\/54"}],"replies":[{"embeddable":true,"href":"https:\/\/blocs.tinet.cat\/labicidelalbert\/wp-json\/wp\/v2\/comments?post=826"}],"version-history":[{"count":0,"href":"https:\/\/blocs.tinet.cat\/labicidelalbert\/wp-json\/wp\/v2\/posts\/826\/revisions"}],"wp:attachment":[{"href":"https:\/\/blocs.tinet.cat\/labicidelalbert\/wp-json\/wp\/v2\/media?parent=826"}],"wp:term":[{"taxonomy":"category","embeddable":true,"href":"https:\/\/blocs.tinet.cat\/labicidelalbert\/wp-json\/wp\/v2\/categories?post=826"},{"taxonomy":"post_tag","embeddable":true,"href":"https:\/\/blocs.tinet.cat\/labicidelalbert\/wp-json\/wp\/v2\/tags?post=826"}],"curies":[{"name":"wp","href":"https:\/\/api.w.org\/{rel}","templated":true}]}}