{"id":815,"date":"2014-07-06T19:15:11","date_gmt":"2014-07-06T18:15:11","guid":{"rendered":"https:\/\/blocs.tinet.cat\/labicidelalbert\/?p=815"},"modified":"2014-07-07T10:42:30","modified_gmt":"2014-07-07T09:42:30","slug":"una-vip-lamentable","status":"publish","type":"post","link":"https:\/\/blocs.tinet.cat\/labicidelalbert\/2014\/07\/06\/una-vip-lamentable\/","title":{"rendered":"Una VIP lamentable"},"content":{"rendered":"<p>La VipXtrem era el meu gran repte d&#8217;aquest any. Ja ho tenia tot preparat. Entrenament, mentalitzaci\u00f3, estudi del trajecte, tot i tot.<br \/>\nPer\u00f2 la mort d&#8217;un dels participants va fer que tot qued\u00e9s entristit, ja no valia la pena esfor\u00e7ar-se, no tenia sentit.<br \/>\nLa cursa va quedar suspesa immediatament per\u00f2 en funci\u00f3 de la situaci\u00f3 de cada participant et feien tornar cap a Vimbod\u00ed per la carretera m\u00e9s propera a la zona on et trobessis.<br \/>\nAbans de les 7 del mat\u00ed, la zona de la sortida s&#8217;omplia amb m\u00e9s de 600 ciclistes preparant els \u00faltims detalls.<br \/>\n<a href=\"https:\/\/blocs.tinet.cat\/labicidelalbert\/2014\/07\/06\/una-vip-lamentable\/2014-07-05-06-20-40\/\" rel=\"attachment wp-att-816\"><img loading=\"lazy\" decoding=\"async\" src=\"https:\/\/blocs.tinet.cat\/labicidelalbert\/files\/2014\/07\/2014-07-05-06.20.40.jpg\" alt=\"\" width=\"450\" height=\"600\" class=\"aligncenter size-full wp-image-816\" srcset=\"https:\/\/blocs.tinet.cat\/labicidelalbert\/files\/2014\/07\/2014-07-05-06.20.40.jpg 450w, https:\/\/blocs.tinet.cat\/labicidelalbert\/files\/2014\/07\/2014-07-05-06.20.40-225x300.jpg 225w\" sizes=\"auto, (max-width: 450px) 100vw, 450px\" \/><\/a><br \/>\nJo portava la ruta marcada amb el punt quilom\u00e8tric de cada cim. Tot ben estudiat.<br \/>\n<a href=\"https:\/\/blocs.tinet.cat\/labicidelalbert\/2014\/07\/06\/una-vip-lamentable\/2014-07-05-06-21-13\/\" rel=\"attachment wp-att-817\"><img loading=\"lazy\" decoding=\"async\" src=\"https:\/\/blocs.tinet.cat\/labicidelalbert\/files\/2014\/07\/2014-07-05-06.21.13.jpg\" alt=\"\" width=\"800\" height=\"600\" class=\"alignleft size-full wp-image-817\" srcset=\"https:\/\/blocs.tinet.cat\/labicidelalbert\/files\/2014\/07\/2014-07-05-06.21.13.jpg 800w, https:\/\/blocs.tinet.cat\/labicidelalbert\/files\/2014\/07\/2014-07-05-06.21.13-300x225.jpg 300w\" sizes=\"auto, (max-width: 800px) 100vw, 800px\" \/><\/a><br \/>\n<a href=\"https:\/\/blocs.tinet.cat\/labicidelalbert\/2014\/07\/06\/una-vip-lamentable\/2014-07-05-06-50-50\/\" rel=\"attachment wp-att-818\"><img loading=\"lazy\" decoding=\"async\" src=\"https:\/\/blocs.tinet.cat\/labicidelalbert\/files\/2014\/07\/2014-07-05-06.50.50.jpg\" alt=\"\" width=\"800\" height=\"600\" class=\"alignleft size-full wp-image-818\" srcset=\"https:\/\/blocs.tinet.cat\/labicidelalbert\/files\/2014\/07\/2014-07-05-06.50.50.jpg 800w, https:\/\/blocs.tinet.cat\/labicidelalbert\/files\/2014\/07\/2014-07-05-06.50.50-300x225.jpg 300w\" sizes=\"auto, (max-width: 800px) 100vw, 800px\" \/><\/a><br \/>\n<a href=\"https:\/\/blocs.tinet.cat\/labicidelalbert\/2014\/07\/06\/una-vip-lamentable\/2014-07-05-07-02-08\/\" rel=\"attachment wp-att-819\"><img loading=\"lazy\" decoding=\"async\" src=\"https:\/\/blocs.tinet.cat\/labicidelalbert\/files\/2014\/07\/2014-07-05-07.02.08.jpg\" alt=\"\" width=\"800\" height=\"600\" class=\"alignleft size-full wp-image-819\" srcset=\"https:\/\/blocs.tinet.cat\/labicidelalbert\/files\/2014\/07\/2014-07-05-07.02.08.jpg 800w, https:\/\/blocs.tinet.cat\/labicidelalbert\/files\/2014\/07\/2014-07-05-07.02.08-300x225.jpg 300w\" sizes=\"auto, (max-width: 800px) 100vw, 800px\" \/><\/a><br \/>\nS&#8217;havien de completar 126 km amb un desnivell de 3.400 m +, per tant la t\u00e0ctica era CONSERVAR.<br \/>\nLa pujada a La Pena i el coll del Castell de Riudabella els vaig poder fer a bon ritme, notava que les cames podien aguantar for\u00e7a b\u00e9.<br \/>\nPer\u00f2 despr\u00e9s de Vilanova de Prades s&#8217;havia de pujar fins al Tossal de la Baltassana, que t\u00e9 unes rampes for\u00e7a dures, i all\u00ed vaig veure que em tocaria patir. I no m&#8217;equivocava.<br \/>\nPer\u00f2 t&#8217;anima molt que uns quants companys t&#8217;aplaudeixin a la Febr\u00f3 (meitat de recorregut). Gr\u00e0cies Alberto, Jaume, Primo i Manolo.<br \/>\nL&#8217;avituallament m\u00e9s complert, \u00e9s a dir &#8220;el dinar&#8221; era a Mont-ral. Un plat de pasta exquisit.<br \/>\n<a href=\"https:\/\/blocs.tinet.cat\/labicidelalbert\/2014\/07\/06\/una-vip-lamentable\/2014-07-05-13-04-43\/\" rel=\"attachment wp-att-820\"><img loading=\"lazy\" decoding=\"async\" src=\"https:\/\/blocs.tinet.cat\/labicidelalbert\/files\/2014\/07\/2014-07-05-13.04.43.jpg\" alt=\"\" width=\"800\" height=\"600\" class=\"alignleft size-full wp-image-820\" srcset=\"https:\/\/blocs.tinet.cat\/labicidelalbert\/files\/2014\/07\/2014-07-05-13.04.43.jpg 800w, https:\/\/blocs.tinet.cat\/labicidelalbert\/files\/2014\/07\/2014-07-05-13.04.43-300x225.jpg 300w\" sizes=\"auto, (max-width: 800px) 100vw, 800px\" \/><\/a><br \/>\n<a href=\"https:\/\/blocs.tinet.cat\/labicidelalbert\/2014\/07\/06\/una-vip-lamentable\/2014-07-05-13-10-01\/\" rel=\"attachment wp-att-822\"><img loading=\"lazy\" decoding=\"async\" src=\"https:\/\/blocs.tinet.cat\/labicidelalbert\/files\/2014\/07\/2014-07-05-13.10.01.jpg\" alt=\"\" width=\"452\" height=\"800\" class=\"aligncenter size-full wp-image-822\" srcset=\"https:\/\/blocs.tinet.cat\/labicidelalbert\/files\/2014\/07\/2014-07-05-13.10.01.jpg 452w, https:\/\/blocs.tinet.cat\/labicidelalbert\/files\/2014\/07\/2014-07-05-13.10.01-169x300.jpg 169w\" sizes=\"auto, (max-width: 452px) 100vw, 452px\" \/><\/a><br \/>\n<a href=\"https:\/\/blocs.tinet.cat\/labicidelalbert\/2014\/07\/06\/una-vip-lamentable\/2014-07-05-12-58-01\/\" rel=\"attachment wp-att-821\"><img loading=\"lazy\" decoding=\"async\" src=\"https:\/\/blocs.tinet.cat\/labicidelalbert\/files\/2014\/07\/2014-07-05-12.58.01.jpg\" alt=\"\" width=\"800\" height=\"452\" class=\"alignleft size-full wp-image-821\" srcset=\"https:\/\/blocs.tinet.cat\/labicidelalbert\/files\/2014\/07\/2014-07-05-12.58.01.jpg 800w, https:\/\/blocs.tinet.cat\/labicidelalbert\/files\/2014\/07\/2014-07-05-12.58.01-300x169.jpg 300w\" sizes=\"auto, (max-width: 800px) 100vw, 800px\" \/><\/a><br \/>\n\u00c9s molt dif\u00edcil anar junt amb els companys, per\u00f2 al menys en els avituallaments ens an\u00e0vem retrobant uns petits minuts.<\/p>\n<p>I aix\u00f2 \u00e9s tot, perqu\u00e8 a dalt de la Bartra ens indicaven que la cursa quedava suspesa i que baixar\u00edem per la pista m\u00e9s directa fins a Vimbod\u00ed tots en grup. Decisi\u00f3 totalment compartida per tots i cadascun dels participants. No podia ser d&#8217;altra manera.<\/p>\n<p>Ll\u00e0stima perqu\u00e8 els meus tifosi no van poder lluir la pancarta que m&#8217;havien preparat. Per\u00f2 cont\u00ednuament em vaig sentir recolzat per totes elles i ells (potser hi tenia alguna cosa a veure la quantitat de pi-pips que escoltava del whatsapp).<br \/>\n<a href=\"https:\/\/blocs.tinet.cat\/labicidelalbert\/2014\/07\/06\/una-vip-lamentable\/2014-07-05-17-49-36\/\" rel=\"attachment wp-att-823\"><img loading=\"lazy\" decoding=\"async\" src=\"https:\/\/blocs.tinet.cat\/labicidelalbert\/files\/2014\/07\/2014-07-05-17.49.36.jpg\" alt=\"\" width=\"800\" height=\"600\" class=\"alignleft size-full wp-image-823\" srcset=\"https:\/\/blocs.tinet.cat\/labicidelalbert\/files\/2014\/07\/2014-07-05-17.49.36.jpg 800w, https:\/\/blocs.tinet.cat\/labicidelalbert\/files\/2014\/07\/2014-07-05-17.49.36-300x225.jpg 300w\" sizes=\"auto, (max-width: 800px) 100vw, 800px\" \/><\/a><br \/>\nPots veure el <a href=\"http:\/\/ca.wikiloc.com\/wikiloc\/view.do?id=7241304\">track a wikiloc<\/a><\/p>\n","protected":false},"excerpt":{"rendered":"<p>La VipXtrem era el meu gran repte d&#8217;aquest any. Ja ho tenia tot preparat. Entrenament, mentalitzaci\u00f3, estudi del trajecte, tot i tot. Per\u00f2 la mort d&#8217;un dels participants va fer que tot qued\u00e9s entristit, ja no valia la pena esfor\u00e7ar-se, &hellip; <a href=\"https:\/\/blocs.tinet.cat\/labicidelalbert\/2014\/07\/06\/una-vip-lamentable\/\">Continua llegint <span class=\"meta-nav\">&rarr;<\/span><\/a><\/p>\n","protected":false},"author":54,"featured_media":0,"comment_status":"open","ping_status":"open","sticky":false,"template":"","format":"standard","meta":{"footnotes":""},"categories":[1],"tags":[],"class_list":["post-815","post","type-post","status-publish","format-standard","hentry","category-general"],"_links":{"self":[{"href":"https:\/\/blocs.tinet.cat\/labicidelalbert\/wp-json\/wp\/v2\/posts\/815","targetHints":{"allow":["GET"]}}],"collection":[{"href":"https:\/\/blocs.tinet.cat\/labicidelalbert\/wp-json\/wp\/v2\/posts"}],"about":[{"href":"https:\/\/blocs.tinet.cat\/labicidelalbert\/wp-json\/wp\/v2\/types\/post"}],"author":[{"embeddable":true,"href":"https:\/\/blocs.tinet.cat\/labicidelalbert\/wp-json\/wp\/v2\/users\/54"}],"replies":[{"embeddable":true,"href":"https:\/\/blocs.tinet.cat\/labicidelalbert\/wp-json\/wp\/v2\/comments?post=815"}],"version-history":[{"count":0,"href":"https:\/\/blocs.tinet.cat\/labicidelalbert\/wp-json\/wp\/v2\/posts\/815\/revisions"}],"wp:attachment":[{"href":"https:\/\/blocs.tinet.cat\/labicidelalbert\/wp-json\/wp\/v2\/media?parent=815"}],"wp:term":[{"taxonomy":"category","embeddable":true,"href":"https:\/\/blocs.tinet.cat\/labicidelalbert\/wp-json\/wp\/v2\/categories?post=815"},{"taxonomy":"post_tag","embeddable":true,"href":"https:\/\/blocs.tinet.cat\/labicidelalbert\/wp-json\/wp\/v2\/tags?post=815"}],"curies":[{"name":"wp","href":"https:\/\/api.w.org\/{rel}","templated":true}]}}