{"id":706,"date":"2014-06-01T18:45:14","date_gmt":"2014-06-01T17:45:14","guid":{"rendered":"https:\/\/blocs.tinet.cat\/labicidelalbert\/?p=706"},"modified":"2014-06-03T19:27:09","modified_gmt":"2014-06-03T18:27:09","slug":"falset-2000m","status":"publish","type":"post","link":"https:\/\/blocs.tinet.cat\/labicidelalbert\/2014\/06\/01\/falset-2000m\/","title":{"rendered":"FALSET 2000m+"},"content":{"rendered":"<p>La d&#8217;avui ha sigut una sortida extra, per\u00f2 extra de veritat.<br \/>\nEn nom\u00e9s 50 km hem fet un ascens acumulat de m\u00e9s de 1.800 m positius. El percentatge en algunes rampes era d&#8217;un 22%.<br \/>\nSortint de Falset ens dirigim cap a Porrera per entre mig de les vinyes. El Priorat ens ha acollit amb tota la seva verdor primaveral.<br \/>\n<a href=\"https:\/\/blocs.tinet.cat\/labicidelalbert\/2014\/06\/01\/falset-2000m\/2014-06-01-08-32-26\/\" rel=\"attachment wp-att-708\"><img loading=\"lazy\" decoding=\"async\" src=\"https:\/\/blocs.tinet.cat\/labicidelalbert\/files\/2014\/06\/2014-06-01-08.32.26.jpg\" alt=\"\" width=\"800\" height=\"600\" class=\"alignleft size-full wp-image-708\" srcset=\"https:\/\/blocs.tinet.cat\/labicidelalbert\/files\/2014\/06\/2014-06-01-08.32.26.jpg 800w, https:\/\/blocs.tinet.cat\/labicidelalbert\/files\/2014\/06\/2014-06-01-08.32.26-300x225.jpg 300w\" sizes=\"auto, (max-width: 800px) 100vw, 800px\" \/><\/a><br \/>\n<a href=\"https:\/\/blocs.tinet.cat\/labicidelalbert\/2014\/06\/01\/falset-2000m\/2014-06-01-08-32-03\/\" rel=\"attachment wp-att-707\"><img loading=\"lazy\" decoding=\"async\" src=\"https:\/\/blocs.tinet.cat\/labicidelalbert\/files\/2014\/06\/2014-06-01-08.32.03.jpg\" alt=\"\" width=\"800\" height=\"600\" class=\"alignleft size-full wp-image-707\" srcset=\"https:\/\/blocs.tinet.cat\/labicidelalbert\/files\/2014\/06\/2014-06-01-08.32.03.jpg 800w, https:\/\/blocs.tinet.cat\/labicidelalbert\/files\/2014\/06\/2014-06-01-08.32.03-300x225.jpg 300w\" sizes=\"auto, (max-width: 800px) 100vw, 800px\" \/><\/a><br \/>\nSi les pujades han sigut molt dures, s&#8217;ha de dir que les baixades tamb\u00e9. El Priorat \u00e9s molt abrupte i molt pedreg\u00f3s i en els senders de baixada la roca tallada et fa molt respecte.<br \/>\n<a href=\"https:\/\/blocs.tinet.cat\/labicidelalbert\/2014\/06\/01\/falset-2000m\/2014-06-01-08-52-16\/\" rel=\"attachment wp-att-709\"><img loading=\"lazy\" decoding=\"async\" src=\"https:\/\/blocs.tinet.cat\/labicidelalbert\/files\/2014\/06\/2014-06-01-08.52.16.jpg\" alt=\"\" width=\"800\" height=\"600\" class=\"alignleft size-full wp-image-709\" srcset=\"https:\/\/blocs.tinet.cat\/labicidelalbert\/files\/2014\/06\/2014-06-01-08.52.16.jpg 800w, https:\/\/blocs.tinet.cat\/labicidelalbert\/files\/2014\/06\/2014-06-01-08.52.16-300x225.jpg 300w\" sizes=\"auto, (max-width: 800px) 100vw, 800px\" \/><\/a><br \/>\n<a href=\"https:\/\/blocs.tinet.cat\/labicidelalbert\/2014\/06\/01\/falset-2000m\/2014-06-01-08-52-30\/\" rel=\"attachment wp-att-710\"><img loading=\"lazy\" decoding=\"async\" src=\"https:\/\/blocs.tinet.cat\/labicidelalbert\/files\/2014\/06\/2014-06-01-08.52.30.jpg\" alt=\"\" width=\"800\" height=\"600\" class=\"alignleft size-full wp-image-710\" srcset=\"https:\/\/blocs.tinet.cat\/labicidelalbert\/files\/2014\/06\/2014-06-01-08.52.30.jpg 800w, https:\/\/blocs.tinet.cat\/labicidelalbert\/files\/2014\/06\/2014-06-01-08.52.30-300x225.jpg 300w\" sizes=\"auto, (max-width: 800px) 100vw, 800px\" \/><\/a><br \/>\nPer\u00f2 les vistes s\u00f3n espectaculars.<br \/>\n<a href=\"https:\/\/blocs.tinet.cat\/labicidelalbert\/2014\/06\/01\/falset-2000m\/2014-06-01-09-12-44\/\" rel=\"attachment wp-att-711\"><img loading=\"lazy\" decoding=\"async\" src=\"https:\/\/blocs.tinet.cat\/labicidelalbert\/files\/2014\/06\/2014-06-01-09.12.44.jpg\" alt=\"\" width=\"800\" height=\"600\" class=\"alignleft size-full wp-image-711\" srcset=\"https:\/\/blocs.tinet.cat\/labicidelalbert\/files\/2014\/06\/2014-06-01-09.12.44.jpg 800w, https:\/\/blocs.tinet.cat\/labicidelalbert\/files\/2014\/06\/2014-06-01-09.12.44-300x225.jpg 300w\" sizes=\"auto, (max-width: 800px) 100vw, 800px\" \/><\/a><br \/>\nS&#8217;ha de dir que la ruta \u00e9s 100% ciclable si est\u00e0s s\u00faper-fort pujant i ets un kamikaze baixant. Si ets un pobre mortal com la majoria del grup d&#8217;avui et toca baixar de la bici en alguns trams.<br \/>\n<a href=\"https:\/\/blocs.tinet.cat\/labicidelalbert\/2014\/06\/01\/falset-2000m\/2014-06-01-09-39-58\/\" rel=\"attachment wp-att-712\"><img loading=\"lazy\" decoding=\"async\" src=\"https:\/\/blocs.tinet.cat\/labicidelalbert\/files\/2014\/06\/2014-06-01-09.39.58.jpg\" alt=\"\" width=\"800\" height=\"600\" class=\"alignleft size-full wp-image-712\" srcset=\"https:\/\/blocs.tinet.cat\/labicidelalbert\/files\/2014\/06\/2014-06-01-09.39.58.jpg 800w, https:\/\/blocs.tinet.cat\/labicidelalbert\/files\/2014\/06\/2014-06-01-09.39.58-300x225.jpg 300w\" sizes=\"auto, (max-width: 800px) 100vw, 800px\" \/><\/a><br \/>\nHem parat a esmorzar a Poboleda, amb nom\u00e9s 28km, per\u00f2 ja portavem gaireb\u00e9 1000m+.<br \/>\n<a href=\"https:\/\/blocs.tinet.cat\/labicidelalbert\/2014\/06\/01\/falset-2000m\/2014-06-01-09-47-35\/\" rel=\"attachment wp-att-713\"><img loading=\"lazy\" decoding=\"async\" src=\"https:\/\/blocs.tinet.cat\/labicidelalbert\/files\/2014\/06\/2014-06-01-09.47.35.jpg\" alt=\"\" width=\"800\" height=\"600\" class=\"alignleft size-full wp-image-713\" srcset=\"https:\/\/blocs.tinet.cat\/labicidelalbert\/files\/2014\/06\/2014-06-01-09.47.35.jpg 800w, https:\/\/blocs.tinet.cat\/labicidelalbert\/files\/2014\/06\/2014-06-01-09.47.35-300x225.jpg 300w\" sizes=\"auto, (max-width: 800px) 100vw, 800px\" \/><\/a><br \/>\n<a href=\"https:\/\/blocs.tinet.cat\/labicidelalbert\/2014\/06\/01\/falset-2000m\/priorat-1-6-14-66\/\" rel=\"attachment wp-att-727\"><img loading=\"lazy\" decoding=\"async\" src=\"https:\/\/blocs.tinet.cat\/labicidelalbert\/files\/2014\/06\/Priorat-1-6-14-66.jpg\" alt=\"\" width=\"800\" height=\"600\" class=\"alignleft size-full wp-image-727\" srcset=\"https:\/\/blocs.tinet.cat\/labicidelalbert\/files\/2014\/06\/Priorat-1-6-14-66.jpg 800w, https:\/\/blocs.tinet.cat\/labicidelalbert\/files\/2014\/06\/Priorat-1-6-14-66-300x225.jpg 300w\" sizes=\"auto, (max-width: 800px) 100vw, 800px\" \/><\/a><br \/>\nPapallona &#8220;gegant&#8221; prenent el sol al mig de la carretera de Poboleda.<br \/>\n<a href=\"https:\/\/blocs.tinet.cat\/labicidelalbert\/2014\/06\/01\/falset-2000m\/2014-06-01-11-01-13\/\" rel=\"attachment wp-att-714\"><img loading=\"lazy\" decoding=\"async\" src=\"https:\/\/blocs.tinet.cat\/labicidelalbert\/files\/2014\/06\/2014-06-01-11.01.13.jpg\" alt=\"\" width=\"800\" height=\"600\" class=\"alignleft size-full wp-image-714\" srcset=\"https:\/\/blocs.tinet.cat\/labicidelalbert\/files\/2014\/06\/2014-06-01-11.01.13.jpg 800w, https:\/\/blocs.tinet.cat\/labicidelalbert\/files\/2014\/06\/2014-06-01-11.01.13-300x225.jpg 300w\" sizes=\"auto, (max-width: 800px) 100vw, 800px\" \/><\/a><br \/>\nEn algun moment hem hagut de travessar algun rierol, i sempre cal filmar-ho o fer-ne fotos per si les hem d&#8217;enviar al Zona Zaping.<br \/>\n<a href=\"https:\/\/blocs.tinet.cat\/labicidelalbert\/2014\/06\/01\/falset-2000m\/2014-06-01-11-46-12\/\" rel=\"attachment wp-att-715\"><img loading=\"lazy\" decoding=\"async\" src=\"https:\/\/blocs.tinet.cat\/labicidelalbert\/files\/2014\/06\/2014-06-01-11.46.12.jpg\" alt=\"\" width=\"800\" height=\"600\" class=\"alignleft size-full wp-image-715\" srcset=\"https:\/\/blocs.tinet.cat\/labicidelalbert\/files\/2014\/06\/2014-06-01-11.46.12.jpg 800w, https:\/\/blocs.tinet.cat\/labicidelalbert\/files\/2014\/06\/2014-06-01-11.46.12-300x225.jpg 300w\" sizes=\"auto, (max-width: 800px) 100vw, 800px\" \/><\/a><br \/>\n<a href=\"https:\/\/blocs.tinet.cat\/labicidelalbert\/2014\/06\/01\/falset-2000m\/2014-06-01-11-46-15\/\" rel=\"attachment wp-att-716\"><img loading=\"lazy\" decoding=\"async\" src=\"https:\/\/blocs.tinet.cat\/labicidelalbert\/files\/2014\/06\/2014-06-01-11.46.15.jpg\" alt=\"\" width=\"800\" height=\"600\" class=\"alignleft size-full wp-image-716\" srcset=\"https:\/\/blocs.tinet.cat\/labicidelalbert\/files\/2014\/06\/2014-06-01-11.46.15.jpg 800w, https:\/\/blocs.tinet.cat\/labicidelalbert\/files\/2014\/06\/2014-06-01-11.46.15-300x225.jpg 300w\" sizes=\"auto, (max-width: 800px) 100vw, 800px\" \/><\/a><br \/>\n<a href=\"https:\/\/blocs.tinet.cat\/labicidelalbert\/2014\/06\/01\/falset-2000m\/2014-06-01-11-46-43\/\" rel=\"attachment wp-att-717\"><img loading=\"lazy\" decoding=\"async\" src=\"https:\/\/blocs.tinet.cat\/labicidelalbert\/files\/2014\/06\/2014-06-01-11.46.43.jpg\" alt=\"\" width=\"800\" height=\"600\" class=\"alignleft size-full wp-image-717\" srcset=\"https:\/\/blocs.tinet.cat\/labicidelalbert\/files\/2014\/06\/2014-06-01-11.46.43.jpg 800w, https:\/\/blocs.tinet.cat\/labicidelalbert\/files\/2014\/06\/2014-06-01-11.46.43-300x225.jpg 300w\" sizes=\"auto, (max-width: 800px) 100vw, 800px\" \/><\/a><br \/>\n<a href=\"https:\/\/blocs.tinet.cat\/labicidelalbert\/2014\/06\/01\/falset-2000m\/2014-06-01-11-46-48\/\" rel=\"attachment wp-att-718\"><img loading=\"lazy\" decoding=\"async\" src=\"https:\/\/blocs.tinet.cat\/labicidelalbert\/files\/2014\/06\/2014-06-01-11.46.48.jpg\" alt=\"\" width=\"800\" height=\"600\" class=\"alignleft size-full wp-image-718\" srcset=\"https:\/\/blocs.tinet.cat\/labicidelalbert\/files\/2014\/06\/2014-06-01-11.46.48.jpg 800w, https:\/\/blocs.tinet.cat\/labicidelalbert\/files\/2014\/06\/2014-06-01-11.46.48-300x225.jpg 300w\" sizes=\"auto, (max-width: 800px) 100vw, 800px\" \/><\/a><br \/>\nI com sempre, el Barber t\u00e9 temps de pujar, fer fotos, esperar que passi tothom, tornar a arrencar i avan\u00e7ar-nos a tots per tornar a fer fotos, i aix\u00ed tot el mat\u00ed. Osti quin paio!!<br \/>\n<a href=\"https:\/\/blocs.tinet.cat\/labicidelalbert\/2014\/06\/01\/falset-2000m\/2014-06-01-12-13-56\/\" rel=\"attachment wp-att-719\"><img loading=\"lazy\" decoding=\"async\" src=\"https:\/\/blocs.tinet.cat\/labicidelalbert\/files\/2014\/06\/2014-06-01-12.13.56.jpg\" alt=\"\" width=\"800\" height=\"600\" class=\"alignleft size-full wp-image-719\" srcset=\"https:\/\/blocs.tinet.cat\/labicidelalbert\/files\/2014\/06\/2014-06-01-12.13.56.jpg 800w, https:\/\/blocs.tinet.cat\/labicidelalbert\/files\/2014\/06\/2014-06-01-12.13.56-300x225.jpg 300w\" sizes=\"auto, (max-width: 800px) 100vw, 800px\" \/><\/a><br \/>\n<a href=\"https:\/\/blocs.tinet.cat\/labicidelalbert\/2014\/06\/01\/falset-2000m\/2014-06-01-12-14-51\/\" rel=\"attachment wp-att-720\"><img loading=\"lazy\" decoding=\"async\" src=\"https:\/\/blocs.tinet.cat\/labicidelalbert\/files\/2014\/06\/2014-06-01-12.14.51.jpg\" alt=\"\" width=\"800\" height=\"600\" class=\"alignleft size-full wp-image-720\" srcset=\"https:\/\/blocs.tinet.cat\/labicidelalbert\/files\/2014\/06\/2014-06-01-12.14.51.jpg 800w, https:\/\/blocs.tinet.cat\/labicidelalbert\/files\/2014\/06\/2014-06-01-12.14.51-300x225.jpg 300w\" sizes=\"auto, (max-width: 800px) 100vw, 800px\" \/><\/a><br \/>\nHavent fet un dels cims<br \/>\n<a href=\"https:\/\/blocs.tinet.cat\/labicidelalbert\/2014\/06\/01\/falset-2000m\/2014-06-01-12-15-00\/\" rel=\"attachment wp-att-721\"><img loading=\"lazy\" decoding=\"async\" src=\"https:\/\/blocs.tinet.cat\/labicidelalbert\/files\/2014\/06\/2014-06-01-12.15.00.jpg\" alt=\"\" width=\"800\" height=\"450\" class=\"alignleft size-full wp-image-721\" srcset=\"https:\/\/blocs.tinet.cat\/labicidelalbert\/files\/2014\/06\/2014-06-01-12.15.00.jpg 800w, https:\/\/blocs.tinet.cat\/labicidelalbert\/files\/2014\/06\/2014-06-01-12.15.00-300x168.jpg 300w\" sizes=\"auto, (max-width: 800px) 100vw, 800px\" \/><\/a><br \/>\nSempre m&#8217;agrada imaginar-me la hist\u00f2ria dels masos enderrocats: com hi vivien, perqu\u00e8 es va abandonar, &#8230;<br \/>\nAquest est\u00e0 sortint de Porrera en direcci\u00f3 a Falset, per algun d&#8217;aquells camins.<br \/>\n<a href=\"https:\/\/blocs.tinet.cat\/labicidelalbert\/2014\/06\/01\/falset-2000m\/2014-06-01-13-22-25\/\" rel=\"attachment wp-att-722\"><img loading=\"lazy\" decoding=\"async\" src=\"https:\/\/blocs.tinet.cat\/labicidelalbert\/files\/2014\/06\/2014-06-01-13.22.25.jpg\" alt=\"\" width=\"800\" height=\"600\" class=\"alignleft size-full wp-image-722\" srcset=\"https:\/\/blocs.tinet.cat\/labicidelalbert\/files\/2014\/06\/2014-06-01-13.22.25.jpg 800w, https:\/\/blocs.tinet.cat\/labicidelalbert\/files\/2014\/06\/2014-06-01-13.22.25-300x225.jpg 300w\" sizes=\"auto, (max-width: 800px) 100vw, 800px\" \/><\/a><br \/>\n<a href=\"https:\/\/blocs.tinet.cat\/labicidelalbert\/2014\/06\/01\/falset-2000m\/falset2000\/\" rel=\"attachment wp-att-725\"><img loading=\"lazy\" decoding=\"async\" src=\"https:\/\/blocs.tinet.cat\/labicidelalbert\/files\/2014\/06\/FALSET2000.png\" alt=\"\" width=\"1175\" height=\"418\" class=\"alignleft size-full wp-image-725\" srcset=\"https:\/\/blocs.tinet.cat\/labicidelalbert\/files\/2014\/06\/FALSET2000.png 1175w, https:\/\/blocs.tinet.cat\/labicidelalbert\/files\/2014\/06\/FALSET2000-300x106.png 300w, https:\/\/blocs.tinet.cat\/labicidelalbert\/files\/2014\/06\/FALSET2000-1024x364.png 1024w\" sizes=\"auto, (max-width: 1175px) 100vw, 1175px\" \/><\/a><br \/>\nPodeu consultar el <a href=\"http:\/\/ca.wikiloc.com\/wikiloc\/view.do?id=6983868\">track a wikiloc<\/a><\/p>\n","protected":false},"excerpt":{"rendered":"<p>La d&#8217;avui ha sigut una sortida extra, per\u00f2 extra de veritat. En nom\u00e9s 50 km hem fet un ascens acumulat de m\u00e9s de 1.800 m positius. El percentatge en algunes rampes era d&#8217;un 22%. Sortint de Falset ens dirigim cap &hellip; <a href=\"https:\/\/blocs.tinet.cat\/labicidelalbert\/2014\/06\/01\/falset-2000m\/\">Continua llegint <span class=\"meta-nav\">&rarr;<\/span><\/a><\/p>\n","protected":false},"author":54,"featured_media":0,"comment_status":"open","ping_status":"open","sticky":false,"template":"","format":"standard","meta":{"footnotes":""},"categories":[1],"tags":[],"class_list":["post-706","post","type-post","status-publish","format-standard","hentry","category-general"],"_links":{"self":[{"href":"https:\/\/blocs.tinet.cat\/labicidelalbert\/wp-json\/wp\/v2\/posts\/706","targetHints":{"allow":["GET"]}}],"collection":[{"href":"https:\/\/blocs.tinet.cat\/labicidelalbert\/wp-json\/wp\/v2\/posts"}],"about":[{"href":"https:\/\/blocs.tinet.cat\/labicidelalbert\/wp-json\/wp\/v2\/types\/post"}],"author":[{"embeddable":true,"href":"https:\/\/blocs.tinet.cat\/labicidelalbert\/wp-json\/wp\/v2\/users\/54"}],"replies":[{"embeddable":true,"href":"https:\/\/blocs.tinet.cat\/labicidelalbert\/wp-json\/wp\/v2\/comments?post=706"}],"version-history":[{"count":0,"href":"https:\/\/blocs.tinet.cat\/labicidelalbert\/wp-json\/wp\/v2\/posts\/706\/revisions"}],"wp:attachment":[{"href":"https:\/\/blocs.tinet.cat\/labicidelalbert\/wp-json\/wp\/v2\/media?parent=706"}],"wp:term":[{"taxonomy":"category","embeddable":true,"href":"https:\/\/blocs.tinet.cat\/labicidelalbert\/wp-json\/wp\/v2\/categories?post=706"},{"taxonomy":"post_tag","embeddable":true,"href":"https:\/\/blocs.tinet.cat\/labicidelalbert\/wp-json\/wp\/v2\/tags?post=706"}],"curies":[{"name":"wp","href":"https:\/\/api.w.org\/{rel}","templated":true}]}}