{"id":608,"date":"2014-04-15T19:42:57","date_gmt":"2014-04-15T18:42:57","guid":{"rendered":"https:\/\/blocs.tinet.cat\/labicidelalbert\/?p=608"},"modified":"2014-04-15T22:01:37","modified_gmt":"2014-04-15T21:01:37","slug":"farena-prades-capafonts","status":"publish","type":"post","link":"https:\/\/blocs.tinet.cat\/labicidelalbert\/2014\/04\/15\/farena-prades-capafonts\/","title":{"rendered":"Farena &#8211; Prades &#8211; Capafonts"},"content":{"rendered":"<p>Sortim de bon mat\u00ed amb els cotxes per arribar-nos a Farena. I des d&#8217;all\u00ed agafem les bicis en direcci\u00f3 al fam\u00f3s coll de la Bartra.<br \/>\n<a href=\"https:\/\/blocs.tinet.cat\/labicidelalbert\/2014\/04\/15\/farena-prades-capafonts\/2014-04-13-08-29-49\/\" rel=\"attachment wp-att-609\"><img loading=\"lazy\" decoding=\"async\" src=\"https:\/\/blocs.tinet.cat\/labicidelalbert\/files\/2014\/04\/2014-04-13-08.29.49.jpg\" alt=\"\" width=\"800\" height=\"600\" class=\"alignleft size-full wp-image-609\" srcset=\"https:\/\/blocs.tinet.cat\/labicidelalbert\/files\/2014\/04\/2014-04-13-08.29.49.jpg 800w, https:\/\/blocs.tinet.cat\/labicidelalbert\/files\/2014\/04\/2014-04-13-08.29.49-300x225.jpg 300w\" sizes=\"auto, (max-width: 800px) 100vw, 800px\" \/><\/a><br \/>\nRealment \u00e9s un coll de rampes dures i d&#8217;uns 6 o 7 km.<br \/>\n<a href=\"https:\/\/blocs.tinet.cat\/labicidelalbert\/2014\/04\/15\/farena-prades-capafonts\/2014-04-13-08-30-08\/\" rel=\"attachment wp-att-610\"><img loading=\"lazy\" decoding=\"async\" src=\"https:\/\/blocs.tinet.cat\/labicidelalbert\/files\/2014\/04\/2014-04-13-08.30.08.jpg\" alt=\"\" width=\"800\" height=\"600\" class=\"alignleft size-full wp-image-610\" srcset=\"https:\/\/blocs.tinet.cat\/labicidelalbert\/files\/2014\/04\/2014-04-13-08.30.08.jpg 800w, https:\/\/blocs.tinet.cat\/labicidelalbert\/files\/2014\/04\/2014-04-13-08.30.08-300x225.jpg 300w\" sizes=\"auto, (max-width: 800px) 100vw, 800px\" \/><\/a><br \/>\n<a href=\"https:\/\/blocs.tinet.cat\/labicidelalbert\/2014\/04\/15\/farena-prades-capafonts\/2014-04-13-08-30-27\/\" rel=\"attachment wp-att-611\"><img loading=\"lazy\" decoding=\"async\" src=\"https:\/\/blocs.tinet.cat\/labicidelalbert\/files\/2014\/04\/2014-04-13-08.30.27.jpg\" alt=\"\" width=\"800\" height=\"600\" class=\"alignleft size-full wp-image-611\" srcset=\"https:\/\/blocs.tinet.cat\/labicidelalbert\/files\/2014\/04\/2014-04-13-08.30.27.jpg 800w, https:\/\/blocs.tinet.cat\/labicidelalbert\/files\/2014\/04\/2014-04-13-08.30.27-300x225.jpg 300w\" sizes=\"auto, (max-width: 800px) 100vw, 800px\" \/><\/a><br \/>\n<a href=\"https:\/\/blocs.tinet.cat\/labicidelalbert\/2014\/04\/15\/farena-prades-capafonts\/2014-04-13-08-30-47\/\" rel=\"attachment wp-att-612\"><img loading=\"lazy\" decoding=\"async\" src=\"https:\/\/blocs.tinet.cat\/labicidelalbert\/files\/2014\/04\/2014-04-13-08.30.47.jpg\" alt=\"\" width=\"800\" height=\"600\" class=\"alignleft size-full wp-image-612\" srcset=\"https:\/\/blocs.tinet.cat\/labicidelalbert\/files\/2014\/04\/2014-04-13-08.30.47.jpg 800w, https:\/\/blocs.tinet.cat\/labicidelalbert\/files\/2014\/04\/2014-04-13-08.30.47-300x225.jpg 300w\" sizes=\"auto, (max-width: 800px) 100vw, 800px\" \/><\/a><br \/>\n<a href=\"https:\/\/blocs.tinet.cat\/labicidelalbert\/2014\/04\/15\/farena-prades-capafonts\/2014-04-13-08-30-58\/\" rel=\"attachment wp-att-613\"><img loading=\"lazy\" decoding=\"async\" src=\"https:\/\/blocs.tinet.cat\/labicidelalbert\/files\/2014\/04\/2014-04-13-08.30.58.jpg\" alt=\"\" width=\"800\" height=\"600\" class=\"alignleft size-full wp-image-613\" srcset=\"https:\/\/blocs.tinet.cat\/labicidelalbert\/files\/2014\/04\/2014-04-13-08.30.58.jpg 800w, https:\/\/blocs.tinet.cat\/labicidelalbert\/files\/2014\/04\/2014-04-13-08.30.58-300x225.jpg 300w\" sizes=\"auto, (max-width: 800px) 100vw, 800px\" \/><\/a><br \/>\nDespr\u00e9s de la pujadota ens tocava planejar per la part alta de les muntanyes de Prades. I fent tamb\u00e9 algun tram a peu.<br \/>\n<a href=\"https:\/\/blocs.tinet.cat\/labicidelalbert\/2014\/04\/15\/farena-prades-capafonts\/2014-04-13-09-09-50\/\" rel=\"attachment wp-att-614\"><img loading=\"lazy\" decoding=\"async\" src=\"https:\/\/blocs.tinet.cat\/labicidelalbert\/files\/2014\/04\/2014-04-13-09.09.50.jpg\" alt=\"\" width=\"800\" height=\"600\" class=\"alignleft size-full wp-image-614\" srcset=\"https:\/\/blocs.tinet.cat\/labicidelalbert\/files\/2014\/04\/2014-04-13-09.09.50.jpg 800w, https:\/\/blocs.tinet.cat\/labicidelalbert\/files\/2014\/04\/2014-04-13-09.09.50-300x225.jpg 300w\" sizes=\"auto, (max-width: 800px) 100vw, 800px\" \/><\/a><br \/>\n<a href=\"https:\/\/blocs.tinet.cat\/labicidelalbert\/2014\/04\/15\/farena-prades-capafonts\/2014-04-13-09-09-52\/\" rel=\"attachment wp-att-615\"><img loading=\"lazy\" decoding=\"async\" src=\"https:\/\/blocs.tinet.cat\/labicidelalbert\/files\/2014\/04\/2014-04-13-09.09.52.jpg\" alt=\"\" width=\"800\" height=\"600\" class=\"alignleft size-full wp-image-615\" srcset=\"https:\/\/blocs.tinet.cat\/labicidelalbert\/files\/2014\/04\/2014-04-13-09.09.52.jpg 800w, https:\/\/blocs.tinet.cat\/labicidelalbert\/files\/2014\/04\/2014-04-13-09.09.52-300x225.jpg 300w\" sizes=\"auto, (max-width: 800px) 100vw, 800px\" \/><\/a><br \/>\n<a href=\"https:\/\/blocs.tinet.cat\/labicidelalbert\/2014\/04\/15\/farena-prades-capafonts\/2014-04-13-09-09-55\/\" rel=\"attachment wp-att-616\"><img loading=\"lazy\" decoding=\"async\" src=\"https:\/\/blocs.tinet.cat\/labicidelalbert\/files\/2014\/04\/2014-04-13-09.09.55.jpg\" alt=\"\" width=\"800\" height=\"600\" class=\"alignleft size-full wp-image-616\" srcset=\"https:\/\/blocs.tinet.cat\/labicidelalbert\/files\/2014\/04\/2014-04-13-09.09.55.jpg 800w, https:\/\/blocs.tinet.cat\/labicidelalbert\/files\/2014\/04\/2014-04-13-09.09.55-300x225.jpg 300w\" sizes=\"auto, (max-width: 800px) 100vw, 800px\" \/><\/a><br \/>\n<a href=\"https:\/\/blocs.tinet.cat\/labicidelalbert\/2014\/04\/15\/farena-prades-capafonts\/2014-04-13-09-10-12\/\" rel=\"attachment wp-att-617\"><img loading=\"lazy\" decoding=\"async\" src=\"https:\/\/blocs.tinet.cat\/labicidelalbert\/files\/2014\/04\/2014-04-13-09.10.12.jpg\" alt=\"\" width=\"800\" height=\"600\" class=\"alignleft size-full wp-image-617\" srcset=\"https:\/\/blocs.tinet.cat\/labicidelalbert\/files\/2014\/04\/2014-04-13-09.10.12.jpg 800w, https:\/\/blocs.tinet.cat\/labicidelalbert\/files\/2014\/04\/2014-04-13-09.10.12-300x225.jpg 300w\" sizes=\"auto, (max-width: 800px) 100vw, 800px\" \/><\/a><br \/>\nPer\u00f2 tot i anar a peu tamb\u00e9 \u00e9s possible punxar.<br \/>\n<a href=\"https:\/\/blocs.tinet.cat\/labicidelalbert\/2014\/04\/15\/farena-prades-capafonts\/2014-04-13-09-37-26\/\" rel=\"attachment wp-att-618\"><img loading=\"lazy\" decoding=\"async\" src=\"https:\/\/blocs.tinet.cat\/labicidelalbert\/files\/2014\/04\/2014-04-13-09.37.26.jpg\" alt=\"\" width=\"800\" height=\"600\" class=\"alignleft size-full wp-image-618\" srcset=\"https:\/\/blocs.tinet.cat\/labicidelalbert\/files\/2014\/04\/2014-04-13-09.37.26.jpg 800w, https:\/\/blocs.tinet.cat\/labicidelalbert\/files\/2014\/04\/2014-04-13-09.37.26-300x225.jpg 300w\" sizes=\"auto, (max-width: 800px) 100vw, 800px\" \/><\/a><br \/>\n<a href=\"https:\/\/blocs.tinet.cat\/labicidelalbert\/2014\/04\/15\/farena-prades-capafonts\/2014-04-13-10-20-00\/\" rel=\"attachment wp-att-619\"><img loading=\"lazy\" decoding=\"async\" src=\"https:\/\/blocs.tinet.cat\/labicidelalbert\/files\/2014\/04\/2014-04-13-10.20.00.jpg\" alt=\"\" width=\"800\" height=\"600\" class=\"alignleft size-full wp-image-619\" srcset=\"https:\/\/blocs.tinet.cat\/labicidelalbert\/files\/2014\/04\/2014-04-13-10.20.00.jpg 800w, https:\/\/blocs.tinet.cat\/labicidelalbert\/files\/2014\/04\/2014-04-13-10.20.00-300x225.jpg 300w\" sizes=\"auto, (max-width: 800px) 100vw, 800px\" \/><\/a><br \/>\n<a href=\"https:\/\/blocs.tinet.cat\/labicidelalbert\/2014\/04\/15\/farena-prades-capafonts\/2014-04-13-10-20-10\/\" rel=\"attachment wp-att-620\"><img loading=\"lazy\" decoding=\"async\" src=\"https:\/\/blocs.tinet.cat\/labicidelalbert\/files\/2014\/04\/2014-04-13-10.20.10.jpg\" alt=\"\" width=\"800\" height=\"600\" class=\"alignleft size-full wp-image-620\" srcset=\"https:\/\/blocs.tinet.cat\/labicidelalbert\/files\/2014\/04\/2014-04-13-10.20.10.jpg 800w, https:\/\/blocs.tinet.cat\/labicidelalbert\/files\/2014\/04\/2014-04-13-10.20.10-300x225.jpg 300w\" sizes=\"auto, (max-width: 800px) 100vw, 800px\" \/><\/a><br \/>\n<a href=\"https:\/\/blocs.tinet.cat\/labicidelalbert\/2014\/04\/15\/farena-prades-capafonts\/2014-04-13-10-22-00\/\" rel=\"attachment wp-att-621\"><img loading=\"lazy\" decoding=\"async\" src=\"https:\/\/blocs.tinet.cat\/labicidelalbert\/files\/2014\/04\/2014-04-13-10.22.00.jpg\" alt=\"\" width=\"800\" height=\"600\" class=\"alignleft size-full wp-image-621\" srcset=\"https:\/\/blocs.tinet.cat\/labicidelalbert\/files\/2014\/04\/2014-04-13-10.22.00.jpg 800w, https:\/\/blocs.tinet.cat\/labicidelalbert\/files\/2014\/04\/2014-04-13-10.22.00-300x225.jpg 300w\" sizes=\"auto, (max-width: 800px) 100vw, 800px\" \/><\/a><br \/>\nPujant cap al Tossal de la Baltassana<br \/>\n<a href=\"https:\/\/blocs.tinet.cat\/labicidelalbert\/2014\/04\/15\/farena-prades-capafonts\/2014-04-13-10-30-00\/\" rel=\"attachment wp-att-622\"><img loading=\"lazy\" decoding=\"async\" src=\"https:\/\/blocs.tinet.cat\/labicidelalbert\/files\/2014\/04\/2014-04-13-10.30.00.jpg\" alt=\"\" width=\"800\" height=\"600\" class=\"alignleft size-full wp-image-622\" srcset=\"https:\/\/blocs.tinet.cat\/labicidelalbert\/files\/2014\/04\/2014-04-13-10.30.00.jpg 800w, https:\/\/blocs.tinet.cat\/labicidelalbert\/files\/2014\/04\/2014-04-13-10.30.00-300x225.jpg 300w\" sizes=\"auto, (max-width: 800px) 100vw, 800px\" \/><\/a><br \/>\n<a href=\"https:\/\/blocs.tinet.cat\/labicidelalbert\/2014\/04\/15\/farena-prades-capafonts\/2014-04-13-10-40-32\/\" rel=\"attachment wp-att-623\"><img loading=\"lazy\" decoding=\"async\" src=\"https:\/\/blocs.tinet.cat\/labicidelalbert\/files\/2014\/04\/2014-04-13-10.40.32.jpg\" alt=\"\" width=\"800\" height=\"600\" class=\"alignleft size-full wp-image-623\" srcset=\"https:\/\/blocs.tinet.cat\/labicidelalbert\/files\/2014\/04\/2014-04-13-10.40.32.jpg 800w, https:\/\/blocs.tinet.cat\/labicidelalbert\/files\/2014\/04\/2014-04-13-10.40.32-300x225.jpg 300w\" sizes=\"auto, (max-width: 800px) 100vw, 800px\" \/><\/a><br \/>\nEl Barber s&#8217;ha tallat la melena !!!<br \/>\n<a href=\"https:\/\/blocs.tinet.cat\/labicidelalbert\/2014\/04\/15\/farena-prades-capafonts\/2014-04-13-10-42-28\/\" rel=\"attachment wp-att-624\"><img loading=\"lazy\" decoding=\"async\" src=\"https:\/\/blocs.tinet.cat\/labicidelalbert\/files\/2014\/04\/2014-04-13-10.42.28.jpg\" alt=\"\" width=\"800\" height=\"600\" class=\"alignleft size-full wp-image-624\" srcset=\"https:\/\/blocs.tinet.cat\/labicidelalbert\/files\/2014\/04\/2014-04-13-10.42.28.jpg 800w, https:\/\/blocs.tinet.cat\/labicidelalbert\/files\/2014\/04\/2014-04-13-10.42.28-300x225.jpg 300w\" sizes=\"auto, (max-width: 800px) 100vw, 800px\" \/><\/a><br \/>\n<a href=\"https:\/\/blocs.tinet.cat\/labicidelalbert\/2014\/04\/15\/farena-prades-capafonts\/2014-04-13-10-43-36\/\" rel=\"attachment wp-att-625\"><img loading=\"lazy\" decoding=\"async\" src=\"https:\/\/blocs.tinet.cat\/labicidelalbert\/files\/2014\/04\/2014-04-13-10.43.36.jpg\" alt=\"\" width=\"800\" height=\"600\" class=\"alignleft size-full wp-image-625\" srcset=\"https:\/\/blocs.tinet.cat\/labicidelalbert\/files\/2014\/04\/2014-04-13-10.43.36.jpg 800w, https:\/\/blocs.tinet.cat\/labicidelalbert\/files\/2014\/04\/2014-04-13-10.43.36-300x225.jpg 300w\" sizes=\"auto, (max-width: 800px) 100vw, 800px\" \/><\/a><br \/>\nI cap a Prades a esmorzar.<br \/>\n<a href=\"https:\/\/blocs.tinet.cat\/labicidelalbert\/2014\/04\/15\/farena-prades-capafonts\/2014-04-13-10-45-00\/\" rel=\"attachment wp-att-626\"><img loading=\"lazy\" decoding=\"async\" src=\"https:\/\/blocs.tinet.cat\/labicidelalbert\/files\/2014\/04\/2014-04-13-10.45.00.jpg\" alt=\"\" width=\"800\" height=\"612\" class=\"alignleft size-full wp-image-626\" srcset=\"https:\/\/blocs.tinet.cat\/labicidelalbert\/files\/2014\/04\/2014-04-13-10.45.00.jpg 800w, https:\/\/blocs.tinet.cat\/labicidelalbert\/files\/2014\/04\/2014-04-13-10.45.00-300x229.jpg 300w\" sizes=\"auto, (max-width: 800px) 100vw, 800px\" \/><\/a><br \/>\nI despr\u00e9s de Prades sortim en direcci\u00f3 cap a l&#8217;ermita de l&#8217;Abellera. Per\u00f2 despr\u00e9s hem de posar els peus a l&#8217;aigua del riu Brugent.<br \/>\n<a href=\"https:\/\/blocs.tinet.cat\/labicidelalbert\/2014\/04\/15\/farena-prades-capafonts\/2014-04-13-12-49-09\/\" rel=\"attachment wp-att-627\"><img loading=\"lazy\" decoding=\"async\" src=\"https:\/\/blocs.tinet.cat\/labicidelalbert\/files\/2014\/04\/2014-04-13-12.49.09.jpg\" alt=\"\" width=\"600\" height=\"800\" class=\"alignleft size-full wp-image-627\" srcset=\"https:\/\/blocs.tinet.cat\/labicidelalbert\/files\/2014\/04\/2014-04-13-12.49.09.jpg 600w, https:\/\/blocs.tinet.cat\/labicidelalbert\/files\/2014\/04\/2014-04-13-12.49.09-225x300.jpg 225w\" sizes=\"auto, (max-width: 600px) 100vw, 600px\" \/><\/a><br \/>\n<a href=\"https:\/\/blocs.tinet.cat\/labicidelalbert\/2014\/04\/15\/farena-prades-capafonts\/2014-04-13-12-50-09\/\" rel=\"attachment wp-att-628\"><img loading=\"lazy\" decoding=\"async\" src=\"https:\/\/blocs.tinet.cat\/labicidelalbert\/files\/2014\/04\/2014-04-13-12.50.09.jpg\" alt=\"\" width=\"600\" height=\"800\" class=\"alignleft size-full wp-image-628\" srcset=\"https:\/\/blocs.tinet.cat\/labicidelalbert\/files\/2014\/04\/2014-04-13-12.50.09.jpg 600w, https:\/\/blocs.tinet.cat\/labicidelalbert\/files\/2014\/04\/2014-04-13-12.50.09-225x300.jpg 225w\" sizes=\"auto, (max-width: 600px) 100vw, 600px\" \/><\/a><br \/>\n<a href=\"https:\/\/blocs.tinet.cat\/labicidelalbert\/2014\/04\/15\/farena-prades-capafonts\/2014-04-13-12-50-14\/\" rel=\"attachment wp-att-629\"><img loading=\"lazy\" decoding=\"async\" src=\"https:\/\/blocs.tinet.cat\/labicidelalbert\/files\/2014\/04\/2014-04-13-12.50.14.jpg\" alt=\"\" width=\"600\" height=\"800\" class=\"alignleft size-full wp-image-629\" srcset=\"https:\/\/blocs.tinet.cat\/labicidelalbert\/files\/2014\/04\/2014-04-13-12.50.14.jpg 600w, https:\/\/blocs.tinet.cat\/labicidelalbert\/files\/2014\/04\/2014-04-13-12.50.14-225x300.jpg 225w\" sizes=\"auto, (max-width: 600px) 100vw, 600px\" \/><\/a><br \/>\n<a href=\"https:\/\/blocs.tinet.cat\/labicidelalbert\/2014\/04\/15\/farena-prades-capafonts\/2014-04-13-12-51-37\/\" rel=\"attachment wp-att-630\"><img loading=\"lazy\" decoding=\"async\" src=\"https:\/\/blocs.tinet.cat\/labicidelalbert\/files\/2014\/04\/2014-04-13-12.51.37.jpg\" alt=\"\" width=\"800\" height=\"600\" class=\"alignleft size-full wp-image-630\" srcset=\"https:\/\/blocs.tinet.cat\/labicidelalbert\/files\/2014\/04\/2014-04-13-12.51.37.jpg 800w, https:\/\/blocs.tinet.cat\/labicidelalbert\/files\/2014\/04\/2014-04-13-12.51.37-300x225.jpg 300w\" sizes=\"auto, (max-width: 800px) 100vw, 800px\" \/><\/a><\/p>\n","protected":false},"excerpt":{"rendered":"<p>Sortim de bon mat\u00ed amb els cotxes per arribar-nos a Farena. I des d&#8217;all\u00ed agafem les bicis en direcci\u00f3 al fam\u00f3s coll de la Bartra. Realment \u00e9s un coll de rampes dures i d&#8217;uns 6 o 7 km. Despr\u00e9s de &hellip; <a href=\"https:\/\/blocs.tinet.cat\/labicidelalbert\/2014\/04\/15\/farena-prades-capafonts\/\">Continua llegint <span class=\"meta-nav\">&rarr;<\/span><\/a><\/p>\n","protected":false},"author":54,"featured_media":0,"comment_status":"open","ping_status":"open","sticky":false,"template":"","format":"standard","meta":{"footnotes":""},"categories":[1],"tags":[],"class_list":["post-608","post","type-post","status-publish","format-standard","hentry","category-general"],"_links":{"self":[{"href":"https:\/\/blocs.tinet.cat\/labicidelalbert\/wp-json\/wp\/v2\/posts\/608","targetHints":{"allow":["GET"]}}],"collection":[{"href":"https:\/\/blocs.tinet.cat\/labicidelalbert\/wp-json\/wp\/v2\/posts"}],"about":[{"href":"https:\/\/blocs.tinet.cat\/labicidelalbert\/wp-json\/wp\/v2\/types\/post"}],"author":[{"embeddable":true,"href":"https:\/\/blocs.tinet.cat\/labicidelalbert\/wp-json\/wp\/v2\/users\/54"}],"replies":[{"embeddable":true,"href":"https:\/\/blocs.tinet.cat\/labicidelalbert\/wp-json\/wp\/v2\/comments?post=608"}],"version-history":[{"count":0,"href":"https:\/\/blocs.tinet.cat\/labicidelalbert\/wp-json\/wp\/v2\/posts\/608\/revisions"}],"wp:attachment":[{"href":"https:\/\/blocs.tinet.cat\/labicidelalbert\/wp-json\/wp\/v2\/media?parent=608"}],"wp:term":[{"taxonomy":"category","embeddable":true,"href":"https:\/\/blocs.tinet.cat\/labicidelalbert\/wp-json\/wp\/v2\/categories?post=608"},{"taxonomy":"post_tag","embeddable":true,"href":"https:\/\/blocs.tinet.cat\/labicidelalbert\/wp-json\/wp\/v2\/tags?post=608"}],"curies":[{"name":"wp","href":"https:\/\/api.w.org\/{rel}","templated":true}]}}