{"id":535,"date":"2014-02-23T22:33:10","date_gmt":"2014-02-23T21:33:10","guid":{"rendered":"https:\/\/blocs.tinet.cat\/labicidelalbert\/?p=535"},"modified":"2014-02-23T22:34:05","modified_gmt":"2014-02-23T21:34:05","slug":"castello-vandellos","status":"publish","type":"post","link":"https:\/\/blocs.tinet.cat\/labicidelalbert\/2014\/02\/23\/castello-vandellos\/","title":{"rendered":"Castell\u00f3 &#8211; Vandell\u00f2s"},"content":{"rendered":"<p>Per fi, un diumenge sense pluja ni vent. Ja ens el mereix\u00edem.<br \/>\nI ens hem ajuntat un munt de bikers per anar cap a la zona de Castell\u00f3, esmorzar a Vandell\u00f2s i tornar per Remull\u00e0 i Pratdip.<br \/>\nD&#8217;anada es segueix el tra\u00e7at de l&#8217;autopista.<br \/>\n<a href=\"https:\/\/blocs.tinet.cat\/labicidelalbert\/2014\/02\/23\/castello-vandellos\/2014-02-23-09-01-13\/\" rel=\"attachment wp-att-536\"><img loading=\"lazy\" decoding=\"async\" src=\"https:\/\/blocs.tinet.cat\/labicidelalbert\/files\/2014\/02\/2014-02-23-09.01.13.jpg\" alt=\"\" width=\"800\" height=\"600\" class=\"alignleft size-full wp-image-536\" srcset=\"https:\/\/blocs.tinet.cat\/labicidelalbert\/files\/2014\/02\/2014-02-23-09.01.13.jpg 800w, https:\/\/blocs.tinet.cat\/labicidelalbert\/files\/2014\/02\/2014-02-23-09.01.13-300x225.jpg 300w\" sizes=\"auto, (max-width: 800px) 100vw, 800px\" \/><\/a><br \/>\n<a href=\"https:\/\/blocs.tinet.cat\/labicidelalbert\/2014\/02\/23\/castello-vandellos\/2014-02-23-09-01-26\/\" rel=\"attachment wp-att-537\"><img loading=\"lazy\" decoding=\"async\" src=\"https:\/\/blocs.tinet.cat\/labicidelalbert\/files\/2014\/02\/2014-02-23-09.01.26.jpg\" alt=\"\" width=\"800\" height=\"600\" class=\"alignleft size-full wp-image-537\" srcset=\"https:\/\/blocs.tinet.cat\/labicidelalbert\/files\/2014\/02\/2014-02-23-09.01.26.jpg 800w, https:\/\/blocs.tinet.cat\/labicidelalbert\/files\/2014\/02\/2014-02-23-09.01.26-300x225.jpg 300w\" sizes=\"auto, (max-width: 800px) 100vw, 800px\" \/><\/a><br \/>\n<a href=\"https:\/\/blocs.tinet.cat\/labicidelalbert\/2014\/02\/23\/castello-vandellos\/2014-02-23-09-01-30\/\" rel=\"attachment wp-att-538\"><img loading=\"lazy\" decoding=\"async\" src=\"https:\/\/blocs.tinet.cat\/labicidelalbert\/files\/2014\/02\/2014-02-23-09.01.30.jpg\" alt=\"\" width=\"800\" height=\"600\" class=\"alignleft size-full wp-image-538\" srcset=\"https:\/\/blocs.tinet.cat\/labicidelalbert\/files\/2014\/02\/2014-02-23-09.01.30.jpg 800w, https:\/\/blocs.tinet.cat\/labicidelalbert\/files\/2014\/02\/2014-02-23-09.01.30-300x225.jpg 300w\" sizes=\"auto, (max-width: 800px) 100vw, 800px\" \/><\/a><br \/>\nReagrupament a mitja pujada dels Dedalts<br \/>\n<a href=\"https:\/\/blocs.tinet.cat\/labicidelalbert\/2014\/02\/23\/castello-vandellos\/2014-02-23-09-24-49\/\" rel=\"attachment wp-att-539\"><img loading=\"lazy\" decoding=\"async\" src=\"https:\/\/blocs.tinet.cat\/labicidelalbert\/files\/2014\/02\/2014-02-23-09.24.49.jpg\" alt=\"\" width=\"800\" height=\"600\" class=\"alignleft size-full wp-image-539\" srcset=\"https:\/\/blocs.tinet.cat\/labicidelalbert\/files\/2014\/02\/2014-02-23-09.24.49.jpg 800w, https:\/\/blocs.tinet.cat\/labicidelalbert\/files\/2014\/02\/2014-02-23-09.24.49-300x225.jpg 300w\" sizes=\"auto, (max-width: 800px) 100vw, 800px\" \/><\/a><br \/>\n<a href=\"https:\/\/blocs.tinet.cat\/labicidelalbert\/2014\/02\/23\/castello-vandellos\/2014-02-23-09-25-02\/\" rel=\"attachment wp-att-540\"><img loading=\"lazy\" decoding=\"async\" src=\"https:\/\/blocs.tinet.cat\/labicidelalbert\/files\/2014\/02\/2014-02-23-09.25.02.jpg\" alt=\"\" width=\"800\" height=\"600\" class=\"alignleft size-full wp-image-540\" srcset=\"https:\/\/blocs.tinet.cat\/labicidelalbert\/files\/2014\/02\/2014-02-23-09.25.02.jpg 800w, https:\/\/blocs.tinet.cat\/labicidelalbert\/files\/2014\/02\/2014-02-23-09.25.02-300x225.jpg 300w\" sizes=\"auto, (max-width: 800px) 100vw, 800px\" \/><\/a><br \/>\n<a href=\"https:\/\/blocs.tinet.cat\/labicidelalbert\/2014\/02\/23\/castello-vandellos\/2014-02-23-09-25-52\/\" rel=\"attachment wp-att-541\"><img loading=\"lazy\" decoding=\"async\" src=\"https:\/\/blocs.tinet.cat\/labicidelalbert\/files\/2014\/02\/2014-02-23-09.25.52.jpg\" alt=\"\" width=\"800\" height=\"600\" class=\"alignleft size-full wp-image-541\" srcset=\"https:\/\/blocs.tinet.cat\/labicidelalbert\/files\/2014\/02\/2014-02-23-09.25.52.jpg 800w, https:\/\/blocs.tinet.cat\/labicidelalbert\/files\/2014\/02\/2014-02-23-09.25.52-300x225.jpg 300w\" sizes=\"auto, (max-width: 800px) 100vw, 800px\" \/><\/a><br \/>\nArribant al poble abandonat de Castell\u00f3<br \/>\n<a href=\"https:\/\/blocs.tinet.cat\/labicidelalbert\/2014\/02\/23\/castello-vandellos\/20140223-wa0006\/\" rel=\"attachment wp-att-542\"><img loading=\"lazy\" decoding=\"async\" src=\"https:\/\/blocs.tinet.cat\/labicidelalbert\/files\/2014\/02\/20140223-WA0006.jpg\" alt=\"\" width=\"388\" height=\"647\" class=\"alignleft size-full wp-image-542\" \/><\/a><br \/>\n<a href=\"https:\/\/blocs.tinet.cat\/labicidelalbert\/2014\/02\/23\/castello-vandellos\/20140223-wa0007\/\" rel=\"attachment wp-att-543\"><img loading=\"lazy\" decoding=\"async\" src=\"https:\/\/blocs.tinet.cat\/labicidelalbert\/files\/2014\/02\/20140223-WA0007.jpg\" alt=\"\" width=\"600\" height=\"800\" class=\"alignleft size-full wp-image-543\" srcset=\"https:\/\/blocs.tinet.cat\/labicidelalbert\/files\/2014\/02\/20140223-WA0007.jpg 600w, https:\/\/blocs.tinet.cat\/labicidelalbert\/files\/2014\/02\/20140223-WA0007-225x300.jpg 225w\" sizes=\"auto, (max-width: 600px) 100vw, 600px\" \/><\/a><br \/>\n<a href=\"https:\/\/blocs.tinet.cat\/labicidelalbert\/2014\/02\/23\/castello-vandellos\/20140223-wa0008\/\" rel=\"attachment wp-att-544\"><img loading=\"lazy\" decoding=\"async\" src=\"https:\/\/blocs.tinet.cat\/labicidelalbert\/files\/2014\/02\/20140223-WA0008.jpg\" alt=\"\" width=\"600\" height=\"800\" class=\"alignleft size-full wp-image-544\" srcset=\"https:\/\/blocs.tinet.cat\/labicidelalbert\/files\/2014\/02\/20140223-WA0008.jpg 600w, https:\/\/blocs.tinet.cat\/labicidelalbert\/files\/2014\/02\/20140223-WA0008-225x300.jpg 225w\" sizes=\"auto, (max-width: 600px) 100vw, 600px\" \/><\/a><br \/>\n<a href=\"https:\/\/blocs.tinet.cat\/labicidelalbert\/2014\/02\/23\/castello-vandellos\/20140223-wa0009\/\" rel=\"attachment wp-att-545\"><img loading=\"lazy\" decoding=\"async\" src=\"https:\/\/blocs.tinet.cat\/labicidelalbert\/files\/2014\/02\/20140223-WA0009.jpg\" alt=\"\" width=\"600\" height=\"800\" class=\"alignleft size-full wp-image-545\" srcset=\"https:\/\/blocs.tinet.cat\/labicidelalbert\/files\/2014\/02\/20140223-WA0009.jpg 600w, https:\/\/blocs.tinet.cat\/labicidelalbert\/files\/2014\/02\/20140223-WA0009-225x300.jpg 225w\" sizes=\"auto, (max-width: 600px) 100vw, 600px\" \/><\/a><br \/>\n<a href=\"https:\/\/blocs.tinet.cat\/labicidelalbert\/2014\/02\/23\/castello-vandellos\/20140223-wa0013\/\" rel=\"attachment wp-att-546\"><img loading=\"lazy\" decoding=\"async\" src=\"https:\/\/blocs.tinet.cat\/labicidelalbert\/files\/2014\/02\/20140223-WA0013.jpg\" alt=\"\" width=\"600\" height=\"800\" class=\"alignleft size-full wp-image-546\" srcset=\"https:\/\/blocs.tinet.cat\/labicidelalbert\/files\/2014\/02\/20140223-WA0013.jpg 600w, https:\/\/blocs.tinet.cat\/labicidelalbert\/files\/2014\/02\/20140223-WA0013-225x300.jpg 225w\" sizes=\"auto, (max-width: 600px) 100vw, 600px\" \/><\/a><\/p>\n","protected":false},"excerpt":{"rendered":"<p>Per fi, un diumenge sense pluja ni vent. Ja ens el mereix\u00edem. I ens hem ajuntat un munt de bikers per anar cap a la zona de Castell\u00f3, esmorzar a Vandell\u00f2s i tornar per Remull\u00e0 i Pratdip. D&#8217;anada es segueix &hellip; <a href=\"https:\/\/blocs.tinet.cat\/labicidelalbert\/2014\/02\/23\/castello-vandellos\/\">Continua llegint <span class=\"meta-nav\">&rarr;<\/span><\/a><\/p>\n","protected":false},"author":54,"featured_media":0,"comment_status":"open","ping_status":"open","sticky":false,"template":"","format":"standard","meta":{"footnotes":""},"categories":[1],"tags":[],"class_list":["post-535","post","type-post","status-publish","format-standard","hentry","category-general"],"_links":{"self":[{"href":"https:\/\/blocs.tinet.cat\/labicidelalbert\/wp-json\/wp\/v2\/posts\/535","targetHints":{"allow":["GET"]}}],"collection":[{"href":"https:\/\/blocs.tinet.cat\/labicidelalbert\/wp-json\/wp\/v2\/posts"}],"about":[{"href":"https:\/\/blocs.tinet.cat\/labicidelalbert\/wp-json\/wp\/v2\/types\/post"}],"author":[{"embeddable":true,"href":"https:\/\/blocs.tinet.cat\/labicidelalbert\/wp-json\/wp\/v2\/users\/54"}],"replies":[{"embeddable":true,"href":"https:\/\/blocs.tinet.cat\/labicidelalbert\/wp-json\/wp\/v2\/comments?post=535"}],"version-history":[{"count":0,"href":"https:\/\/blocs.tinet.cat\/labicidelalbert\/wp-json\/wp\/v2\/posts\/535\/revisions"}],"wp:attachment":[{"href":"https:\/\/blocs.tinet.cat\/labicidelalbert\/wp-json\/wp\/v2\/media?parent=535"}],"wp:term":[{"taxonomy":"category","embeddable":true,"href":"https:\/\/blocs.tinet.cat\/labicidelalbert\/wp-json\/wp\/v2\/categories?post=535"},{"taxonomy":"post_tag","embeddable":true,"href":"https:\/\/blocs.tinet.cat\/labicidelalbert\/wp-json\/wp\/v2\/tags?post=535"}],"curies":[{"name":"wp","href":"https:\/\/api.w.org\/{rel}","templated":true}]}}