{"id":520,"date":"2014-02-09T20:39:13","date_gmt":"2014-02-09T19:39:13","guid":{"rendered":"https:\/\/blocs.tinet.cat\/labicidelalbert\/?p=520"},"modified":"2014-02-11T20:33:32","modified_gmt":"2014-02-11T19:33:32","slug":"almatret","status":"publish","type":"post","link":"https:\/\/blocs.tinet.cat\/labicidelalbert\/2014\/02\/09\/almatret\/","title":{"rendered":"Almatret"},"content":{"rendered":"<p>Sortida per fer el recorregut de la cursa d&#8217;Almatret de l&#8217;any 2012, que tot i que aquest poble ens quedi a gaireb\u00e9 una hora i mitja de cotxe, la diversi\u00f3 en les baixades de la multitud de senders ha quedat assegurada. \u00c9s una ruta molt divertida, molt equilibrada entre pujades i baixades i gaireb\u00e9 tot ciclable.<br \/>\nEl recorregut i la marxa \u00e9s en homenatge a un dels bombers que va morir en l&#8217;incendi d&#8217;Horta de Sant Joan.<br \/>\n<a href=\"https:\/\/blocs.tinet.cat\/labicidelalbert\/2014\/02\/09\/almatret\/2014-02-09-08-54-50\/\" rel=\"attachment wp-att-521\"><img loading=\"lazy\" decoding=\"async\" src=\"https:\/\/blocs.tinet.cat\/labicidelalbert\/files\/2014\/02\/2014-02-09-08.54.50.jpg\" alt=\"\" width=\"800\" height=\"600\" class=\"alignleft size-full wp-image-521\" srcset=\"https:\/\/blocs.tinet.cat\/labicidelalbert\/files\/2014\/02\/2014-02-09-08.54.50.jpg 800w, https:\/\/blocs.tinet.cat\/labicidelalbert\/files\/2014\/02\/2014-02-09-08.54.50-300x225.jpg 300w\" sizes=\"auto, (max-width: 800px) 100vw, 800px\" \/><\/a><br \/>\nNom\u00e9s sortir d&#8217;Almatret ens posem per un sender\u00f3 de baixada r\u00e0pida i amb molts tombs que passen a fregar dels pins, d&#8217;aquells que tant ens agraden.<br \/>\n<a href=\"https:\/\/blocs.tinet.cat\/labicidelalbert\/2014\/02\/09\/almatret\/2014-02-09-09-08-16\/\" rel=\"attachment wp-att-522\"><img loading=\"lazy\" decoding=\"async\" src=\"https:\/\/blocs.tinet.cat\/labicidelalbert\/files\/2014\/02\/2014-02-09-09.08.16.jpg\" alt=\"\" width=\"800\" height=\"600\" class=\"alignleft size-full wp-image-522\" srcset=\"https:\/\/blocs.tinet.cat\/labicidelalbert\/files\/2014\/02\/2014-02-09-09.08.16.jpg 800w, https:\/\/blocs.tinet.cat\/labicidelalbert\/files\/2014\/02\/2014-02-09-09.08.16-300x225.jpg 300w\" sizes=\"auto, (max-width: 800px) 100vw, 800px\" \/><\/a><br \/>\n<a href=\"https:\/\/blocs.tinet.cat\/labicidelalbert\/2014\/02\/09\/almatret\/2014-02-09-09-08-44\/\" rel=\"attachment wp-att-523\"><img loading=\"lazy\" decoding=\"async\" src=\"https:\/\/blocs.tinet.cat\/labicidelalbert\/files\/2014\/02\/2014-02-09-09.08.44.jpg\" alt=\"\" width=\"800\" height=\"600\" class=\"alignleft size-full wp-image-523\" srcset=\"https:\/\/blocs.tinet.cat\/labicidelalbert\/files\/2014\/02\/2014-02-09-09.08.44.jpg 800w, https:\/\/blocs.tinet.cat\/labicidelalbert\/files\/2014\/02\/2014-02-09-09.08.44-300x225.jpg 300w\" sizes=\"auto, (max-width: 800px) 100vw, 800px\" \/><\/a><br \/>\n<a href=\"https:\/\/blocs.tinet.cat\/labicidelalbert\/2014\/02\/09\/almatret\/2014-02-09-09-09-20\/\" rel=\"attachment wp-att-524\"><img loading=\"lazy\" decoding=\"async\" src=\"https:\/\/blocs.tinet.cat\/labicidelalbert\/files\/2014\/02\/2014-02-09-09.09.20.jpg\" alt=\"\" width=\"800\" height=\"600\" class=\"alignleft size-full wp-image-524\" srcset=\"https:\/\/blocs.tinet.cat\/labicidelalbert\/files\/2014\/02\/2014-02-09-09.09.20.jpg 800w, https:\/\/blocs.tinet.cat\/labicidelalbert\/files\/2014\/02\/2014-02-09-09.09.20-300x225.jpg 300w\" sizes=\"auto, (max-width: 800px) 100vw, 800px\" \/><\/a><br \/>\n<a href=\"https:\/\/blocs.tinet.cat\/labicidelalbert\/2014\/02\/09\/almatret\/2014-02-09-09-09-25\/\" rel=\"attachment wp-att-525\"><img loading=\"lazy\" decoding=\"async\" src=\"https:\/\/blocs.tinet.cat\/labicidelalbert\/files\/2014\/02\/2014-02-09-09.09.25.jpg\" alt=\"\" width=\"800\" height=\"600\" class=\"alignleft size-full wp-image-525\" srcset=\"https:\/\/blocs.tinet.cat\/labicidelalbert\/files\/2014\/02\/2014-02-09-09.09.25.jpg 800w, https:\/\/blocs.tinet.cat\/labicidelalbert\/files\/2014\/02\/2014-02-09-09.09.25-300x225.jpg 300w\" sizes=\"auto, (max-width: 800px) 100vw, 800px\" \/><\/a><br \/>\nEn tot el recorregut, de 40 km i 1100 m+ nom\u00e9s hi ha un tram de baixada on hem posat el peu a terra (massa t\u00e8cnic per gent que ja fa dies que vam passar l&#8217;edat del pavo) per\u00f2 tots els altres trams s\u00f3n de rodar f\u00e0cil, r\u00e0pid i pur Btt.<br \/>\n<a href=\"https:\/\/blocs.tinet.cat\/labicidelalbert\/2014\/02\/09\/almatret\/2014-02-09-10-02-35\/\" rel=\"attachment wp-att-526\"><img loading=\"lazy\" decoding=\"async\" src=\"https:\/\/blocs.tinet.cat\/labicidelalbert\/files\/2014\/02\/2014-02-09-10.02.35.jpg\" alt=\"\" width=\"800\" height=\"600\" class=\"alignleft size-full wp-image-526\" srcset=\"https:\/\/blocs.tinet.cat\/labicidelalbert\/files\/2014\/02\/2014-02-09-10.02.35.jpg 800w, https:\/\/blocs.tinet.cat\/labicidelalbert\/files\/2014\/02\/2014-02-09-10.02.35-300x225.jpg 300w\" sizes=\"auto, (max-width: 800px) 100vw, 800px\" \/><\/a><br \/>\nI sempre pels voltants de l&#8217;Ebre.<br \/>\n<a href=\"https:\/\/blocs.tinet.cat\/labicidelalbert\/2014\/02\/09\/almatret\/2014-02-09-10-51-07\/\" rel=\"attachment wp-att-527\"><img loading=\"lazy\" decoding=\"async\" src=\"https:\/\/blocs.tinet.cat\/labicidelalbert\/files\/2014\/02\/2014-02-09-10.51.07.jpg\" alt=\"\" width=\"800\" height=\"600\" class=\"alignleft size-full wp-image-527\" srcset=\"https:\/\/blocs.tinet.cat\/labicidelalbert\/files\/2014\/02\/2014-02-09-10.51.07.jpg 800w, https:\/\/blocs.tinet.cat\/labicidelalbert\/files\/2014\/02\/2014-02-09-10.51.07-300x225.jpg 300w\" sizes=\"auto, (max-width: 800px) 100vw, 800px\" \/><\/a><br \/>\n<a href=\"https:\/\/blocs.tinet.cat\/labicidelalbert\/2014\/02\/09\/almatret\/almatret-9-2-14-24\/\" rel=\"attachment wp-att-534\"><img loading=\"lazy\" decoding=\"async\" src=\"https:\/\/blocs.tinet.cat\/labicidelalbert\/files\/2014\/02\/Almatret-9-2-14-24.jpg\" alt=\"\" width=\"800\" height=\"600\" class=\"alignleft size-full wp-image-534\" srcset=\"https:\/\/blocs.tinet.cat\/labicidelalbert\/files\/2014\/02\/Almatret-9-2-14-24.jpg 800w, https:\/\/blocs.tinet.cat\/labicidelalbert\/files\/2014\/02\/Almatret-9-2-14-24-300x225.jpg 300w\" sizes=\"auto, (max-width: 800px) 100vw, 800px\" \/><\/a><br \/>\n<a href=\"https:\/\/blocs.tinet.cat\/labicidelalbert\/2014\/02\/09\/almatret\/2014-02-09-11-45-36\/\" rel=\"attachment wp-att-529\"><img loading=\"lazy\" decoding=\"async\" src=\"https:\/\/blocs.tinet.cat\/labicidelalbert\/files\/2014\/02\/2014-02-09-11.45.36.jpg\" alt=\"\" width=\"800\" height=\"600\" class=\"alignleft size-full wp-image-529\" srcset=\"https:\/\/blocs.tinet.cat\/labicidelalbert\/files\/2014\/02\/2014-02-09-11.45.36.jpg 800w, https:\/\/blocs.tinet.cat\/labicidelalbert\/files\/2014\/02\/2014-02-09-11.45.36-300x225.jpg 300w\" sizes=\"auto, (max-width: 800px) 100vw, 800px\" \/><\/a><br \/>\n<a href=\"https:\/\/blocs.tinet.cat\/labicidelalbert\/2014\/02\/09\/almatret\/2014-02-09-11-45-41\/\" rel=\"attachment wp-att-530\"><img loading=\"lazy\" decoding=\"async\" src=\"https:\/\/blocs.tinet.cat\/labicidelalbert\/files\/2014\/02\/2014-02-09-11.45.41.jpg\" alt=\"\" width=\"800\" height=\"600\" class=\"alignleft size-full wp-image-530\" srcset=\"https:\/\/blocs.tinet.cat\/labicidelalbert\/files\/2014\/02\/2014-02-09-11.45.41.jpg 800w, https:\/\/blocs.tinet.cat\/labicidelalbert\/files\/2014\/02\/2014-02-09-11.45.41-300x225.jpg 300w\" sizes=\"auto, (max-width: 800px) 100vw, 800px\" \/><\/a><br \/>\n<a href=\"https:\/\/blocs.tinet.cat\/labicidelalbert\/2014\/02\/09\/almatret\/20140209_almatret\/\" rel=\"attachment wp-att-533\"><img loading=\"lazy\" decoding=\"async\" src=\"https:\/\/blocs.tinet.cat\/labicidelalbert\/files\/2014\/02\/20140209_Almatret.png\" alt=\"\" width=\"1175\" height=\"418\" class=\"alignleft size-full wp-image-533\" srcset=\"https:\/\/blocs.tinet.cat\/labicidelalbert\/files\/2014\/02\/20140209_Almatret.png 1175w, https:\/\/blocs.tinet.cat\/labicidelalbert\/files\/2014\/02\/20140209_Almatret-300x106.png 300w, https:\/\/blocs.tinet.cat\/labicidelalbert\/files\/2014\/02\/20140209_Almatret-1024x364.png 1024w\" sizes=\"auto, (max-width: 1175px) 100vw, 1175px\" \/><\/a><\/p>\n","protected":false},"excerpt":{"rendered":"<p>Sortida per fer el recorregut de la cursa d&#8217;Almatret de l&#8217;any 2012, que tot i que aquest poble ens quedi a gaireb\u00e9 una hora i mitja de cotxe, la diversi\u00f3 en les baixades de la multitud de senders ha quedat &hellip; <a href=\"https:\/\/blocs.tinet.cat\/labicidelalbert\/2014\/02\/09\/almatret\/\">Continua llegint <span class=\"meta-nav\">&rarr;<\/span><\/a><\/p>\n","protected":false},"author":54,"featured_media":0,"comment_status":"open","ping_status":"open","sticky":false,"template":"","format":"standard","meta":{"footnotes":""},"categories":[1],"tags":[],"class_list":["post-520","post","type-post","status-publish","format-standard","hentry","category-general"],"_links":{"self":[{"href":"https:\/\/blocs.tinet.cat\/labicidelalbert\/wp-json\/wp\/v2\/posts\/520","targetHints":{"allow":["GET"]}}],"collection":[{"href":"https:\/\/blocs.tinet.cat\/labicidelalbert\/wp-json\/wp\/v2\/posts"}],"about":[{"href":"https:\/\/blocs.tinet.cat\/labicidelalbert\/wp-json\/wp\/v2\/types\/post"}],"author":[{"embeddable":true,"href":"https:\/\/blocs.tinet.cat\/labicidelalbert\/wp-json\/wp\/v2\/users\/54"}],"replies":[{"embeddable":true,"href":"https:\/\/blocs.tinet.cat\/labicidelalbert\/wp-json\/wp\/v2\/comments?post=520"}],"version-history":[{"count":0,"href":"https:\/\/blocs.tinet.cat\/labicidelalbert\/wp-json\/wp\/v2\/posts\/520\/revisions"}],"wp:attachment":[{"href":"https:\/\/blocs.tinet.cat\/labicidelalbert\/wp-json\/wp\/v2\/media?parent=520"}],"wp:term":[{"taxonomy":"category","embeddable":true,"href":"https:\/\/blocs.tinet.cat\/labicidelalbert\/wp-json\/wp\/v2\/categories?post=520"},{"taxonomy":"post_tag","embeddable":true,"href":"https:\/\/blocs.tinet.cat\/labicidelalbert\/wp-json\/wp\/v2\/tags?post=520"}],"curies":[{"name":"wp","href":"https:\/\/api.w.org\/{rel}","templated":true}]}}