{"id":501,"date":"2014-01-19T19:54:06","date_gmt":"2014-01-19T18:54:06","guid":{"rendered":"https:\/\/blocs.tinet.cat\/labicidelalbert\/?p=501"},"modified":"2014-01-20T17:26:12","modified_gmt":"2014-01-20T16:26:12","slug":"la-pica-2014","status":"publish","type":"post","link":"https:\/\/blocs.tinet.cat\/labicidelalbert\/2014\/01\/19\/la-pica-2014\/","title":{"rendered":"La Pica 2014"},"content":{"rendered":"<p>Ja \u00e9s la setena edici\u00f3 i la Pica continua sent la marxa de BTT m\u00e9s ben organitzada i m\u00e9s espectacular. Aquest any hi havia m\u00e9s de 1000 inscrits, dividits en dos recorreguts, el vermell i el blau.<br \/>\nGaireb\u00e9 tots els de Cambrils han fet el blau, per\u00f2 jo em vaig inscriure dels primers al recorregut vermell i no em podia fer el covard. Aix\u00ed que m&#8217;ha tocat fer els 38 km i 1100 m+ per un terreny bastant enfangat. Per\u00f2 el senderons i trialeres pagaven la pena.<br \/>\nJa de bon mat\u00ed ens obsequien amb xocolata calenta amb melindros. I una bossa plena d&#8217;obsequis promocionals.<br \/>\nAquest any hem sigut vius i ens hem col\u00b7locat cap a la part m\u00e9s propera a la l\u00ednia de sortida. Aix\u00f2 ens ha perm\u00e8s sortir amb el pilot dels bons, clar que al cap d&#8217;uns primers quil\u00f2metres ja ens havien deixat de roda, per\u00f2&#8230;<br \/>\n<a href=\"https:\/\/blocs.tinet.cat\/labicidelalbert\/2014\/01\/19\/la-pica-2014\/2014-01-19-09-19-04\/\" rel=\"attachment wp-att-502\"><img loading=\"lazy\" decoding=\"async\" src=\"https:\/\/blocs.tinet.cat\/labicidelalbert\/files\/2014\/01\/2014-01-19-09.19.04.jpg\" alt=\"\" width=\"800\" height=\"600\" class=\"alignleft size-full wp-image-502\" srcset=\"https:\/\/blocs.tinet.cat\/labicidelalbert\/files\/2014\/01\/2014-01-19-09.19.04.jpg 800w, https:\/\/blocs.tinet.cat\/labicidelalbert\/files\/2014\/01\/2014-01-19-09.19.04-300x225.jpg 300w\" sizes=\"auto, (max-width: 800px) 100vw, 800px\" \/><\/a><br \/>\nEl problema de ser tants participants \u00e9s que et trobes aturades en els camins m\u00e9s estrets i costaruts. Per\u00f2 si no et poses nervi\u00f3s tothom intenta fer-ho el millor possible.<br \/>\n<a href=\"https:\/\/blocs.tinet.cat\/labicidelalbert\/2014\/01\/19\/la-pica-2014\/la-pica-18\/\" rel=\"attachment wp-att-509\"><img loading=\"lazy\" decoding=\"async\" src=\"https:\/\/blocs.tinet.cat\/labicidelalbert\/files\/2014\/01\/LA-PICA-18.jpg\" alt=\"\" width=\"800\" height=\"600\" class=\"alignleft size-full wp-image-509\" srcset=\"https:\/\/blocs.tinet.cat\/labicidelalbert\/files\/2014\/01\/LA-PICA-18.jpg 800w, https:\/\/blocs.tinet.cat\/labicidelalbert\/files\/2014\/01\/LA-PICA-18-300x225.jpg 300w\" sizes=\"auto, (max-width: 800px) 100vw, 800px\" \/><\/a><br \/>\n<a href=\"https:\/\/blocs.tinet.cat\/labicidelalbert\/2014\/01\/19\/la-pica-2014\/2014-01-19-10\/\" rel=\"attachment wp-att-506\"><img loading=\"lazy\" decoding=\"async\" src=\"https:\/\/blocs.tinet.cat\/labicidelalbert\/files\/2014\/01\/2014-01-19-10.jpg\" alt=\"\" width=\"800\" height=\"651\" class=\"alignleft size-full wp-image-506\" srcset=\"https:\/\/blocs.tinet.cat\/labicidelalbert\/files\/2014\/01\/2014-01-19-10.jpg 800w, https:\/\/blocs.tinet.cat\/labicidelalbert\/files\/2014\/01\/2014-01-19-10-300x244.jpg 300w\" sizes=\"auto, (max-width: 800px) 100vw, 800px\" \/><\/a><br \/>\nEls avituallaments s\u00f3n molt complerts i amenitzats per una banda de timbalers tipus batukada. Molt divertits.<br \/>\n<a href=\"https:\/\/blocs.tinet.cat\/labicidelalbert\/2014\/01\/19\/la-pica-2014\/2014-01-19-11\/\" rel=\"attachment wp-att-507\"><img loading=\"lazy\" decoding=\"async\" src=\"https:\/\/blocs.tinet.cat\/labicidelalbert\/files\/2014\/01\/2014-01-19-11.jpg\" alt=\"\" width=\"800\" height=\"532\" class=\"alignleft size-full wp-image-507\" srcset=\"https:\/\/blocs.tinet.cat\/labicidelalbert\/files\/2014\/01\/2014-01-19-11.jpg 800w, https:\/\/blocs.tinet.cat\/labicidelalbert\/files\/2014\/01\/2014-01-19-11-300x199.jpg 300w\" sizes=\"auto, (max-width: 800px) 100vw, 800px\" \/><\/a><br \/>\nL&#8217;\u00faltima baixada era bastant r\u00e0pida i molt, per\u00f2 molt relliscosa a causa del fang. He hagut de soc\u00f3rrer a un participant que havia caigut i tenia un cop al muscle esquerre, espero que sense conseq\u00fc\u00e8ncies greus.<br \/>\n<a href=\"https:\/\/blocs.tinet.cat\/labicidelalbert\/2014\/01\/19\/la-pica-2014\/2014-01-19-12-00\/\" rel=\"attachment wp-att-508\"><img loading=\"lazy\" decoding=\"async\" src=\"https:\/\/blocs.tinet.cat\/labicidelalbert\/files\/2014\/01\/2014-01-19-12.00.jpg\" alt=\"\" width=\"800\" height=\"532\" class=\"alignleft size-full wp-image-508\" srcset=\"https:\/\/blocs.tinet.cat\/labicidelalbert\/files\/2014\/01\/2014-01-19-12.00.jpg 800w, https:\/\/blocs.tinet.cat\/labicidelalbert\/files\/2014\/01\/2014-01-19-12.00-300x199.jpg 300w\" sizes=\"auto, (max-width: 800px) 100vw, 800px\" \/><\/a><br \/>\nA l&#8217;arribada i sota el control de xip m&#8217;han indicat que arribava en la posici\u00f3 216 del circuit vermell i amb un total de 2 hores i 53 minuts.<br \/>\n<a href=\"https:\/\/blocs.tinet.cat\/labicidelalbert\/2014\/01\/19\/la-pica-2014\/lapica2014\/\" rel=\"attachment wp-att-503\"><img loading=\"lazy\" decoding=\"async\" src=\"https:\/\/blocs.tinet.cat\/labicidelalbert\/files\/2014\/01\/LAPICA2014.png\" alt=\"\" width=\"1175\" height=\"418\" class=\"alignleft size-full wp-image-503\" srcset=\"https:\/\/blocs.tinet.cat\/labicidelalbert\/files\/2014\/01\/LAPICA2014.png 1175w, https:\/\/blocs.tinet.cat\/labicidelalbert\/files\/2014\/01\/LAPICA2014-300x106.png 300w, https:\/\/blocs.tinet.cat\/labicidelalbert\/files\/2014\/01\/LAPICA2014-1024x364.png 1024w\" sizes=\"auto, (max-width: 1175px) 100vw, 1175px\" \/><\/a><br \/>\nPots veure el <a href=\"http:\/\/es.wikiloc.com\/wikiloc\/view.do?id=5986622\">track a wikiloc<\/a><\/p>\n","protected":false},"excerpt":{"rendered":"<p>Ja \u00e9s la setena edici\u00f3 i la Pica continua sent la marxa de BTT m\u00e9s ben organitzada i m\u00e9s espectacular. Aquest any hi havia m\u00e9s de 1000 inscrits, dividits en dos recorreguts, el vermell i el blau. Gaireb\u00e9 tots els &hellip; <a href=\"https:\/\/blocs.tinet.cat\/labicidelalbert\/2014\/01\/19\/la-pica-2014\/\">Continua llegint <span class=\"meta-nav\">&rarr;<\/span><\/a><\/p>\n","protected":false},"author":54,"featured_media":0,"comment_status":"open","ping_status":"open","sticky":false,"template":"","format":"standard","meta":{"footnotes":""},"categories":[1],"tags":[],"class_list":["post-501","post","type-post","status-publish","format-standard","hentry","category-general"],"_links":{"self":[{"href":"https:\/\/blocs.tinet.cat\/labicidelalbert\/wp-json\/wp\/v2\/posts\/501","targetHints":{"allow":["GET"]}}],"collection":[{"href":"https:\/\/blocs.tinet.cat\/labicidelalbert\/wp-json\/wp\/v2\/posts"}],"about":[{"href":"https:\/\/blocs.tinet.cat\/labicidelalbert\/wp-json\/wp\/v2\/types\/post"}],"author":[{"embeddable":true,"href":"https:\/\/blocs.tinet.cat\/labicidelalbert\/wp-json\/wp\/v2\/users\/54"}],"replies":[{"embeddable":true,"href":"https:\/\/blocs.tinet.cat\/labicidelalbert\/wp-json\/wp\/v2\/comments?post=501"}],"version-history":[{"count":0,"href":"https:\/\/blocs.tinet.cat\/labicidelalbert\/wp-json\/wp\/v2\/posts\/501\/revisions"}],"wp:attachment":[{"href":"https:\/\/blocs.tinet.cat\/labicidelalbert\/wp-json\/wp\/v2\/media?parent=501"}],"wp:term":[{"taxonomy":"category","embeddable":true,"href":"https:\/\/blocs.tinet.cat\/labicidelalbert\/wp-json\/wp\/v2\/categories?post=501"},{"taxonomy":"post_tag","embeddable":true,"href":"https:\/\/blocs.tinet.cat\/labicidelalbert\/wp-json\/wp\/v2\/tags?post=501"}],"curies":[{"name":"wp","href":"https:\/\/api.w.org\/{rel}","templated":true}]}}