{"id":40,"date":"2013-05-13T17:03:10","date_gmt":"2013-05-13T16:03:10","guid":{"rendered":"https:\/\/blocs.tinet.cat\/labicidelalbert\/?p=40"},"modified":"2013-05-13T17:18:41","modified_gmt":"2013-05-13T16:18:41","slug":"open-btt-el-catllar","status":"publish","type":"post","link":"https:\/\/blocs.tinet.cat\/labicidelalbert\/2013\/05\/13\/open-btt-el-catllar\/","title":{"rendered":"OPEN BTT EL CATLLAR"},"content":{"rendered":"<p>Aquest diumenge varem participar en una nova edici\u00f3 de l&#8217;Open Natura d&#8217;El Catllar.<\/p>\n<p><a rel=\"attachment wp-att-44\" href=\"https:\/\/blocs.tinet.cat\/labicidelalbert\/2013\/05\/13\/open-btt-el-catllar\/2013-05-12-08-50-23\/\"><img loading=\"lazy\" decoding=\"async\" class=\"alignleft size-full wp-image-44\" src=\"https:\/\/blocs.tinet.cat\/labicidelalbert\/files\/2013\/05\/2013-05-12-08.50.23.jpg\" alt=\"\" width=\"800\" height=\"600\" srcset=\"https:\/\/blocs.tinet.cat\/labicidelalbert\/files\/2013\/05\/2013-05-12-08.50.23.jpg 800w, https:\/\/blocs.tinet.cat\/labicidelalbert\/files\/2013\/05\/2013-05-12-08.50.23-300x225.jpg 300w\" sizes=\"auto, (max-width: 800px) 100vw, 800px\" \/><\/a><\/p>\n<p>La majoria hav\u00edem de fer el recorregut mitj\u00e0 (43 km) i nom\u00e9s tres superhomes s&#8217;atrevien a fer la llarga (65 km).<\/p>\n<p>Reagrupament general en l&#8217;avituallament.<\/p>\n<p><a rel=\"attachment wp-att-45\" href=\"https:\/\/blocs.tinet.cat\/labicidelalbert\/2013\/05\/13\/open-btt-el-catllar\/2013-05-12-11-04-46\/\"><img loading=\"lazy\" decoding=\"async\" class=\"alignleft size-full wp-image-45\" src=\"https:\/\/blocs.tinet.cat\/labicidelalbert\/files\/2013\/05\/2013-05-12-11.04.46.jpg\" alt=\"\" width=\"800\" height=\"600\" srcset=\"https:\/\/blocs.tinet.cat\/labicidelalbert\/files\/2013\/05\/2013-05-12-11.04.46.jpg 800w, https:\/\/blocs.tinet.cat\/labicidelalbert\/files\/2013\/05\/2013-05-12-11.04.46-300x225.jpg 300w\" sizes=\"auto, (max-width: 800px) 100vw, 800px\" \/><\/a><\/p>\n<p><a rel=\"attachment wp-att-46\" href=\"https:\/\/blocs.tinet.cat\/labicidelalbert\/2013\/05\/13\/open-btt-el-catllar\/2013-05-12-11-05-18\/\"><img loading=\"lazy\" decoding=\"async\" class=\"alignleft size-full wp-image-46\" src=\"https:\/\/blocs.tinet.cat\/labicidelalbert\/files\/2013\/05\/2013-05-12-11.05.18.jpg\" alt=\"\" width=\"800\" height=\"600\" srcset=\"https:\/\/blocs.tinet.cat\/labicidelalbert\/files\/2013\/05\/2013-05-12-11.05.18.jpg 800w, https:\/\/blocs.tinet.cat\/labicidelalbert\/files\/2013\/05\/2013-05-12-11.05.18-300x225.jpg 300w\" sizes=\"auto, (max-width: 800px) 100vw, 800px\" \/><\/a><\/p>\n<p>i just despr\u00e9s de l&#8217;arribada amb un entrep\u00e0 de llonganissa a les mans.<\/p>\n<p><a rel=\"attachment wp-att-47\" href=\"https:\/\/blocs.tinet.cat\/labicidelalbert\/2013\/05\/13\/open-btt-el-catllar\/2013-05-12-12-08-04\/\"><img loading=\"lazy\" decoding=\"async\" class=\"alignleft size-full wp-image-47\" src=\"https:\/\/blocs.tinet.cat\/labicidelalbert\/files\/2013\/05\/2013-05-12-12.08.04.jpg\" alt=\"\" width=\"800\" height=\"600\" srcset=\"https:\/\/blocs.tinet.cat\/labicidelalbert\/files\/2013\/05\/2013-05-12-12.08.04.jpg 800w, https:\/\/blocs.tinet.cat\/labicidelalbert\/files\/2013\/05\/2013-05-12-12.08.04-300x225.jpg 300w\" sizes=\"auto, (max-width: 800px) 100vw, 800px\" \/><\/a><\/p>\n<p>En aquests moments ens anunciaven per megafonia que algun terrorista havia canviat les indicacions del recorregut llarg i era molt probable que algun participant en sort\u00eds perjudicat. En efecte, dels nostres tres representants n&#8217;hi va haver dos que van haver de fer 75 km per trobar de nou el poble d&#8217;El Catllar.<\/p>\n<p>El Gerard (com en ell \u00e9s habitual) entrava a meta en molt bona posici\u00f3 del recorregut llarg.<\/p>\n<p><a rel=\"attachment wp-att-48\" href=\"https:\/\/blocs.tinet.cat\/labicidelalbert\/2013\/05\/13\/open-btt-el-catllar\/2013-05-12-12-51-52\/\"><img loading=\"lazy\" decoding=\"async\" class=\"alignleft size-full wp-image-48\" src=\"https:\/\/blocs.tinet.cat\/labicidelalbert\/files\/2013\/05\/2013-05-12-12.51.52.jpg\" alt=\"\" width=\"800\" height=\"600\" srcset=\"https:\/\/blocs.tinet.cat\/labicidelalbert\/files\/2013\/05\/2013-05-12-12.51.52.jpg 800w, https:\/\/blocs.tinet.cat\/labicidelalbert\/files\/2013\/05\/2013-05-12-12.51.52-300x225.jpg 300w\" sizes=\"auto, (max-width: 800px) 100vw, 800px\" \/><\/a><\/p>\n","protected":false},"excerpt":{"rendered":"<p>Aquest diumenge varem participar en una nova edici\u00f3 de l&#8217;Open Natura d&#8217;El Catllar. La majoria hav\u00edem de fer el recorregut mitj\u00e0 (43 km) i nom\u00e9s tres superhomes s&#8217;atrevien a fer la llarga (65 km). Reagrupament general en l&#8217;avituallament. i just &hellip; <a href=\"https:\/\/blocs.tinet.cat\/labicidelalbert\/2013\/05\/13\/open-btt-el-catllar\/\">Continua llegint <span class=\"meta-nav\">&rarr;<\/span><\/a><\/p>\n","protected":false},"author":54,"featured_media":0,"comment_status":"open","ping_status":"open","sticky":false,"template":"","format":"standard","meta":{"footnotes":""},"categories":[1],"tags":[],"class_list":["post-40","post","type-post","status-publish","format-standard","hentry","category-general"],"_links":{"self":[{"href":"https:\/\/blocs.tinet.cat\/labicidelalbert\/wp-json\/wp\/v2\/posts\/40","targetHints":{"allow":["GET"]}}],"collection":[{"href":"https:\/\/blocs.tinet.cat\/labicidelalbert\/wp-json\/wp\/v2\/posts"}],"about":[{"href":"https:\/\/blocs.tinet.cat\/labicidelalbert\/wp-json\/wp\/v2\/types\/post"}],"author":[{"embeddable":true,"href":"https:\/\/blocs.tinet.cat\/labicidelalbert\/wp-json\/wp\/v2\/users\/54"}],"replies":[{"embeddable":true,"href":"https:\/\/blocs.tinet.cat\/labicidelalbert\/wp-json\/wp\/v2\/comments?post=40"}],"version-history":[{"count":0,"href":"https:\/\/blocs.tinet.cat\/labicidelalbert\/wp-json\/wp\/v2\/posts\/40\/revisions"}],"wp:attachment":[{"href":"https:\/\/blocs.tinet.cat\/labicidelalbert\/wp-json\/wp\/v2\/media?parent=40"}],"wp:term":[{"taxonomy":"category","embeddable":true,"href":"https:\/\/blocs.tinet.cat\/labicidelalbert\/wp-json\/wp\/v2\/categories?post=40"},{"taxonomy":"post_tag","embeddable":true,"href":"https:\/\/blocs.tinet.cat\/labicidelalbert\/wp-json\/wp\/v2\/tags?post=40"}],"curies":[{"name":"wp","href":"https:\/\/api.w.org\/{rel}","templated":true}]}}