{"id":330,"date":"2013-09-22T17:07:38","date_gmt":"2013-09-22T16:07:38","guid":{"rendered":"https:\/\/blocs.tinet.cat\/labicidelalbert\/?p=330"},"modified":"2013-09-24T19:20:17","modified_gmt":"2013-09-24T18:20:17","slug":"cronoescalada-a-la-teixeta-btt-2013","status":"publish","type":"post","link":"https:\/\/blocs.tinet.cat\/labicidelalbert\/2013\/09\/22\/cronoescalada-a-la-teixeta-btt-2013\/","title":{"rendered":"CRONOESCALADA A LA TEIXETA BTT 2013"},"content":{"rendered":"<p>Una nova edici\u00f3 de la Crono a la Teixeta en BTT. Gaireb\u00e9 30 participants hem fet aquest mat\u00ed tot el que hem pogut per lluitar contra el rellotge.<br \/>\nA la sortida, els nervis fan acte de pres\u00e8ncia, per\u00f2 un veter\u00e0 com el Manolo no s&#8217;immuta.<br \/>\n<a href=\"https:\/\/blocs.tinet.cat\/labicidelalbert\/2013\/09\/22\/cronoescalada-a-la-teixeta-btt-2013\/2013-09-22-09-49-40\/\" rel=\"attachment wp-att-332\"><img loading=\"lazy\" decoding=\"async\" src=\"https:\/\/blocs.tinet.cat\/labicidelalbert\/files\/2013\/09\/2013-09-22-09.49.40.jpg\" alt=\"\" width=\"800\" height=\"600\" class=\"alignleft size-full wp-image-332\" srcset=\"https:\/\/blocs.tinet.cat\/labicidelalbert\/files\/2013\/09\/2013-09-22-09.49.40.jpg 800w, https:\/\/blocs.tinet.cat\/labicidelalbert\/files\/2013\/09\/2013-09-22-09.49.40-300x225.jpg 300w\" sizes=\"auto, (max-width: 800px) 100vw, 800px\" \/><\/a><br \/>\nAltres, com el debutant &#8220;Fuli&#8221;, portaven la process\u00f3 per dins.<br \/>\n<a href=\"https:\/\/blocs.tinet.cat\/labicidelalbert\/2013\/09\/22\/cronoescalada-a-la-teixeta-btt-2013\/2013-09-22-09-50-50\/\" rel=\"attachment wp-att-333\"><img loading=\"lazy\" decoding=\"async\" src=\"https:\/\/blocs.tinet.cat\/labicidelalbert\/files\/2013\/09\/2013-09-22-09.50.50.jpg\" alt=\"\" width=\"800\" height=\"600\" class=\"alignleft size-full wp-image-333\" srcset=\"https:\/\/blocs.tinet.cat\/labicidelalbert\/files\/2013\/09\/2013-09-22-09.50.50.jpg 800w, https:\/\/blocs.tinet.cat\/labicidelalbert\/files\/2013\/09\/2013-09-22-09.50.50-300x225.jpg 300w\" sizes=\"auto, (max-width: 800px) 100vw, 800px\" \/><\/a><br \/>\nCada dos minuts van sortint els corredors i a l&#8217;arribar a dalt tothom busca a la taula de cronos el seu temps per veure si ha millorat el de l&#8217;any passat.<br \/>\n<a href=\"https:\/\/blocs.tinet.cat\/labicidelalbert\/2013\/09\/22\/cronoescalada-a-la-teixeta-btt-2013\/2013-09-22-10-56-17\/\" rel=\"attachment wp-att-334\"><img loading=\"lazy\" decoding=\"async\" src=\"https:\/\/blocs.tinet.cat\/labicidelalbert\/files\/2013\/09\/2013-09-22-10.56.17.jpg\" alt=\"\" width=\"800\" height=\"600\" class=\"alignleft size-full wp-image-334\" srcset=\"https:\/\/blocs.tinet.cat\/labicidelalbert\/files\/2013\/09\/2013-09-22-10.56.17.jpg 800w, https:\/\/blocs.tinet.cat\/labicidelalbert\/files\/2013\/09\/2013-09-22-10.56.17-300x225.jpg 300w\" sizes=\"auto, (max-width: 800px) 100vw, 800px\" \/><\/a><br \/>\n<a href=\"https:\/\/blocs.tinet.cat\/labicidelalbert\/2013\/09\/22\/cronoescalada-a-la-teixeta-btt-2013\/2013-09-22-11-08-24\/\" rel=\"attachment wp-att-335\"><img loading=\"lazy\" decoding=\"async\" src=\"https:\/\/blocs.tinet.cat\/labicidelalbert\/files\/2013\/09\/2013-09-22-11.08.24.jpg\" alt=\"\" width=\"800\" height=\"600\" class=\"alignleft size-full wp-image-335\" srcset=\"https:\/\/blocs.tinet.cat\/labicidelalbert\/files\/2013\/09\/2013-09-22-11.08.24.jpg 800w, https:\/\/blocs.tinet.cat\/labicidelalbert\/files\/2013\/09\/2013-09-22-11.08.24-300x225.jpg 300w\" sizes=\"auto, (max-width: 800px) 100vw, 800px\" \/><\/a><br \/>\nClassificaci\u00f3 oficial:<br \/>\n<a href=\"https:\/\/blocs.tinet.cat\/labicidelalbert\/2013\/09\/22\/cronoescalada-a-la-teixeta-btt-2013\/dibujo-1\/\" rel=\"attachment wp-att-337\"><img loading=\"lazy\" decoding=\"async\" src=\"https:\/\/blocs.tinet.cat\/labicidelalbert\/files\/2013\/09\/Dibujo-1.jpg\" alt=\"\" width=\"780\" height=\"1096\" class=\"alignleft size-full wp-image-337\" srcset=\"https:\/\/blocs.tinet.cat\/labicidelalbert\/files\/2013\/09\/Dibujo-1.jpg 780w, https:\/\/blocs.tinet.cat\/labicidelalbert\/files\/2013\/09\/Dibujo-1-213x300.jpg 213w, https:\/\/blocs.tinet.cat\/labicidelalbert\/files\/2013\/09\/Dibujo-1-728x1024.jpg 728w\" sizes=\"auto, (max-width: 780px) 100vw, 780px\" \/><\/a><br \/>\nAh, per cert. Avui estrenava una altra Bici de l&#8217;Albert. Una 29 que diuen que ara \u00e9s el que m\u00e9s mola.<br \/>\n<a href=\"https:\/\/blocs.tinet.cat\/labicidelalbert\/2013\/09\/22\/cronoescalada-a-la-teixeta-btt-2013\/2013-09-21-12-32-54\/\" rel=\"attachment wp-att-331\"><img loading=\"lazy\" decoding=\"async\" src=\"https:\/\/blocs.tinet.cat\/labicidelalbert\/files\/2013\/09\/2013-09-21-12.32.54.jpg\" alt=\"\" width=\"800\" height=\"600\" class=\"alignleft size-full wp-image-331\" srcset=\"https:\/\/blocs.tinet.cat\/labicidelalbert\/files\/2013\/09\/2013-09-21-12.32.54.jpg 800w, https:\/\/blocs.tinet.cat\/labicidelalbert\/files\/2013\/09\/2013-09-21-12.32.54-300x225.jpg 300w\" sizes=\"auto, (max-width: 800px) 100vw, 800px\" \/><\/a><\/p>\n","protected":false},"excerpt":{"rendered":"<p>Una nova edici\u00f3 de la Crono a la Teixeta en BTT. Gaireb\u00e9 30 participants hem fet aquest mat\u00ed tot el que hem pogut per lluitar contra el rellotge. A la sortida, els nervis fan acte de pres\u00e8ncia, per\u00f2 un veter\u00e0 &hellip; <a href=\"https:\/\/blocs.tinet.cat\/labicidelalbert\/2013\/09\/22\/cronoescalada-a-la-teixeta-btt-2013\/\">Continua llegint <span class=\"meta-nav\">&rarr;<\/span><\/a><\/p>\n","protected":false},"author":54,"featured_media":0,"comment_status":"open","ping_status":"open","sticky":false,"template":"","format":"standard","meta":{"footnotes":""},"categories":[1],"tags":[],"class_list":["post-330","post","type-post","status-publish","format-standard","hentry","category-general"],"_links":{"self":[{"href":"https:\/\/blocs.tinet.cat\/labicidelalbert\/wp-json\/wp\/v2\/posts\/330","targetHints":{"allow":["GET"]}}],"collection":[{"href":"https:\/\/blocs.tinet.cat\/labicidelalbert\/wp-json\/wp\/v2\/posts"}],"about":[{"href":"https:\/\/blocs.tinet.cat\/labicidelalbert\/wp-json\/wp\/v2\/types\/post"}],"author":[{"embeddable":true,"href":"https:\/\/blocs.tinet.cat\/labicidelalbert\/wp-json\/wp\/v2\/users\/54"}],"replies":[{"embeddable":true,"href":"https:\/\/blocs.tinet.cat\/labicidelalbert\/wp-json\/wp\/v2\/comments?post=330"}],"version-history":[{"count":0,"href":"https:\/\/blocs.tinet.cat\/labicidelalbert\/wp-json\/wp\/v2\/posts\/330\/revisions"}],"wp:attachment":[{"href":"https:\/\/blocs.tinet.cat\/labicidelalbert\/wp-json\/wp\/v2\/media?parent=330"}],"wp:term":[{"taxonomy":"category","embeddable":true,"href":"https:\/\/blocs.tinet.cat\/labicidelalbert\/wp-json\/wp\/v2\/categories?post=330"},{"taxonomy":"post_tag","embeddable":true,"href":"https:\/\/blocs.tinet.cat\/labicidelalbert\/wp-json\/wp\/v2\/tags?post=330"}],"curies":[{"name":"wp","href":"https:\/\/api.w.org\/{rel}","templated":true}]}}