{"id":291,"date":"2013-09-01T18:47:30","date_gmt":"2013-09-01T17:47:30","guid":{"rendered":"https:\/\/blocs.tinet.cat\/labicidelalbert\/?p=291"},"modified":"2013-09-01T18:47:30","modified_gmt":"2013-09-01T17:47:30","slug":"llaberia","status":"publish","type":"post","link":"https:\/\/blocs.tinet.cat\/labicidelalbert\/2013\/09\/01\/llaberia\/","title":{"rendered":"Llaberia"},"content":{"rendered":"<p>Sortida amb les bicis de carretera. Pujada a Llaberia i baixada fins a Pratdip per esmorzar l&#8217;entrep\u00e0 de truita i recuperar forces per despr\u00e9s passar per la carretera de Pratdip a Colldejou i les seves dures rampes.<br \/>\nHem sigut for\u00e7a gent, m\u00e9s d&#8217;una dotzena.<br \/>\nEl V\u00edctor, el Miguel i el Paquito tirant del grup abans de comen\u00e7ar l&#8217;ascensi\u00f3 al coll de Llaberia.<br \/>\n<a href=\"https:\/\/blocs.tinet.cat\/labicidelalbert\/2013\/09\/01\/llaberia\/2013-09-01-09-37-15\/\" rel=\"attachment wp-att-292\"><img loading=\"lazy\" decoding=\"async\" src=\"https:\/\/blocs.tinet.cat\/labicidelalbert\/files\/2013\/09\/2013-09-01-09.37.15.jpg\" alt=\"\" width=\"800\" height=\"600\" class=\"alignleft size-full wp-image-292\" srcset=\"https:\/\/blocs.tinet.cat\/labicidelalbert\/files\/2013\/09\/2013-09-01-09.37.15.jpg 800w, https:\/\/blocs.tinet.cat\/labicidelalbert\/files\/2013\/09\/2013-09-01-09.37.15-300x225.jpg 300w\" sizes=\"auto, (max-width: 800px) 100vw, 800px\" \/><\/a><br \/>\nCases de Llaberia.<br \/>\n<a href=\"https:\/\/blocs.tinet.cat\/labicidelalbert\/2013\/09\/01\/llaberia\/2013-09-01-10-09-47\/\" rel=\"attachment wp-att-293\"><img loading=\"lazy\" decoding=\"async\" src=\"https:\/\/blocs.tinet.cat\/labicidelalbert\/files\/2013\/09\/2013-09-01-10.09.47.jpg\" alt=\"\" width=\"800\" height=\"600\" class=\"alignleft size-full wp-image-293\" srcset=\"https:\/\/blocs.tinet.cat\/labicidelalbert\/files\/2013\/09\/2013-09-01-10.09.47.jpg 800w, https:\/\/blocs.tinet.cat\/labicidelalbert\/files\/2013\/09\/2013-09-01-10.09.47-300x225.jpg 300w\" sizes=\"auto, (max-width: 800px) 100vw, 800px\" \/><\/a><br \/>\nFotos de grup.<br \/>\n<a href=\"https:\/\/blocs.tinet.cat\/labicidelalbert\/2013\/09\/01\/llaberia\/2013-09-01-10-21-01\/\" rel=\"attachment wp-att-294\"><img loading=\"lazy\" decoding=\"async\" src=\"https:\/\/blocs.tinet.cat\/labicidelalbert\/files\/2013\/09\/2013-09-01-10.21.01.jpg\" alt=\"\" width=\"800\" height=\"598\" class=\"alignleft size-full wp-image-294\" srcset=\"https:\/\/blocs.tinet.cat\/labicidelalbert\/files\/2013\/09\/2013-09-01-10.21.01.jpg 800w, https:\/\/blocs.tinet.cat\/labicidelalbert\/files\/2013\/09\/2013-09-01-10.21.01-300x224.jpg 300w\" sizes=\"auto, (max-width: 800px) 100vw, 800px\" \/><\/a><br \/>\n<a href=\"https:\/\/blocs.tinet.cat\/labicidelalbert\/2013\/09\/01\/llaberia\/2013-09-01-10-33-50\/\" rel=\"attachment wp-att-295\"><img loading=\"lazy\" decoding=\"async\" src=\"https:\/\/blocs.tinet.cat\/labicidelalbert\/files\/2013\/09\/2013-09-01-10.33.50.jpg\" alt=\"\" width=\"800\" height=\"600\" class=\"alignleft size-full wp-image-295\" srcset=\"https:\/\/blocs.tinet.cat\/labicidelalbert\/files\/2013\/09\/2013-09-01-10.33.50.jpg 800w, https:\/\/blocs.tinet.cat\/labicidelalbert\/files\/2013\/09\/2013-09-01-10.33.50-300x225.jpg 300w\" sizes=\"auto, (max-width: 800px) 100vw, 800px\" \/><\/a><br \/>\nBaixant el coll hi ha hagut una caiguda. Rascades al genoll i al colze. No \u00e9s greu per\u00f2 serveix per posar un plus de precauci\u00f3.<br \/>\nA Pratdip hav\u00edem d&#8217;esmorzar.<br \/>\n<a href=\"https:\/\/blocs.tinet.cat\/labicidelalbert\/2013\/09\/01\/llaberia\/2013-09-01-10-59-28\/\" rel=\"attachment wp-att-296\"><img loading=\"lazy\" decoding=\"async\" src=\"https:\/\/blocs.tinet.cat\/labicidelalbert\/files\/2013\/09\/2013-09-01-10.59.28.jpg\" alt=\"\" width=\"800\" height=\"600\" class=\"alignleft size-full wp-image-296\" srcset=\"https:\/\/blocs.tinet.cat\/labicidelalbert\/files\/2013\/09\/2013-09-01-10.59.28.jpg 800w, https:\/\/blocs.tinet.cat\/labicidelalbert\/files\/2013\/09\/2013-09-01-10.59.28-300x225.jpg 300w\" sizes=\"auto, (max-width: 800px) 100vw, 800px\" \/><\/a><br \/>\nI despr\u00e9s enfilant la carretera cap a Colldejou.<br \/>\n<a href=\"https:\/\/blocs.tinet.cat\/labicidelalbert\/2013\/09\/01\/llaberia\/2013-09-01-12-18-27\/\" rel=\"attachment wp-att-297\"><img loading=\"lazy\" decoding=\"async\" src=\"https:\/\/blocs.tinet.cat\/labicidelalbert\/files\/2013\/09\/2013-09-01-12.18.27.jpg\" alt=\"\" width=\"800\" height=\"600\" class=\"alignleft size-full wp-image-297\" srcset=\"https:\/\/blocs.tinet.cat\/labicidelalbert\/files\/2013\/09\/2013-09-01-12.18.27.jpg 800w, https:\/\/blocs.tinet.cat\/labicidelalbert\/files\/2013\/09\/2013-09-01-12.18.27-300x225.jpg 300w\" sizes=\"auto, (max-width: 800px) 100vw, 800px\" \/><\/a><\/p>\n","protected":false},"excerpt":{"rendered":"<p>Sortida amb les bicis de carretera. Pujada a Llaberia i baixada fins a Pratdip per esmorzar l&#8217;entrep\u00e0 de truita i recuperar forces per despr\u00e9s passar per la carretera de Pratdip a Colldejou i les seves dures rampes. Hem sigut for\u00e7a &hellip; <a href=\"https:\/\/blocs.tinet.cat\/labicidelalbert\/2013\/09\/01\/llaberia\/\">Continua llegint <span class=\"meta-nav\">&rarr;<\/span><\/a><\/p>\n","protected":false},"author":54,"featured_media":0,"comment_status":"open","ping_status":"open","sticky":false,"template":"","format":"standard","meta":{"footnotes":""},"categories":[1],"tags":[],"class_list":["post-291","post","type-post","status-publish","format-standard","hentry","category-general"],"_links":{"self":[{"href":"https:\/\/blocs.tinet.cat\/labicidelalbert\/wp-json\/wp\/v2\/posts\/291","targetHints":{"allow":["GET"]}}],"collection":[{"href":"https:\/\/blocs.tinet.cat\/labicidelalbert\/wp-json\/wp\/v2\/posts"}],"about":[{"href":"https:\/\/blocs.tinet.cat\/labicidelalbert\/wp-json\/wp\/v2\/types\/post"}],"author":[{"embeddable":true,"href":"https:\/\/blocs.tinet.cat\/labicidelalbert\/wp-json\/wp\/v2\/users\/54"}],"replies":[{"embeddable":true,"href":"https:\/\/blocs.tinet.cat\/labicidelalbert\/wp-json\/wp\/v2\/comments?post=291"}],"version-history":[{"count":0,"href":"https:\/\/blocs.tinet.cat\/labicidelalbert\/wp-json\/wp\/v2\/posts\/291\/revisions"}],"wp:attachment":[{"href":"https:\/\/blocs.tinet.cat\/labicidelalbert\/wp-json\/wp\/v2\/media?parent=291"}],"wp:term":[{"taxonomy":"category","embeddable":true,"href":"https:\/\/blocs.tinet.cat\/labicidelalbert\/wp-json\/wp\/v2\/categories?post=291"},{"taxonomy":"post_tag","embeddable":true,"href":"https:\/\/blocs.tinet.cat\/labicidelalbert\/wp-json\/wp\/v2\/tags?post=291"}],"curies":[{"name":"wp","href":"https:\/\/api.w.org\/{rel}","templated":true}]}}