{"id":2015,"date":"2018-04-22T17:48:54","date_gmt":"2018-04-22T16:48:54","guid":{"rendered":"https:\/\/blocs.tinet.cat\/labicidelalbert\/?p=2015"},"modified":"2018-04-22T17:48:54","modified_gmt":"2018-04-22T16:48:54","slug":"cambrils-alio","status":"publish","type":"post","link":"https:\/\/blocs.tinet.cat\/labicidelalbert\/2018\/04\/22\/cambrils-alio\/","title":{"rendered":"Cambrils &#8211; Ali\u00f3"},"content":{"rendered":"<p>Avui he sortit amb el grup A perqu\u00e8 anaven a fer molts quil\u00f2metres per\u00f2 sense gaire desnivell, que \u00e9s el que jo buscava.<br \/>\nAmb BTT fins a Ali\u00f3 per un pista molt rodadora, en gran part encimentada.<br \/>\n<a href=\"https:\/\/blocs.tinet.cat\/labicidelalbert\/2018\/04\/22\/cambrils-alio\/dav-81\/\" rel=\"attachment wp-att-2016\"><img loading=\"lazy\" decoding=\"async\" src=\"https:\/\/blocs.tinet.cat\/labicidelalbert\/files\/2018\/04\/IMG_20180422_095122.jpg\" alt=\"\" width=\"800\" height=\"451\" class=\"alignleft size-full wp-image-2016\" srcset=\"https:\/\/blocs.tinet.cat\/labicidelalbert\/files\/2018\/04\/IMG_20180422_095122.jpg 800w, https:\/\/blocs.tinet.cat\/labicidelalbert\/files\/2018\/04\/IMG_20180422_095122-300x169.jpg 300w\" sizes=\"auto, (max-width: 800px) 100vw, 800px\" \/><\/a><br \/>\n<a href=\"https:\/\/blocs.tinet.cat\/labicidelalbert\/2018\/04\/22\/cambrils-alio\/dav-83\/\" rel=\"attachment wp-att-2018\"><img loading=\"lazy\" decoding=\"async\" src=\"https:\/\/blocs.tinet.cat\/labicidelalbert\/files\/2018\/04\/IMG_20180422_0952021.jpg\" alt=\"\" width=\"800\" height=\"451\" class=\"alignleft size-full wp-image-2018\" srcset=\"https:\/\/blocs.tinet.cat\/labicidelalbert\/files\/2018\/04\/IMG_20180422_0952021.jpg 800w, https:\/\/blocs.tinet.cat\/labicidelalbert\/files\/2018\/04\/IMG_20180422_0952021-300x169.jpg 300w\" sizes=\"auto, (max-width: 800px) 100vw, 800px\" \/><\/a><br \/>\n<a href=\"https:\/\/blocs.tinet.cat\/labicidelalbert\/2018\/04\/22\/cambrils-alio\/dav-84\/\" rel=\"attachment wp-att-2019\"><img loading=\"lazy\" decoding=\"async\" src=\"https:\/\/blocs.tinet.cat\/labicidelalbert\/files\/2018\/04\/IMG_20180422_095210.jpg\" alt=\"\" width=\"800\" height=\"451\" class=\"alignleft size-full wp-image-2019\" srcset=\"https:\/\/blocs.tinet.cat\/labicidelalbert\/files\/2018\/04\/IMG_20180422_095210.jpg 800w, https:\/\/blocs.tinet.cat\/labicidelalbert\/files\/2018\/04\/IMG_20180422_095210-300x169.jpg 300w\" sizes=\"auto, (max-width: 800px) 100vw, 800px\" \/><\/a><br \/>\n<a href=\"https:\/\/blocs.tinet.cat\/labicidelalbert\/2018\/04\/22\/cambrils-alio\/dav-85\/\" rel=\"attachment wp-att-2020\"><img loading=\"lazy\" decoding=\"async\" src=\"https:\/\/blocs.tinet.cat\/labicidelalbert\/files\/2018\/04\/IMG_20180422_095214.jpg\" alt=\"\" width=\"800\" height=\"451\" class=\"alignleft size-full wp-image-2020\" srcset=\"https:\/\/blocs.tinet.cat\/labicidelalbert\/files\/2018\/04\/IMG_20180422_095214.jpg 800w, https:\/\/blocs.tinet.cat\/labicidelalbert\/files\/2018\/04\/IMG_20180422_095214-300x169.jpg 300w\" sizes=\"auto, (max-width: 800px) 100vw, 800px\" \/><\/a><br \/>\n<a href=\"https:\/\/blocs.tinet.cat\/labicidelalbert\/2018\/04\/22\/cambrils-alio\/dav-86\/\" rel=\"attachment wp-att-2021\"><img loading=\"lazy\" decoding=\"async\" src=\"https:\/\/blocs.tinet.cat\/labicidelalbert\/files\/2018\/04\/IMG_20180422_114512.jpg\" alt=\"\" width=\"800\" height=\"451\" class=\"alignleft size-full wp-image-2021\" srcset=\"https:\/\/blocs.tinet.cat\/labicidelalbert\/files\/2018\/04\/IMG_20180422_114512.jpg 800w, https:\/\/blocs.tinet.cat\/labicidelalbert\/files\/2018\/04\/IMG_20180422_114512-300x169.jpg 300w\" sizes=\"auto, (max-width: 800px) 100vw, 800px\" \/><\/a><\/p>\n","protected":false},"excerpt":{"rendered":"<p>Avui he sortit amb el grup A perqu\u00e8 anaven a fer molts quil\u00f2metres per\u00f2 sense gaire desnivell, que \u00e9s el que jo buscava. Amb BTT fins a Ali\u00f3 per un pista molt rodadora, en gran part encimentada.<\/p>\n","protected":false},"author":54,"featured_media":0,"comment_status":"open","ping_status":"open","sticky":false,"template":"","format":"standard","meta":{"footnotes":""},"categories":[1],"tags":[],"class_list":["post-2015","post","type-post","status-publish","format-standard","hentry","category-general"],"_links":{"self":[{"href":"https:\/\/blocs.tinet.cat\/labicidelalbert\/wp-json\/wp\/v2\/posts\/2015","targetHints":{"allow":["GET"]}}],"collection":[{"href":"https:\/\/blocs.tinet.cat\/labicidelalbert\/wp-json\/wp\/v2\/posts"}],"about":[{"href":"https:\/\/blocs.tinet.cat\/labicidelalbert\/wp-json\/wp\/v2\/types\/post"}],"author":[{"embeddable":true,"href":"https:\/\/blocs.tinet.cat\/labicidelalbert\/wp-json\/wp\/v2\/users\/54"}],"replies":[{"embeddable":true,"href":"https:\/\/blocs.tinet.cat\/labicidelalbert\/wp-json\/wp\/v2\/comments?post=2015"}],"version-history":[{"count":0,"href":"https:\/\/blocs.tinet.cat\/labicidelalbert\/wp-json\/wp\/v2\/posts\/2015\/revisions"}],"wp:attachment":[{"href":"https:\/\/blocs.tinet.cat\/labicidelalbert\/wp-json\/wp\/v2\/media?parent=2015"}],"wp:term":[{"taxonomy":"category","embeddable":true,"href":"https:\/\/blocs.tinet.cat\/labicidelalbert\/wp-json\/wp\/v2\/categories?post=2015"},{"taxonomy":"post_tag","embeddable":true,"href":"https:\/\/blocs.tinet.cat\/labicidelalbert\/wp-json\/wp\/v2\/tags?post=2015"}],"curies":[{"name":"wp","href":"https:\/\/api.w.org\/{rel}","templated":true}]}}