{"id":1886,"date":"2017-04-22T17:35:32","date_gmt":"2017-04-22T16:35:32","guid":{"rendered":"https:\/\/blocs.tinet.cat\/labicidelalbert\/?p=1886"},"modified":"2017-04-22T17:35:32","modified_gmt":"2017-04-22T16:35:32","slug":"salomo-2","status":"publish","type":"post","link":"https:\/\/blocs.tinet.cat\/labicidelalbert\/2017\/04\/22\/salomo-2\/","title":{"rendered":"Salom\u00f3"},"content":{"rendered":"<p>Avui tocava estrenar la s\u00faperbici de carretera. Una flamant Trek Domane amb frens de disc. Ole t\u00fa!<br \/>\n<a href=\"https:\/\/blocs.tinet.cat\/labicidelalbert\/2017\/04\/22\/salomo-2\/dav-19\/\" rel=\"attachment wp-att-1887\"><img loading=\"lazy\" decoding=\"async\" src=\"https:\/\/blocs.tinet.cat\/labicidelalbert\/files\/2017\/04\/IMG_20170422_095726.jpg\" alt=\"\" width=\"800\" height=\"600\" class=\"alignleft size-full wp-image-1887\" srcset=\"https:\/\/blocs.tinet.cat\/labicidelalbert\/files\/2017\/04\/IMG_20170422_095726.jpg 800w, https:\/\/blocs.tinet.cat\/labicidelalbert\/files\/2017\/04\/IMG_20170422_095726-300x225.jpg 300w\" sizes=\"auto, (max-width: 800px) 100vw, 800px\" \/><\/a><br \/>\nFoto des del punt m\u00e9s alt de Vespella de Gai\u00e0. Amb l&#8217;Ermita de Sant Miquel al davant.<br \/>\n<a href=\"https:\/\/blocs.tinet.cat\/labicidelalbert\/2017\/04\/22\/salomo-2\/dav-20\/\" rel=\"attachment wp-att-1888\"><img loading=\"lazy\" decoding=\"async\" src=\"https:\/\/blocs.tinet.cat\/labicidelalbert\/files\/2017\/04\/IMG_20170422_095754.jpg\" alt=\"\" width=\"800\" height=\"600\" class=\"alignleft size-full wp-image-1888\" srcset=\"https:\/\/blocs.tinet.cat\/labicidelalbert\/files\/2017\/04\/IMG_20170422_095754.jpg 800w, https:\/\/blocs.tinet.cat\/labicidelalbert\/files\/2017\/04\/IMG_20170422_095754-300x225.jpg 300w\" sizes=\"auto, (max-width: 800px) 100vw, 800px\" \/><\/a><br \/>\nDetall del disc<br \/>\n<a href=\"https:\/\/blocs.tinet.cat\/labicidelalbert\/2017\/04\/22\/salomo-2\/dav-21\/\" rel=\"attachment wp-att-1889\"><img loading=\"lazy\" decoding=\"async\" src=\"https:\/\/blocs.tinet.cat\/labicidelalbert\/files\/2017\/04\/IMG_20170422_113428.jpg\" alt=\"\" width=\"800\" height=\"600\" class=\"alignleft size-full wp-image-1889\" srcset=\"https:\/\/blocs.tinet.cat\/labicidelalbert\/files\/2017\/04\/IMG_20170422_113428.jpg 800w, https:\/\/blocs.tinet.cat\/labicidelalbert\/files\/2017\/04\/IMG_20170422_113428-300x225.jpg 300w\" sizes=\"auto, (max-width: 800px) 100vw, 800px\" \/><\/a><\/p>\n","protected":false},"excerpt":{"rendered":"<p>Avui tocava estrenar la s\u00faperbici de carretera. Una flamant Trek Domane amb frens de disc. Ole t\u00fa! Foto des del punt m\u00e9s alt de Vespella de Gai\u00e0. Amb l&#8217;Ermita de Sant Miquel al davant. Detall del disc<\/p>\n","protected":false},"author":54,"featured_media":0,"comment_status":"open","ping_status":"open","sticky":false,"template":"","format":"standard","meta":{"footnotes":""},"categories":[1],"tags":[],"class_list":["post-1886","post","type-post","status-publish","format-standard","hentry","category-general"],"_links":{"self":[{"href":"https:\/\/blocs.tinet.cat\/labicidelalbert\/wp-json\/wp\/v2\/posts\/1886","targetHints":{"allow":["GET"]}}],"collection":[{"href":"https:\/\/blocs.tinet.cat\/labicidelalbert\/wp-json\/wp\/v2\/posts"}],"about":[{"href":"https:\/\/blocs.tinet.cat\/labicidelalbert\/wp-json\/wp\/v2\/types\/post"}],"author":[{"embeddable":true,"href":"https:\/\/blocs.tinet.cat\/labicidelalbert\/wp-json\/wp\/v2\/users\/54"}],"replies":[{"embeddable":true,"href":"https:\/\/blocs.tinet.cat\/labicidelalbert\/wp-json\/wp\/v2\/comments?post=1886"}],"version-history":[{"count":0,"href":"https:\/\/blocs.tinet.cat\/labicidelalbert\/wp-json\/wp\/v2\/posts\/1886\/revisions"}],"wp:attachment":[{"href":"https:\/\/blocs.tinet.cat\/labicidelalbert\/wp-json\/wp\/v2\/media?parent=1886"}],"wp:term":[{"taxonomy":"category","embeddable":true,"href":"https:\/\/blocs.tinet.cat\/labicidelalbert\/wp-json\/wp\/v2\/categories?post=1886"},{"taxonomy":"post_tag","embeddable":true,"href":"https:\/\/blocs.tinet.cat\/labicidelalbert\/wp-json\/wp\/v2\/tags?post=1886"}],"curies":[{"name":"wp","href":"https:\/\/api.w.org\/{rel}","templated":true}]}}