{"id":1455,"date":"2016-03-13T19:59:42","date_gmt":"2016-03-13T18:59:42","guid":{"rendered":"https:\/\/blocs.tinet.cat\/labicidelalbert\/?p=1455"},"modified":"2016-03-13T19:59:42","modified_gmt":"2016-03-13T18:59:42","slug":"farena-capafonts","status":"publish","type":"post","link":"https:\/\/blocs.tinet.cat\/labicidelalbert\/2016\/03\/13\/farena-capafonts\/","title":{"rendered":"Farena &#8211; Capafonts"},"content":{"rendered":"<p>Sortida amb la bici de carretera. Hem sigut 10 ciclistes rodant a bon ritme i hem fet molts quil\u00f2metres. De fet no hem arribat al punt de l&#8217;esmorzar fins al quil\u00f2metre 63, \u00e9s a dir que port\u00e0vem una gana com la del Carpanta.<br \/>\nAl final, 115 km i 1.600 m+ (i per la tarda les cames encara tremolen).<br \/>\n<a href=\"https:\/\/blocs.tinet.cat\/labicidelalbert\/2016\/03\/13\/farena-capafonts\/img_20160313_100424\/\" rel=\"attachment wp-att-1456\"><img loading=\"lazy\" decoding=\"async\" src=\"https:\/\/blocs.tinet.cat\/labicidelalbert\/files\/2016\/03\/IMG_20160313_100424.jpg\" alt=\"\" width=\"800\" height=\"600\" class=\"alignleft size-full wp-image-1456\" srcset=\"https:\/\/blocs.tinet.cat\/labicidelalbert\/files\/2016\/03\/IMG_20160313_100424.jpg 800w, https:\/\/blocs.tinet.cat\/labicidelalbert\/files\/2016\/03\/IMG_20160313_100424-300x225.jpg 300w\" sizes=\"auto, (max-width: 800px) 100vw, 800px\" \/><\/a><br \/>\n<a href=\"https:\/\/blocs.tinet.cat\/labicidelalbert\/2016\/03\/13\/farena-capafonts\/img-20160313-wa0008\/\" rel=\"attachment wp-att-1458\"><img loading=\"lazy\" decoding=\"async\" src=\"https:\/\/blocs.tinet.cat\/labicidelalbert\/files\/2016\/03\/IMG-20160313-WA0008.jpg\" alt=\"\" width=\"800\" height=\"450\" class=\"alignleft size-full wp-image-1458\" srcset=\"https:\/\/blocs.tinet.cat\/labicidelalbert\/files\/2016\/03\/IMG-20160313-WA0008.jpg 800w, https:\/\/blocs.tinet.cat\/labicidelalbert\/files\/2016\/03\/IMG-20160313-WA0008-300x168.jpg 300w\" sizes=\"auto, (max-width: 800px) 100vw, 800px\" \/><\/a><br \/>\n<a href=\"https:\/\/blocs.tinet.cat\/labicidelalbert\/2016\/03\/13\/farena-capafonts\/img-20160313-wa0003\/\" rel=\"attachment wp-att-1457\"><img loading=\"lazy\" decoding=\"async\" src=\"https:\/\/blocs.tinet.cat\/labicidelalbert\/files\/2016\/03\/IMG-20160313-WA0003.jpg\" alt=\"\" width=\"800\" height=\"534\" class=\"alignleft size-full wp-image-1457\" srcset=\"https:\/\/blocs.tinet.cat\/labicidelalbert\/files\/2016\/03\/IMG-20160313-WA0003.jpg 800w, https:\/\/blocs.tinet.cat\/labicidelalbert\/files\/2016\/03\/IMG-20160313-WA0003-300x200.jpg 300w\" sizes=\"auto, (max-width: 800px) 100vw, 800px\" \/><\/a><\/p>\n<p>Podeu veure el <a href=\"http:\/\/ca.wikiloc.com\/wikiloc\/view.do?id=12559214\">track a wikiloc<\/a><\/p>\n","protected":false},"excerpt":{"rendered":"<p>Sortida amb la bici de carretera. Hem sigut 10 ciclistes rodant a bon ritme i hem fet molts quil\u00f2metres. De fet no hem arribat al punt de l&#8217;esmorzar fins al quil\u00f2metre 63, \u00e9s a dir que port\u00e0vem una gana com &hellip; <a href=\"https:\/\/blocs.tinet.cat\/labicidelalbert\/2016\/03\/13\/farena-capafonts\/\">Continua llegint <span class=\"meta-nav\">&rarr;<\/span><\/a><\/p>\n","protected":false},"author":54,"featured_media":0,"comment_status":"open","ping_status":"open","sticky":false,"template":"","format":"standard","meta":{"footnotes":""},"categories":[1],"tags":[],"class_list":["post-1455","post","type-post","status-publish","format-standard","hentry","category-general"],"_links":{"self":[{"href":"https:\/\/blocs.tinet.cat\/labicidelalbert\/wp-json\/wp\/v2\/posts\/1455","targetHints":{"allow":["GET"]}}],"collection":[{"href":"https:\/\/blocs.tinet.cat\/labicidelalbert\/wp-json\/wp\/v2\/posts"}],"about":[{"href":"https:\/\/blocs.tinet.cat\/labicidelalbert\/wp-json\/wp\/v2\/types\/post"}],"author":[{"embeddable":true,"href":"https:\/\/blocs.tinet.cat\/labicidelalbert\/wp-json\/wp\/v2\/users\/54"}],"replies":[{"embeddable":true,"href":"https:\/\/blocs.tinet.cat\/labicidelalbert\/wp-json\/wp\/v2\/comments?post=1455"}],"version-history":[{"count":0,"href":"https:\/\/blocs.tinet.cat\/labicidelalbert\/wp-json\/wp\/v2\/posts\/1455\/revisions"}],"wp:attachment":[{"href":"https:\/\/blocs.tinet.cat\/labicidelalbert\/wp-json\/wp\/v2\/media?parent=1455"}],"wp:term":[{"taxonomy":"category","embeddable":true,"href":"https:\/\/blocs.tinet.cat\/labicidelalbert\/wp-json\/wp\/v2\/categories?post=1455"},{"taxonomy":"post_tag","embeddable":true,"href":"https:\/\/blocs.tinet.cat\/labicidelalbert\/wp-json\/wp\/v2\/tags?post=1455"}],"curies":[{"name":"wp","href":"https:\/\/api.w.org\/{rel}","templated":true}]}}