{"id":1205,"date":"2015-06-30T12:26:21","date_gmt":"2015-06-30T11:26:21","guid":{"rendered":"https:\/\/blocs.tinet.cat\/labicidelalbert\/?p=1205"},"modified":"2015-07-08T19:44:13","modified_gmt":"2015-07-08T18:44:13","slug":"saloria-bike-3-etapes","status":"publish","type":"post","link":"https:\/\/blocs.tinet.cat\/labicidelalbert\/2015\/06\/30\/saloria-bike-3-etapes\/","title":{"rendered":"Saloria Bike. 3 etapes."},"content":{"rendered":"<p>A Sant Joan de l&#8217;Erm \u00e9s on comen\u00e7a la Saloria Bike Trail, ruta de 3 etapes pels Pirineus amb tot el que aix\u00f2 comporta. Moltes pujades, molta natura, molta calor, molta diversi\u00f3.<\/p>\n<p><strong>ETAPA 1. Dissabte 27 juny.<\/strong><br \/>\nDe bon mat\u00ed ens despertem despr\u00e9s de passar la nit a les lliteres del refugi de Sant Joan de l&#8217;Erm. Com a les col\u00f2nies dels nens, amb el mateix bon rotllo.<br \/>\n<a href=\"https:\/\/blocs.tinet.cat\/labicidelalbert\/2015\/06\/30\/saloria-bike-3-etapes\/img_20150627_071538\/\" rel=\"attachment wp-att-1239\"><img loading=\"lazy\" decoding=\"async\" src=\"https:\/\/blocs.tinet.cat\/labicidelalbert\/files\/2015\/06\/IMG_20150627_071538.jpg\" alt=\"\" width=\"800\" height=\"600\" class=\"alignleft size-full wp-image-1239\" srcset=\"https:\/\/blocs.tinet.cat\/labicidelalbert\/files\/2015\/06\/IMG_20150627_071538.jpg 800w, https:\/\/blocs.tinet.cat\/labicidelalbert\/files\/2015\/06\/IMG_20150627_071538-300x225.jpg 300w\" sizes=\"auto, (max-width: 800px) 100vw, 800px\" \/><\/a><br \/>\nDespr\u00e9s d&#8217;esmorzar el Jordi Salorio ens fa les explicacions m\u00e9s importants per fer la ruta. Portem el track, per\u00f2 sempre hi ha alguna cosa a tenir en compte.<br \/>\n<a href=\"https:\/\/blocs.tinet.cat\/labicidelalbert\/2015\/06\/30\/saloria-bike-3-etapes\/dscn5300\/\" rel=\"attachment wp-att-1240\"><img loading=\"lazy\" decoding=\"async\" src=\"https:\/\/blocs.tinet.cat\/labicidelalbert\/files\/2015\/06\/DSCN5300.jpg\" alt=\"\" width=\"800\" height=\"600\" class=\"alignleft size-full wp-image-1240\" srcset=\"https:\/\/blocs.tinet.cat\/labicidelalbert\/files\/2015\/06\/DSCN5300.jpg 800w, https:\/\/blocs.tinet.cat\/labicidelalbert\/files\/2015\/06\/DSCN5300-300x225.jpg 300w\" sizes=\"auto, (max-width: 800px) 100vw, 800px\" \/><\/a><br \/>\nPreparats per la sortida. Nom\u00e9s ens falten 200 km per ser finishers.<br \/>\n<a href=\"https:\/\/blocs.tinet.cat\/labicidelalbert\/2015\/06\/30\/saloria-bike-3-etapes\/img_20150627_082952\/\" rel=\"attachment wp-att-1208\"><img loading=\"lazy\" decoding=\"async\" src=\"https:\/\/blocs.tinet.cat\/labicidelalbert\/files\/2015\/06\/IMG_20150627_082952.jpg\" alt=\"\" width=\"800\" height=\"600\" class=\"alignleft size-full wp-image-1208\" srcset=\"https:\/\/blocs.tinet.cat\/labicidelalbert\/files\/2015\/06\/IMG_20150627_082952.jpg 800w, https:\/\/blocs.tinet.cat\/labicidelalbert\/files\/2015\/06\/IMG_20150627_082952-300x225.jpg 300w\" sizes=\"auto, (max-width: 800px) 100vw, 800px\" \/><\/a><br \/>\nDes dels primers quil\u00f2metres ens queda clar que l&#8217;entorn \u00e9s l&#8217;ideal. &#8220;Puro mountain&#8221; pels aut\u00e8ntics Pirineus.<br \/>\n<a href=\"https:\/\/blocs.tinet.cat\/labicidelalbert\/2015\/06\/30\/saloria-bike-3-etapes\/dscn5315\/\" rel=\"attachment wp-att-1241\"><img loading=\"lazy\" decoding=\"async\" src=\"https:\/\/blocs.tinet.cat\/labicidelalbert\/files\/2015\/06\/DSCN5315.jpg\" alt=\"\" width=\"800\" height=\"600\" class=\"alignleft size-full wp-image-1241\" srcset=\"https:\/\/blocs.tinet.cat\/labicidelalbert\/files\/2015\/06\/DSCN5315.jpg 800w, https:\/\/blocs.tinet.cat\/labicidelalbert\/files\/2015\/06\/DSCN5315-300x225.jpg 300w\" sizes=\"auto, (max-width: 800px) 100vw, 800px\" \/><\/a><br \/>\n<a href=\"https:\/\/blocs.tinet.cat\/labicidelalbert\/2015\/06\/30\/saloria-bike-3-etapes\/img_20150627_085023\/\" rel=\"attachment wp-att-1209\"><img loading=\"lazy\" decoding=\"async\" src=\"https:\/\/blocs.tinet.cat\/labicidelalbert\/files\/2015\/06\/IMG_20150627_085023.jpg\" alt=\"\" width=\"800\" height=\"600\" class=\"alignleft size-full wp-image-1209\" srcset=\"https:\/\/blocs.tinet.cat\/labicidelalbert\/files\/2015\/06\/IMG_20150627_085023.jpg 800w, https:\/\/blocs.tinet.cat\/labicidelalbert\/files\/2015\/06\/IMG_20150627_085023-300x225.jpg 300w\" sizes=\"auto, (max-width: 800px) 100vw, 800px\" \/><\/a><br \/>\n<a href=\"https:\/\/blocs.tinet.cat\/labicidelalbert\/2015\/06\/30\/saloria-bike-3-etapes\/dscn5323\/\" rel=\"attachment wp-att-1242\"><img loading=\"lazy\" decoding=\"async\" src=\"https:\/\/blocs.tinet.cat\/labicidelalbert\/files\/2015\/06\/DSCN5323.jpg\" alt=\"\" width=\"800\" height=\"600\" class=\"alignleft size-full wp-image-1242\" srcset=\"https:\/\/blocs.tinet.cat\/labicidelalbert\/files\/2015\/06\/DSCN5323.jpg 800w, https:\/\/blocs.tinet.cat\/labicidelalbert\/files\/2015\/06\/DSCN5323-300x225.jpg 300w\" sizes=\"auto, (max-width: 800px) 100vw, 800px\" \/><\/a><br \/>\n<a href=\"https:\/\/blocs.tinet.cat\/labicidelalbert\/2015\/06\/30\/saloria-bike-3-etapes\/dsc06817\/\" rel=\"attachment wp-att-1243\"><img loading=\"lazy\" decoding=\"async\" src=\"https:\/\/blocs.tinet.cat\/labicidelalbert\/files\/2015\/06\/DSC06817.jpg\" alt=\"\" width=\"800\" height=\"600\" class=\"alignleft size-full wp-image-1243\" srcset=\"https:\/\/blocs.tinet.cat\/labicidelalbert\/files\/2015\/06\/DSC06817.jpg 800w, https:\/\/blocs.tinet.cat\/labicidelalbert\/files\/2015\/06\/DSC06817-300x225.jpg 300w\" sizes=\"auto, (max-width: 800px) 100vw, 800px\" \/><\/a><br \/>\nLa muntanya \u00e9s tant impressionant que no podem deixar de fer fotos.<br \/>\n<a href=\"https:\/\/blocs.tinet.cat\/labicidelalbert\/2015\/06\/30\/saloria-bike-3-etapes\/dsc06834\/\" rel=\"attachment wp-att-1244\"><img loading=\"lazy\" decoding=\"async\" src=\"https:\/\/blocs.tinet.cat\/labicidelalbert\/files\/2015\/06\/DSC06834.jpg\" alt=\"\" width=\"800\" height=\"600\" class=\"alignleft size-full wp-image-1244\" srcset=\"https:\/\/blocs.tinet.cat\/labicidelalbert\/files\/2015\/06\/DSC06834.jpg 800w, https:\/\/blocs.tinet.cat\/labicidelalbert\/files\/2015\/06\/DSC06834-300x225.jpg 300w\" sizes=\"auto, (max-width: 800px) 100vw, 800px\" \/><\/a><br \/>\n<a href=\"https:\/\/blocs.tinet.cat\/labicidelalbert\/2015\/06\/30\/saloria-bike-3-etapes\/img_20150627_103702\/\" rel=\"attachment wp-att-1247\"><img loading=\"lazy\" decoding=\"async\" src=\"https:\/\/blocs.tinet.cat\/labicidelalbert\/files\/2015\/06\/IMG_20150627_103702.jpg\" alt=\"\" width=\"800\" height=\"600\" class=\"alignleft size-full wp-image-1247\" srcset=\"https:\/\/blocs.tinet.cat\/labicidelalbert\/files\/2015\/06\/IMG_20150627_103702.jpg 800w, https:\/\/blocs.tinet.cat\/labicidelalbert\/files\/2015\/06\/IMG_20150627_103702-300x225.jpg 300w\" sizes=\"auto, (max-width: 800px) 100vw, 800px\" \/><\/a><br \/>\n<a href=\"https:\/\/blocs.tinet.cat\/labicidelalbert\/2015\/06\/30\/saloria-bike-3-etapes\/dscn5334\/\" rel=\"attachment wp-att-1245\"><img loading=\"lazy\" decoding=\"async\" src=\"https:\/\/blocs.tinet.cat\/labicidelalbert\/files\/2015\/06\/DSCN5334.jpg\" alt=\"\" width=\"800\" height=\"600\" class=\"alignleft size-full wp-image-1245\" srcset=\"https:\/\/blocs.tinet.cat\/labicidelalbert\/files\/2015\/06\/DSCN5334.jpg 800w, https:\/\/blocs.tinet.cat\/labicidelalbert\/files\/2015\/06\/DSCN5334-300x225.jpg 300w\" sizes=\"auto, (max-width: 800px) 100vw, 800px\" \/><\/a><br \/>\nAl refugi de Rubi\u00f3 fem el primer avituallament. Seguim les magistrals lli\u00e7ons del Joan: &#8220;s&#8217;ha de parar, per\u00f2 no estacionar&#8221;.<br \/>\n<a href=\"https:\/\/blocs.tinet.cat\/labicidelalbert\/2015\/06\/30\/saloria-bike-3-etapes\/dsc06842\/\" rel=\"attachment wp-att-1246\"><img loading=\"lazy\" decoding=\"async\" src=\"https:\/\/blocs.tinet.cat\/labicidelalbert\/files\/2015\/06\/DSC06842.jpg\" alt=\"\" width=\"800\" height=\"600\" class=\"alignleft size-full wp-image-1246\" srcset=\"https:\/\/blocs.tinet.cat\/labicidelalbert\/files\/2015\/06\/DSC06842.jpg 800w, https:\/\/blocs.tinet.cat\/labicidelalbert\/files\/2015\/06\/DSC06842-300x225.jpg 300w\" sizes=\"auto, (max-width: 800px) 100vw, 800px\" \/><\/a><br \/>\n<a href=\"https:\/\/blocs.tinet.cat\/labicidelalbert\/2015\/06\/30\/saloria-bike-3-etapes\/dscn5365\/\" rel=\"attachment wp-att-1250\"><img loading=\"lazy\" decoding=\"async\" src=\"https:\/\/blocs.tinet.cat\/labicidelalbert\/files\/2015\/06\/DSCN5365.jpg\" alt=\"\" width=\"800\" height=\"600\" class=\"alignleft size-full wp-image-1250\" srcset=\"https:\/\/blocs.tinet.cat\/labicidelalbert\/files\/2015\/06\/DSCN5365.jpg 800w, https:\/\/blocs.tinet.cat\/labicidelalbert\/files\/2015\/06\/DSCN5365-300x225.jpg 300w\" sizes=\"auto, (max-width: 800px) 100vw, 800px\" \/><\/a><br \/>\n<a href=\"https:\/\/blocs.tinet.cat\/labicidelalbert\/2015\/06\/30\/saloria-bike-3-etapes\/img_20150627_111433\/\" rel=\"attachment wp-att-1251\"><img loading=\"lazy\" decoding=\"async\" src=\"https:\/\/blocs.tinet.cat\/labicidelalbert\/files\/2015\/06\/IMG_20150627_111433.jpg\" alt=\"\" width=\"800\" height=\"600\" class=\"alignleft size-full wp-image-1251\" srcset=\"https:\/\/blocs.tinet.cat\/labicidelalbert\/files\/2015\/06\/IMG_20150627_111433.jpg 800w, https:\/\/blocs.tinet.cat\/labicidelalbert\/files\/2015\/06\/IMG_20150627_111433-300x225.jpg 300w\" sizes=\"auto, (max-width: 800px) 100vw, 800px\" \/><\/a><br \/>\n<a href=\"https:\/\/blocs.tinet.cat\/labicidelalbert\/2015\/06\/30\/saloria-bike-3-etapes\/dscn5349\/\" rel=\"attachment wp-att-1248\"><img loading=\"lazy\" decoding=\"async\" src=\"https:\/\/blocs.tinet.cat\/labicidelalbert\/files\/2015\/06\/DSCN5349.jpg\" alt=\"\" width=\"800\" height=\"600\" class=\"alignleft size-full wp-image-1248\" srcset=\"https:\/\/blocs.tinet.cat\/labicidelalbert\/files\/2015\/06\/DSCN5349.jpg 800w, https:\/\/blocs.tinet.cat\/labicidelalbert\/files\/2015\/06\/DSCN5349-300x225.jpg 300w\" sizes=\"auto, (max-width: 800px) 100vw, 800px\" \/><\/a><br \/>\n<a href=\"https:\/\/blocs.tinet.cat\/labicidelalbert\/2015\/06\/30\/saloria-bike-3-etapes\/dscn5356\/\" rel=\"attachment wp-att-1249\"><img loading=\"lazy\" decoding=\"async\" src=\"https:\/\/blocs.tinet.cat\/labicidelalbert\/files\/2015\/06\/DSCN5356.jpg\" alt=\"\" width=\"800\" height=\"600\" class=\"alignleft size-full wp-image-1249\" srcset=\"https:\/\/blocs.tinet.cat\/labicidelalbert\/files\/2015\/06\/DSCN5356.jpg 800w, https:\/\/blocs.tinet.cat\/labicidelalbert\/files\/2015\/06\/DSCN5356-300x225.jpg 300w\" sizes=\"auto, (max-width: 800px) 100vw, 800px\" \/><\/a><br \/>\n<a href=\"https:\/\/blocs.tinet.cat\/labicidelalbert\/2015\/06\/30\/saloria-bike-3-etapes\/img_20150627_112935\/\" rel=\"attachment wp-att-1252\"><img loading=\"lazy\" decoding=\"async\" src=\"https:\/\/blocs.tinet.cat\/labicidelalbert\/files\/2015\/06\/IMG_20150627_112935.jpg\" alt=\"\" width=\"800\" height=\"600\" class=\"alignleft size-full wp-image-1252\" srcset=\"https:\/\/blocs.tinet.cat\/labicidelalbert\/files\/2015\/06\/IMG_20150627_112935.jpg 800w, https:\/\/blocs.tinet.cat\/labicidelalbert\/files\/2015\/06\/IMG_20150627_112935-300x225.jpg 300w\" sizes=\"auto, (max-width: 800px) 100vw, 800px\" \/><\/a><br \/>\n<a href=\"https:\/\/blocs.tinet.cat\/labicidelalbert\/2015\/06\/30\/saloria-bike-3-etapes\/img_20150627_113445\/\" rel=\"attachment wp-att-1253\"><img loading=\"lazy\" decoding=\"async\" src=\"https:\/\/blocs.tinet.cat\/labicidelalbert\/files\/2015\/06\/IMG_20150627_113445.jpg\" alt=\"\" width=\"800\" height=\"600\" class=\"alignleft size-full wp-image-1253\" srcset=\"https:\/\/blocs.tinet.cat\/labicidelalbert\/files\/2015\/06\/IMG_20150627_113445.jpg 800w, https:\/\/blocs.tinet.cat\/labicidelalbert\/files\/2015\/06\/IMG_20150627_113445-300x225.jpg 300w\" sizes=\"auto, (max-width: 800px) 100vw, 800px\" \/><\/a><br \/>\n<a href=\"https:\/\/blocs.tinet.cat\/labicidelalbert\/2015\/06\/30\/saloria-bike-3-etapes\/img_20150627_113758\/\" rel=\"attachment wp-att-1254\"><img loading=\"lazy\" decoding=\"async\" src=\"https:\/\/blocs.tinet.cat\/labicidelalbert\/files\/2015\/06\/IMG_20150627_113758.jpg\" alt=\"\" width=\"800\" height=\"600\" class=\"alignleft size-full wp-image-1254\" srcset=\"https:\/\/blocs.tinet.cat\/labicidelalbert\/files\/2015\/06\/IMG_20150627_113758.jpg 800w, https:\/\/blocs.tinet.cat\/labicidelalbert\/files\/2015\/06\/IMG_20150627_113758-300x225.jpg 300w\" sizes=\"auto, (max-width: 800px) 100vw, 800px\" \/><\/a><br \/>\n<a href=\"https:\/\/blocs.tinet.cat\/labicidelalbert\/2015\/06\/30\/saloria-bike-3-etapes\/img_20150627_114608\/\" rel=\"attachment wp-att-1255\"><img loading=\"lazy\" decoding=\"async\" src=\"https:\/\/blocs.tinet.cat\/labicidelalbert\/files\/2015\/06\/IMG_20150627_114608.jpg\" alt=\"\" width=\"800\" height=\"600\" class=\"alignleft size-full wp-image-1255\" srcset=\"https:\/\/blocs.tinet.cat\/labicidelalbert\/files\/2015\/06\/IMG_20150627_114608.jpg 800w, https:\/\/blocs.tinet.cat\/labicidelalbert\/files\/2015\/06\/IMG_20150627_114608-300x225.jpg 300w\" sizes=\"auto, (max-width: 800px) 100vw, 800px\" \/><\/a><br \/>\n<a href=\"https:\/\/blocs.tinet.cat\/labicidelalbert\/2015\/06\/30\/saloria-bike-3-etapes\/img_20150627_114438\/\" rel=\"attachment wp-att-1210\"><img loading=\"lazy\" decoding=\"async\" src=\"https:\/\/blocs.tinet.cat\/labicidelalbert\/files\/2015\/06\/IMG_20150627_114438.jpg\" alt=\"\" width=\"800\" height=\"600\" class=\"alignleft size-full wp-image-1210\" srcset=\"https:\/\/blocs.tinet.cat\/labicidelalbert\/files\/2015\/06\/IMG_20150627_114438.jpg 800w, https:\/\/blocs.tinet.cat\/labicidelalbert\/files\/2015\/06\/IMG_20150627_114438-300x225.jpg 300w\" sizes=\"auto, (max-width: 800px) 100vw, 800px\" \/><\/a><br \/>\nPer sort, a Llavors\u00ed podem descansar i dinar. Ja portem 50 km per\u00f2 encara en falten uns 25 m\u00e9s fins arribar a Alins on farem nit.<br \/>\n<a href=\"https:\/\/blocs.tinet.cat\/labicidelalbert\/2015\/06\/30\/saloria-bike-3-etapes\/dsc06856\/\" rel=\"attachment wp-att-1256\"><img loading=\"lazy\" decoding=\"async\" src=\"https:\/\/blocs.tinet.cat\/labicidelalbert\/files\/2015\/06\/DSC06856.jpg\" alt=\"\" width=\"800\" height=\"600\" class=\"alignleft size-full wp-image-1256\" srcset=\"https:\/\/blocs.tinet.cat\/labicidelalbert\/files\/2015\/06\/DSC06856.jpg 800w, https:\/\/blocs.tinet.cat\/labicidelalbert\/files\/2015\/06\/DSC06856-300x225.jpg 300w\" sizes=\"auto, (max-width: 800px) 100vw, 800px\" \/><\/a><br \/>\nFinal de la primera etapa a Alins, dormim a l&#8217;Hostal Monta\u00f1a (de luxe) i ens trinquem unes quantes cerveses ben merescudes.<br \/>\n<a href=\"https:\/\/blocs.tinet.cat\/labicidelalbert\/2015\/06\/30\/saloria-bike-3-etapes\/dsc06859\/\" rel=\"attachment wp-att-1257\"><img loading=\"lazy\" decoding=\"async\" src=\"https:\/\/blocs.tinet.cat\/labicidelalbert\/files\/2015\/06\/DSC06859.jpg\" alt=\"\" width=\"800\" height=\"600\" class=\"alignleft size-full wp-image-1257\" srcset=\"https:\/\/blocs.tinet.cat\/labicidelalbert\/files\/2015\/06\/DSC06859.jpg 800w, https:\/\/blocs.tinet.cat\/labicidelalbert\/files\/2015\/06\/DSC06859-300x225.jpg 300w\" sizes=\"auto, (max-width: 800px) 100vw, 800px\" \/><\/a><\/p>\n<p><strong>ETAPA 2. Diumenge 28 juny.<\/strong><br \/>\nLa segona etapa \u00e9s la m\u00e9s llarga, la m\u00e9s dura, la de m\u00e9s desnivell acumulat, la m\u00e9s temuda. Nom\u00e9s arrencar comencem a pujar el Port de Cab\u00fas. S\u00f3n uns 20 km de pujada constant fins a arribar a uns 2.300 msnm<br \/>\nEn primer lloc, s&#8217;ha d&#8217;esmorzar.<br \/>\n<a href=\"https:\/\/blocs.tinet.cat\/labicidelalbert\/2015\/06\/30\/saloria-bike-3-etapes\/dscn5433\/\" rel=\"attachment wp-att-1221\"><img loading=\"lazy\" decoding=\"async\" src=\"https:\/\/blocs.tinet.cat\/labicidelalbert\/files\/2015\/06\/DSCN5433.jpg\" alt=\"\" width=\"800\" height=\"600\" class=\"alignleft size-full wp-image-1221\" srcset=\"https:\/\/blocs.tinet.cat\/labicidelalbert\/files\/2015\/06\/DSCN5433.jpg 800w, https:\/\/blocs.tinet.cat\/labicidelalbert\/files\/2015\/06\/DSCN5433-300x225.jpg 300w\" sizes=\"auto, (max-width: 800px) 100vw, 800px\" \/><\/a><br \/>\nArrenquem !!<br \/>\n<a href=\"https:\/\/blocs.tinet.cat\/labicidelalbert\/2015\/06\/30\/saloria-bike-3-etapes\/img_20150628_082301\/\" rel=\"attachment wp-att-1222\"><img loading=\"lazy\" decoding=\"async\" src=\"https:\/\/blocs.tinet.cat\/labicidelalbert\/files\/2015\/06\/IMG_20150628_082301.jpg\" alt=\"\" width=\"800\" height=\"600\" class=\"alignleft size-full wp-image-1222\" srcset=\"https:\/\/blocs.tinet.cat\/labicidelalbert\/files\/2015\/06\/IMG_20150628_082301.jpg 800w, https:\/\/blocs.tinet.cat\/labicidelalbert\/files\/2015\/06\/IMG_20150628_082301-300x225.jpg 300w\" sizes=\"auto, (max-width: 800px) 100vw, 800px\" \/><\/a><br \/>\nCap a la meitat de la pujada es passa per Tor, poble sinistre des del succ\u00e9s del senyor Palanca.<br \/>\n<a href=\"https:\/\/blocs.tinet.cat\/labicidelalbert\/2015\/06\/30\/saloria-bike-3-etapes\/dsc06871\/\" rel=\"attachment wp-att-1223\"><img loading=\"lazy\" decoding=\"async\" src=\"https:\/\/blocs.tinet.cat\/labicidelalbert\/files\/2015\/06\/DSC06871.jpg\" alt=\"\" width=\"800\" height=\"600\" class=\"alignleft size-full wp-image-1223\" srcset=\"https:\/\/blocs.tinet.cat\/labicidelalbert\/files\/2015\/06\/DSC06871.jpg 800w, https:\/\/blocs.tinet.cat\/labicidelalbert\/files\/2015\/06\/DSC06871-300x225.jpg 300w\" sizes=\"auto, (max-width: 800px) 100vw, 800px\" \/><\/a><br \/>\n<a href=\"https:\/\/blocs.tinet.cat\/labicidelalbert\/2015\/06\/30\/saloria-bike-3-etapes\/img_20150628_094306\/\" rel=\"attachment wp-att-1224\"><img loading=\"lazy\" decoding=\"async\" src=\"https:\/\/blocs.tinet.cat\/labicidelalbert\/files\/2015\/06\/IMG_20150628_094306.jpg\" alt=\"\" width=\"800\" height=\"600\" class=\"alignleft size-full wp-image-1224\" srcset=\"https:\/\/blocs.tinet.cat\/labicidelalbert\/files\/2015\/06\/IMG_20150628_094306.jpg 800w, https:\/\/blocs.tinet.cat\/labicidelalbert\/files\/2015\/06\/IMG_20150628_094306-300x225.jpg 300w\" sizes=\"auto, (max-width: 800px) 100vw, 800px\" \/><\/a><br \/>\n<a href=\"https:\/\/blocs.tinet.cat\/labicidelalbert\/2015\/06\/30\/saloria-bike-3-etapes\/img_20150628_095052\/\" rel=\"attachment wp-att-1225\"><img loading=\"lazy\" decoding=\"async\" src=\"https:\/\/blocs.tinet.cat\/labicidelalbert\/files\/2015\/06\/IMG_20150628_095052.jpg\" alt=\"\" width=\"800\" height=\"600\" class=\"alignleft size-full wp-image-1225\" srcset=\"https:\/\/blocs.tinet.cat\/labicidelalbert\/files\/2015\/06\/IMG_20150628_095052.jpg 800w, https:\/\/blocs.tinet.cat\/labicidelalbert\/files\/2015\/06\/IMG_20150628_095052-300x225.jpg 300w\" sizes=\"auto, (max-width: 800px) 100vw, 800px\" \/><\/a><br \/>\n<a href=\"https:\/\/blocs.tinet.cat\/labicidelalbert\/2015\/06\/30\/saloria-bike-3-etapes\/img_20150628_102640\/\" rel=\"attachment wp-att-1226\"><img loading=\"lazy\" decoding=\"async\" src=\"https:\/\/blocs.tinet.cat\/labicidelalbert\/files\/2015\/06\/IMG_20150628_102640.jpg\" alt=\"\" width=\"800\" height=\"600\" class=\"alignleft size-full wp-image-1226\" srcset=\"https:\/\/blocs.tinet.cat\/labicidelalbert\/files\/2015\/06\/IMG_20150628_102640.jpg 800w, https:\/\/blocs.tinet.cat\/labicidelalbert\/files\/2015\/06\/IMG_20150628_102640-300x225.jpg 300w\" sizes=\"auto, (max-width: 800px) 100vw, 800px\" \/><\/a><br \/>\n<a href=\"https:\/\/blocs.tinet.cat\/labicidelalbert\/2015\/06\/30\/saloria-bike-3-etapes\/img_20150628_104553\/\" rel=\"attachment wp-att-1227\"><img loading=\"lazy\" decoding=\"async\" src=\"https:\/\/blocs.tinet.cat\/labicidelalbert\/files\/2015\/06\/IMG_20150628_104553.jpg\" alt=\"\" width=\"800\" height=\"600\" class=\"alignleft size-full wp-image-1227\" srcset=\"https:\/\/blocs.tinet.cat\/labicidelalbert\/files\/2015\/06\/IMG_20150628_104553.jpg 800w, https:\/\/blocs.tinet.cat\/labicidelalbert\/files\/2015\/06\/IMG_20150628_104553-300x225.jpg 300w\" sizes=\"auto, (max-width: 800px) 100vw, 800px\" \/><\/a><br \/>\n<a href=\"https:\/\/blocs.tinet.cat\/labicidelalbert\/2015\/06\/30\/saloria-bike-3-etapes\/img_20150628_100747\/\" rel=\"attachment wp-att-1207\"><img loading=\"lazy\" decoding=\"async\" src=\"https:\/\/blocs.tinet.cat\/labicidelalbert\/files\/2015\/06\/IMG_20150628_100747.jpg\" alt=\"\" width=\"800\" height=\"600\" class=\"alignleft size-full wp-image-1207\" srcset=\"https:\/\/blocs.tinet.cat\/labicidelalbert\/files\/2015\/06\/IMG_20150628_100747.jpg 800w, https:\/\/blocs.tinet.cat\/labicidelalbert\/files\/2015\/06\/IMG_20150628_100747-300x225.jpg 300w\" sizes=\"auto, (max-width: 800px) 100vw, 800px\" \/><\/a><br \/>\nAl fer el cim del Port de Cab\u00fas entrem a Andorra i fem uns quil\u00f2metres de baixada pel territori de parla catalana.<br \/>\n<a href=\"https:\/\/blocs.tinet.cat\/labicidelalbert\/2015\/06\/30\/saloria-bike-3-etapes\/dscn5474\/\" rel=\"attachment wp-att-1228\"><img loading=\"lazy\" decoding=\"async\" src=\"https:\/\/blocs.tinet.cat\/labicidelalbert\/files\/2015\/06\/DSCN5474.jpg\" alt=\"\" width=\"800\" height=\"600\" class=\"alignleft size-full wp-image-1228\" srcset=\"https:\/\/blocs.tinet.cat\/labicidelalbert\/files\/2015\/06\/DSCN5474.jpg 800w, https:\/\/blocs.tinet.cat\/labicidelalbert\/files\/2015\/06\/DSCN5474-300x225.jpg 300w\" sizes=\"auto, (max-width: 800px) 100vw, 800px\" \/><\/a><br \/>\nDespr\u00e9s comencem a baixar amb m\u00e9s o menys dificultats fins a \u00d3s de Civ\u00eds, on dinarem.<br \/>\n<a href=\"https:\/\/blocs.tinet.cat\/labicidelalbert\/2015\/06\/30\/saloria-bike-3-etapes\/dsc06886\/\" rel=\"attachment wp-att-1229\"><img loading=\"lazy\" decoding=\"async\" src=\"https:\/\/blocs.tinet.cat\/labicidelalbert\/files\/2015\/06\/DSC06886.jpg\" alt=\"\" width=\"600\" height=\"800\" class=\"alignleft size-full wp-image-1229\" srcset=\"https:\/\/blocs.tinet.cat\/labicidelalbert\/files\/2015\/06\/DSC06886.jpg 600w, https:\/\/blocs.tinet.cat\/labicidelalbert\/files\/2015\/06\/DSC06886-225x300.jpg 225w\" sizes=\"auto, (max-width: 600px) 100vw, 600px\" \/><\/a><br \/>\n<a href=\"https:\/\/blocs.tinet.cat\/labicidelalbert\/2015\/06\/30\/saloria-bike-3-etapes\/img_20150628_111259\/\" rel=\"attachment wp-att-1230\"><img loading=\"lazy\" decoding=\"async\" src=\"https:\/\/blocs.tinet.cat\/labicidelalbert\/files\/2015\/06\/IMG_20150628_111259.jpg\" alt=\"\" width=\"800\" height=\"600\" class=\"alignleft size-full wp-image-1230\" srcset=\"https:\/\/blocs.tinet.cat\/labicidelalbert\/files\/2015\/06\/IMG_20150628_111259.jpg 800w, https:\/\/blocs.tinet.cat\/labicidelalbert\/files\/2015\/06\/IMG_20150628_111259-300x225.jpg 300w\" sizes=\"auto, (max-width: 800px) 100vw, 800px\" \/><\/a><br \/>\n<a href=\"https:\/\/blocs.tinet.cat\/labicidelalbert\/2015\/06\/30\/saloria-bike-3-etapes\/dscn5480\/\" rel=\"attachment wp-att-1231\"><img loading=\"lazy\" decoding=\"async\" src=\"https:\/\/blocs.tinet.cat\/labicidelalbert\/files\/2015\/06\/DSCN5480.jpg\" alt=\"\" width=\"800\" height=\"600\" class=\"alignleft size-full wp-image-1231\" srcset=\"https:\/\/blocs.tinet.cat\/labicidelalbert\/files\/2015\/06\/DSCN5480.jpg 800w, https:\/\/blocs.tinet.cat\/labicidelalbert\/files\/2015\/06\/DSCN5480-300x225.jpg 300w\" sizes=\"auto, (max-width: 800px) 100vw, 800px\" \/><\/a><br \/>\n<a href=\"https:\/\/blocs.tinet.cat\/labicidelalbert\/2015\/06\/30\/saloria-bike-3-etapes\/img_20150628_115204\/\" rel=\"attachment wp-att-1232\"><img loading=\"lazy\" decoding=\"async\" src=\"https:\/\/blocs.tinet.cat\/labicidelalbert\/files\/2015\/06\/IMG_20150628_115204.jpg\" alt=\"\" width=\"800\" height=\"600\" class=\"alignleft size-full wp-image-1232\" srcset=\"https:\/\/blocs.tinet.cat\/labicidelalbert\/files\/2015\/06\/IMG_20150628_115204.jpg 800w, https:\/\/blocs.tinet.cat\/labicidelalbert\/files\/2015\/06\/IMG_20150628_115204-300x225.jpg 300w\" sizes=\"auto, (max-width: 800px) 100vw, 800px\" \/><\/a><br \/>\n<a href=\"https:\/\/blocs.tinet.cat\/labicidelalbert\/2015\/06\/30\/saloria-bike-3-etapes\/img_20150628_122120\/\" rel=\"attachment wp-att-1233\"><img loading=\"lazy\" decoding=\"async\" src=\"https:\/\/blocs.tinet.cat\/labicidelalbert\/files\/2015\/06\/IMG_20150628_122120.jpg\" alt=\"\" width=\"800\" height=\"600\" class=\"alignleft size-full wp-image-1233\" srcset=\"https:\/\/blocs.tinet.cat\/labicidelalbert\/files\/2015\/06\/IMG_20150628_122120.jpg 800w, https:\/\/blocs.tinet.cat\/labicidelalbert\/files\/2015\/06\/IMG_20150628_122120-300x225.jpg 300w\" sizes=\"auto, (max-width: 800px) 100vw, 800px\" \/><\/a><br \/>\nArribant a \u00d3s de Civ\u00eds tenim la primera i gaireb\u00e9 \u00fanica incid\u00e8ncia de les tres jornades. 2 pneum\u00e0tics tallats pel lateral. Per sort, (per\u00f2 per molta sort eh?), el Jordi Salorio est\u00e0 voltant amb el cotxe no gaire lluny i ens pot acostar les nostres bosses on hi tenim recanvis suficients.<br \/>\nDespr\u00e9s de dinar encara ens queden tres colls per pujar. El primer, el Coll de Conflent \u00e9s el m\u00e9s dur.<br \/>\n<a href=\"https:\/\/blocs.tinet.cat\/labicidelalbert\/2015\/06\/30\/saloria-bike-3-etapes\/dsc06890\/\" rel=\"attachment wp-att-1234\"><img loading=\"lazy\" decoding=\"async\" src=\"https:\/\/blocs.tinet.cat\/labicidelalbert\/files\/2015\/06\/DSC06890.jpg\" alt=\"\" width=\"800\" height=\"600\" class=\"alignleft size-full wp-image-1234\" srcset=\"https:\/\/blocs.tinet.cat\/labicidelalbert\/files\/2015\/06\/DSC06890.jpg 800w, https:\/\/blocs.tinet.cat\/labicidelalbert\/files\/2015\/06\/DSC06890-300x225.jpg 300w\" sizes=\"auto, (max-width: 800px) 100vw, 800px\" \/><\/a><br \/>\nMentre els forts s&#8217;esperen ajaguts a l&#8217;herba, jo pateixo en solitari. Encara em quedaven molts quil\u00f2metres de patiment. Aarfff !<br \/>\n<a href=\"https:\/\/blocs.tinet.cat\/labicidelalbert\/2015\/06\/30\/saloria-bike-3-etapes\/img_20150628_160512\/\" rel=\"attachment wp-att-1235\"><img loading=\"lazy\" decoding=\"async\" src=\"https:\/\/blocs.tinet.cat\/labicidelalbert\/files\/2015\/06\/IMG_20150628_160512.jpg\" alt=\"\" width=\"800\" height=\"600\" class=\"alignleft size-full wp-image-1235\" srcset=\"https:\/\/blocs.tinet.cat\/labicidelalbert\/files\/2015\/06\/IMG_20150628_160512.jpg 800w, https:\/\/blocs.tinet.cat\/labicidelalbert\/files\/2015\/06\/IMG_20150628_160512-300x225.jpg 300w\" sizes=\"auto, (max-width: 800px) 100vw, 800px\" \/><\/a><br \/>\n<a href=\"https:\/\/blocs.tinet.cat\/labicidelalbert\/2015\/06\/30\/saloria-bike-3-etapes\/img_20150628_162010\/\" rel=\"attachment wp-att-1236\"><img loading=\"lazy\" decoding=\"async\" src=\"https:\/\/blocs.tinet.cat\/labicidelalbert\/files\/2015\/06\/IMG_20150628_162010.jpg\" alt=\"\" width=\"800\" height=\"600\" class=\"alignleft size-full wp-image-1236\" srcset=\"https:\/\/blocs.tinet.cat\/labicidelalbert\/files\/2015\/06\/IMG_20150628_162010.jpg 800w, https:\/\/blocs.tinet.cat\/labicidelalbert\/files\/2015\/06\/IMG_20150628_162010-300x225.jpg 300w\" sizes=\"auto, (max-width: 800px) 100vw, 800px\" \/><\/a><br \/>\nAcabem arribant a Castellb\u00f2. Tornen a caure unes quantes cerveses.<br \/>\n<a href=\"https:\/\/blocs.tinet.cat\/labicidelalbert\/2015\/06\/30\/saloria-bike-3-etapes\/dscn5512\/\" rel=\"attachment wp-att-1237\"><img loading=\"lazy\" decoding=\"async\" src=\"https:\/\/blocs.tinet.cat\/labicidelalbert\/files\/2015\/06\/DSCN5512.jpg\" alt=\"\" width=\"800\" height=\"600\" class=\"alignleft size-full wp-image-1237\" srcset=\"https:\/\/blocs.tinet.cat\/labicidelalbert\/files\/2015\/06\/DSCN5512.jpg 800w, https:\/\/blocs.tinet.cat\/labicidelalbert\/files\/2015\/06\/DSCN5512-300x225.jpg 300w\" sizes=\"auto, (max-width: 800px) 100vw, 800px\" \/><\/a><br \/>\nEl sopar a la Fonda Cal Llu\u00eds \u00e9s senzillet, per\u00f2 la Dolors i la Maria hi posen la simpatia.<br \/>\n<a href=\"https:\/\/blocs.tinet.cat\/labicidelalbert\/2015\/06\/30\/saloria-bike-3-etapes\/img_20150628_212157\/\" rel=\"attachment wp-att-1238\"><img loading=\"lazy\" decoding=\"async\" src=\"https:\/\/blocs.tinet.cat\/labicidelalbert\/files\/2015\/06\/IMG_20150628_212157.jpg\" alt=\"\" width=\"800\" height=\"600\" class=\"alignleft size-full wp-image-1238\" srcset=\"https:\/\/blocs.tinet.cat\/labicidelalbert\/files\/2015\/06\/IMG_20150628_212157.jpg 800w, https:\/\/blocs.tinet.cat\/labicidelalbert\/files\/2015\/06\/IMG_20150628_212157-300x225.jpg 300w\" sizes=\"auto, (max-width: 800px) 100vw, 800px\" \/><\/a><\/p>\n<p><strong>ETAPA 3. Dilluns 29 juny.<\/strong><br \/>\nLa tercera i \u00faltima etapa sembla f\u00e0cil. S\u00f3n 45 km i un desnivell acumulat per sota dels 2.000 m. Per\u00f2 resulta que les cames (i la ment) ja porten dos dies d&#8217;esfor\u00e7 i al tercer dia l&#8217;ACUMULAT t&#8217;acaba passant factura.<br \/>\n<a href=\"https:\/\/blocs.tinet.cat\/labicidelalbert\/2015\/06\/30\/saloria-bike-3-etapes\/img_20150629_071359\/\" rel=\"attachment wp-att-1212\"><img loading=\"lazy\" decoding=\"async\" src=\"https:\/\/blocs.tinet.cat\/labicidelalbert\/files\/2015\/06\/IMG_20150629_071359.jpg\" alt=\"\" width=\"800\" height=\"600\" class=\"alignleft size-full wp-image-1212\" srcset=\"https:\/\/blocs.tinet.cat\/labicidelalbert\/files\/2015\/06\/IMG_20150629_071359.jpg 800w, https:\/\/blocs.tinet.cat\/labicidelalbert\/files\/2015\/06\/IMG_20150629_071359-300x225.jpg 300w\" sizes=\"auto, (max-width: 800px) 100vw, 800px\" \/><\/a><br \/>\nJo em quedo per darrere, al meu ritme, i fins i tot em trobo animalons que m&#8217;acompanyen.<br \/>\n<a href=\"https:\/\/blocs.tinet.cat\/labicidelalbert\/2015\/06\/30\/saloria-bike-3-etapes\/img_20150629_084749\/\" rel=\"attachment wp-att-1213\"><img loading=\"lazy\" decoding=\"async\" src=\"https:\/\/blocs.tinet.cat\/labicidelalbert\/files\/2015\/06\/IMG_20150629_084749.jpg\" alt=\"\" width=\"800\" height=\"600\" class=\"alignleft size-full wp-image-1213\" srcset=\"https:\/\/blocs.tinet.cat\/labicidelalbert\/files\/2015\/06\/IMG_20150629_084749.jpg 800w, https:\/\/blocs.tinet.cat\/labicidelalbert\/files\/2015\/06\/IMG_20150629_084749-300x225.jpg 300w\" sizes=\"auto, (max-width: 800px) 100vw, 800px\" \/><\/a><br \/>\n<a href=\"https:\/\/blocs.tinet.cat\/labicidelalbert\/2015\/06\/30\/saloria-bike-3-etapes\/dscn5534\/\" rel=\"attachment wp-att-1214\"><img loading=\"lazy\" decoding=\"async\" src=\"https:\/\/blocs.tinet.cat\/labicidelalbert\/files\/2015\/06\/DSCN5534.jpg\" alt=\"\" width=\"800\" height=\"600\" class=\"alignleft size-full wp-image-1214\" srcset=\"https:\/\/blocs.tinet.cat\/labicidelalbert\/files\/2015\/06\/DSCN5534.jpg 800w, https:\/\/blocs.tinet.cat\/labicidelalbert\/files\/2015\/06\/DSCN5534-300x225.jpg 300w\" sizes=\"auto, (max-width: 800px) 100vw, 800px\" \/><\/a><br \/>\n<a href=\"https:\/\/blocs.tinet.cat\/labicidelalbert\/2015\/06\/30\/saloria-bike-3-etapes\/img_20150629_094442\/\" rel=\"attachment wp-att-1215\"><img loading=\"lazy\" decoding=\"async\" src=\"https:\/\/blocs.tinet.cat\/labicidelalbert\/files\/2015\/06\/IMG_20150629_094442.jpg\" alt=\"\" width=\"800\" height=\"600\" class=\"alignleft size-full wp-image-1215\" srcset=\"https:\/\/blocs.tinet.cat\/labicidelalbert\/files\/2015\/06\/IMG_20150629_094442.jpg 800w, https:\/\/blocs.tinet.cat\/labicidelalbert\/files\/2015\/06\/IMG_20150629_094442-300x225.jpg 300w\" sizes=\"auto, (max-width: 800px) 100vw, 800px\" \/><\/a><br \/>\nCrec que aquesta \u00e9s la imatge que suposa el resum de la MEVA tercera etapa. Derrota total !!<br \/>\n<a href=\"https:\/\/blocs.tinet.cat\/labicidelalbert\/2015\/06\/30\/saloria-bike-3-etapes\/dsc06916\/\" rel=\"attachment wp-att-1216\"><img loading=\"lazy\" decoding=\"async\" src=\"https:\/\/blocs.tinet.cat\/labicidelalbert\/files\/2015\/06\/DSC06916.jpg\" alt=\"\" width=\"600\" height=\"800\" class=\"alignleft size-full wp-image-1216\" srcset=\"https:\/\/blocs.tinet.cat\/labicidelalbert\/files\/2015\/06\/DSC06916.jpg 600w, https:\/\/blocs.tinet.cat\/labicidelalbert\/files\/2015\/06\/DSC06916-225x300.jpg 225w\" sizes=\"auto, (max-width: 600px) 100vw, 600px\" \/><\/a><br \/>\nPer\u00f2 acabem arribant a Sant Joan de l&#8217;Erm. Els GPS indiquen que hem assolit els 200 km i m\u00e9s de 6.000 m de desnivell positiu.<br \/>\n<a href=\"https:\/\/blocs.tinet.cat\/labicidelalbert\/2015\/06\/30\/saloria-bike-3-etapes\/dscn5564\/\" rel=\"attachment wp-att-1217\"><img loading=\"lazy\" decoding=\"async\" src=\"https:\/\/blocs.tinet.cat\/labicidelalbert\/files\/2015\/06\/DSCN5564.jpg\" alt=\"\" width=\"800\" height=\"600\" class=\"alignleft size-full wp-image-1217\" srcset=\"https:\/\/blocs.tinet.cat\/labicidelalbert\/files\/2015\/06\/DSCN5564.jpg 800w, https:\/\/blocs.tinet.cat\/labicidelalbert\/files\/2015\/06\/DSCN5564-300x225.jpg 300w\" sizes=\"auto, (max-width: 800px) 100vw, 800px\" \/><\/a><br \/>\n<a href=\"https:\/\/blocs.tinet.cat\/labicidelalbert\/2015\/06\/30\/saloria-bike-3-etapes\/img_20150629_134614\/\" rel=\"attachment wp-att-1219\"><img loading=\"lazy\" decoding=\"async\" src=\"https:\/\/blocs.tinet.cat\/labicidelalbert\/files\/2015\/06\/IMG_20150629_134614.jpg\" alt=\"\" width=\"800\" height=\"600\" class=\"alignleft size-full wp-image-1219\" srcset=\"https:\/\/blocs.tinet.cat\/labicidelalbert\/files\/2015\/06\/IMG_20150629_134614.jpg 800w, https:\/\/blocs.tinet.cat\/labicidelalbert\/files\/2015\/06\/IMG_20150629_134614-300x225.jpg 300w\" sizes=\"auto, (max-width: 800px) 100vw, 800px\" \/><\/a><br \/>\n<a href=\"https:\/\/blocs.tinet.cat\/labicidelalbert\/2015\/06\/30\/saloria-bike-3-etapes\/dscn5568\/\" rel=\"attachment wp-att-1218\"><img loading=\"lazy\" decoding=\"async\" src=\"https:\/\/blocs.tinet.cat\/labicidelalbert\/files\/2015\/06\/DSCN5568.jpg\" alt=\"\" width=\"800\" height=\"600\" class=\"alignleft size-full wp-image-1218\" srcset=\"https:\/\/blocs.tinet.cat\/labicidelalbert\/files\/2015\/06\/DSCN5568.jpg 800w, https:\/\/blocs.tinet.cat\/labicidelalbert\/files\/2015\/06\/DSCN5568-300x225.jpg 300w\" sizes=\"auto, (max-width: 800px) 100vw, 800px\" \/><\/a><br \/>\nDinem un altre cop a ca la Dolors de Castellb\u00f2.<br \/>\n<a href=\"https:\/\/blocs.tinet.cat\/labicidelalbert\/2015\/06\/30\/saloria-bike-3-etapes\/dscn5572\/\" rel=\"attachment wp-att-1220\"><img loading=\"lazy\" decoding=\"async\" src=\"https:\/\/blocs.tinet.cat\/labicidelalbert\/files\/2015\/06\/DSCN5572.jpg\" alt=\"\" width=\"800\" height=\"600\" class=\"alignleft size-full wp-image-1220\" srcset=\"https:\/\/blocs.tinet.cat\/labicidelalbert\/files\/2015\/06\/DSCN5572.jpg 800w, https:\/\/blocs.tinet.cat\/labicidelalbert\/files\/2015\/06\/DSCN5572-300x225.jpg 300w\" sizes=\"auto, (max-width: 800px) 100vw, 800px\" \/><\/a><br \/>\n<a href=\"https:\/\/blocs.tinet.cat\/labicidelalbert\/2015\/06\/30\/saloria-bike-3-etapes\/img_20150629_155759\/\" rel=\"attachment wp-att-1206\"><img loading=\"lazy\" decoding=\"async\" src=\"https:\/\/blocs.tinet.cat\/labicidelalbert\/files\/2015\/06\/IMG_20150629_155759.jpg\" alt=\"\" width=\"800\" height=\"600\" class=\"alignleft size-full wp-image-1206\" srcset=\"https:\/\/blocs.tinet.cat\/labicidelalbert\/files\/2015\/06\/IMG_20150629_155759.jpg 800w, https:\/\/blocs.tinet.cat\/labicidelalbert\/files\/2015\/06\/IMG_20150629_155759-300x225.jpg 300w\" sizes=\"auto, (max-width: 800px) 100vw, 800px\" \/><\/a><\/p>\n<p>Podeu veure el <a href=\"http:\/\/ca.wikiloc.com\/wikiloc\/view.do?id=10094024\">track a wikiloc<\/a><\/p>\n","protected":false},"excerpt":{"rendered":"<p>A Sant Joan de l&#8217;Erm \u00e9s on comen\u00e7a la Saloria Bike Trail, ruta de 3 etapes pels Pirineus amb tot el que aix\u00f2 comporta. Moltes pujades, molta natura, molta calor, molta diversi\u00f3. ETAPA 1. Dissabte 27 juny. De bon mat\u00ed &hellip; <a href=\"https:\/\/blocs.tinet.cat\/labicidelalbert\/2015\/06\/30\/saloria-bike-3-etapes\/\">Continua llegint <span class=\"meta-nav\">&rarr;<\/span><\/a><\/p>\n","protected":false},"author":54,"featured_media":0,"comment_status":"open","ping_status":"open","sticky":false,"template":"","format":"standard","meta":{"footnotes":""},"categories":[1],"tags":[],"class_list":["post-1205","post","type-post","status-publish","format-standard","hentry","category-general"],"_links":{"self":[{"href":"https:\/\/blocs.tinet.cat\/labicidelalbert\/wp-json\/wp\/v2\/posts\/1205","targetHints":{"allow":["GET"]}}],"collection":[{"href":"https:\/\/blocs.tinet.cat\/labicidelalbert\/wp-json\/wp\/v2\/posts"}],"about":[{"href":"https:\/\/blocs.tinet.cat\/labicidelalbert\/wp-json\/wp\/v2\/types\/post"}],"author":[{"embeddable":true,"href":"https:\/\/blocs.tinet.cat\/labicidelalbert\/wp-json\/wp\/v2\/users\/54"}],"replies":[{"embeddable":true,"href":"https:\/\/blocs.tinet.cat\/labicidelalbert\/wp-json\/wp\/v2\/comments?post=1205"}],"version-history":[{"count":0,"href":"https:\/\/blocs.tinet.cat\/labicidelalbert\/wp-json\/wp\/v2\/posts\/1205\/revisions"}],"wp:attachment":[{"href":"https:\/\/blocs.tinet.cat\/labicidelalbert\/wp-json\/wp\/v2\/media?parent=1205"}],"wp:term":[{"taxonomy":"category","embeddable":true,"href":"https:\/\/blocs.tinet.cat\/labicidelalbert\/wp-json\/wp\/v2\/categories?post=1205"},{"taxonomy":"post_tag","embeddable":true,"href":"https:\/\/blocs.tinet.cat\/labicidelalbert\/wp-json\/wp\/v2\/tags?post=1205"}],"curies":[{"name":"wp","href":"https:\/\/api.w.org\/{rel}","templated":true}]}}