{"id":1200,"date":"2015-06-21T19:22:27","date_gmt":"2015-06-21T18:22:27","guid":{"rendered":"https:\/\/blocs.tinet.cat\/labicidelalbert\/?p=1200"},"modified":"2015-06-21T19:22:27","modified_gmt":"2015-06-21T18:22:27","slug":"festa-de-la-bicicleta-2015","status":"publish","type":"post","link":"https:\/\/blocs.tinet.cat\/labicidelalbert\/2015\/06\/21\/festa-de-la-bicicleta-2015\/","title":{"rendered":"Festa de la Bicicleta 2015"},"content":{"rendered":"<p>Un any m\u00e9s, una festa de la bicicleta m\u00e9s.<br \/>\nEvidentment, \u00e9s el dia dels nens i nenes, dels forts i els no tant forts. Per\u00f2 tothom acaba completant el recorregut amb una rialla.<br \/>\n<a href=\"https:\/\/blocs.tinet.cat\/labicidelalbert\/2015\/06\/21\/festa-de-la-bicicleta-2015\/img_20150621_095628\/\" rel=\"attachment wp-att-1201\"><img loading=\"lazy\" decoding=\"async\" src=\"https:\/\/blocs.tinet.cat\/labicidelalbert\/files\/2015\/06\/IMG_20150621_095628.jpg\" alt=\"\" width=\"800\" height=\"600\" class=\"alignleft size-full wp-image-1201\" srcset=\"https:\/\/blocs.tinet.cat\/labicidelalbert\/files\/2015\/06\/IMG_20150621_095628.jpg 800w, https:\/\/blocs.tinet.cat\/labicidelalbert\/files\/2015\/06\/IMG_20150621_095628-300x225.jpg 300w\" sizes=\"auto, (max-width: 800px) 100vw, 800px\" \/><\/a><br \/>\n<a href=\"https:\/\/blocs.tinet.cat\/labicidelalbert\/2015\/06\/21\/festa-de-la-bicicleta-2015\/img_20150621_111951\/\" rel=\"attachment wp-att-1202\"><img loading=\"lazy\" decoding=\"async\" src=\"https:\/\/blocs.tinet.cat\/labicidelalbert\/files\/2015\/06\/IMG_20150621_111951.jpg\" alt=\"\" width=\"800\" height=\"600\" class=\"alignleft size-full wp-image-1202\" srcset=\"https:\/\/blocs.tinet.cat\/labicidelalbert\/files\/2015\/06\/IMG_20150621_111951.jpg 800w, https:\/\/blocs.tinet.cat\/labicidelalbert\/files\/2015\/06\/IMG_20150621_111951-300x225.jpg 300w\" sizes=\"auto, (max-width: 800px) 100vw, 800px\" \/><\/a><br \/>\n<a href=\"https:\/\/blocs.tinet.cat\/labicidelalbert\/2015\/06\/21\/festa-de-la-bicicleta-2015\/img_20150621_122201\/\" rel=\"attachment wp-att-1203\"><img loading=\"lazy\" decoding=\"async\" src=\"https:\/\/blocs.tinet.cat\/labicidelalbert\/files\/2015\/06\/IMG_20150621_122201.jpg\" alt=\"\" width=\"800\" height=\"600\" class=\"alignleft size-full wp-image-1203\" srcset=\"https:\/\/blocs.tinet.cat\/labicidelalbert\/files\/2015\/06\/IMG_20150621_122201.jpg 800w, https:\/\/blocs.tinet.cat\/labicidelalbert\/files\/2015\/06\/IMG_20150621_122201-300x225.jpg 300w\" sizes=\"auto, (max-width: 800px) 100vw, 800px\" \/><\/a><\/p>\n","protected":false},"excerpt":{"rendered":"<p>Un any m\u00e9s, una festa de la bicicleta m\u00e9s. Evidentment, \u00e9s el dia dels nens i nenes, dels forts i els no tant forts. Per\u00f2 tothom acaba completant el recorregut amb una rialla.<\/p>\n","protected":false},"author":54,"featured_media":0,"comment_status":"open","ping_status":"open","sticky":false,"template":"","format":"standard","meta":{"footnotes":""},"categories":[1],"tags":[],"class_list":["post-1200","post","type-post","status-publish","format-standard","hentry","category-general"],"_links":{"self":[{"href":"https:\/\/blocs.tinet.cat\/labicidelalbert\/wp-json\/wp\/v2\/posts\/1200","targetHints":{"allow":["GET"]}}],"collection":[{"href":"https:\/\/blocs.tinet.cat\/labicidelalbert\/wp-json\/wp\/v2\/posts"}],"about":[{"href":"https:\/\/blocs.tinet.cat\/labicidelalbert\/wp-json\/wp\/v2\/types\/post"}],"author":[{"embeddable":true,"href":"https:\/\/blocs.tinet.cat\/labicidelalbert\/wp-json\/wp\/v2\/users\/54"}],"replies":[{"embeddable":true,"href":"https:\/\/blocs.tinet.cat\/labicidelalbert\/wp-json\/wp\/v2\/comments?post=1200"}],"version-history":[{"count":0,"href":"https:\/\/blocs.tinet.cat\/labicidelalbert\/wp-json\/wp\/v2\/posts\/1200\/revisions"}],"wp:attachment":[{"href":"https:\/\/blocs.tinet.cat\/labicidelalbert\/wp-json\/wp\/v2\/media?parent=1200"}],"wp:term":[{"taxonomy":"category","embeddable":true,"href":"https:\/\/blocs.tinet.cat\/labicidelalbert\/wp-json\/wp\/v2\/categories?post=1200"},{"taxonomy":"post_tag","embeddable":true,"href":"https:\/\/blocs.tinet.cat\/labicidelalbert\/wp-json\/wp\/v2\/tags?post=1200"}],"curies":[{"name":"wp","href":"https:\/\/api.w.org\/{rel}","templated":true}]}}