{"id":1185,"date":"2015-06-07T19:01:59","date_gmt":"2015-06-07T18:01:59","guid":{"rendered":"https:\/\/blocs.tinet.cat\/labicidelalbert\/?p=1185"},"modified":"2015-06-07T19:05:06","modified_gmt":"2015-06-07T18:05:06","slug":"crono-btt-teixeta-2015","status":"publish","type":"post","link":"https:\/\/blocs.tinet.cat\/labicidelalbert\/2015\/06\/07\/crono-btt-teixeta-2015\/","title":{"rendered":"Crono BTT Teixeta 2015"},"content":{"rendered":"<p>Aquest any el n\u00famero d&#8217;inscrits feia pena. Nom\u00e9s 14 bikers interessats en medir-se contra el crono. A veure si l&#8217;any vinent posem una prima o un al\u00b7licient que faci tornar la participaci\u00f3. Ja ho veurem.<br \/>\n<a href=\"https:\/\/blocs.tinet.cat\/labicidelalbert\/2015\/06\/07\/crono-btt-teixeta-2015\/img_20150607_085654\/\" rel=\"attachment wp-att-1186\"><img loading=\"lazy\" decoding=\"async\" src=\"https:\/\/blocs.tinet.cat\/labicidelalbert\/files\/2015\/06\/IMG_20150607_085654.jpg\" alt=\"\" width=\"800\" height=\"600\" class=\"alignleft size-full wp-image-1186\" srcset=\"https:\/\/blocs.tinet.cat\/labicidelalbert\/files\/2015\/06\/IMG_20150607_085654.jpg 800w, https:\/\/blocs.tinet.cat\/labicidelalbert\/files\/2015\/06\/IMG_20150607_085654-300x225.jpg 300w\" sizes=\"auto, (max-width: 800px) 100vw, 800px\" \/><\/a><br \/>\nHem pujat tots en grup i a bon ritme per ser a la l\u00ednia de sortida a l&#8217;hora prevista.<br \/>\nI un cop a l&#8217;Argentera comencen els preparatius de cronometres, l\u00ednia de sortida,&#8230;<br \/>\n<a href=\"https:\/\/blocs.tinet.cat\/labicidelalbert\/2015\/06\/07\/crono-btt-teixeta-2015\/img_20150607_094027\/\" rel=\"attachment wp-att-1187\"><img loading=\"lazy\" decoding=\"async\" src=\"https:\/\/blocs.tinet.cat\/labicidelalbert\/files\/2015\/06\/IMG_20150607_094027.jpg\" alt=\"\" width=\"800\" height=\"600\" class=\"alignleft size-full wp-image-1187\" srcset=\"https:\/\/blocs.tinet.cat\/labicidelalbert\/files\/2015\/06\/IMG_20150607_094027.jpg 800w, https:\/\/blocs.tinet.cat\/labicidelalbert\/files\/2015\/06\/IMG_20150607_094027-300x225.jpg 300w\" sizes=\"auto, (max-width: 800px) 100vw, 800px\" \/><\/a><br \/>\nTot \u00e9s tecnologia punta.<br \/>\n<a href=\"https:\/\/blocs.tinet.cat\/labicidelalbert\/2015\/06\/07\/crono-btt-teixeta-2015\/img_20150607_094206\/\" rel=\"attachment wp-att-1188\"><img loading=\"lazy\" decoding=\"async\" src=\"https:\/\/blocs.tinet.cat\/labicidelalbert\/files\/2015\/06\/IMG_20150607_094206.jpg\" alt=\"\" width=\"800\" height=\"600\" class=\"alignleft size-full wp-image-1188\" srcset=\"https:\/\/blocs.tinet.cat\/labicidelalbert\/files\/2015\/06\/IMG_20150607_094206.jpg 800w, https:\/\/blocs.tinet.cat\/labicidelalbert\/files\/2015\/06\/IMG_20150607_094206-300x225.jpg 300w\" sizes=\"auto, (max-width: 800px) 100vw, 800px\" \/><\/a><br \/>\nFeia bona temperatura, el cam\u00ed estava m\u00e9s net que mai, la bici ha funcionat b\u00e9, i tot i aix\u00ed he fet un temps deplorable. Potser que la culpa sigui de la panxa que he d&#8217;arrossegar. No s\u00e9.<br \/>\n<a href=\"https:\/\/blocs.tinet.cat\/labicidelalbert\/2015\/06\/07\/crono-btt-teixeta-2015\/r389-g256-b256-ei382-et00482-eg000\/\" rel=\"attachment wp-att-1194\"><img loading=\"lazy\" decoding=\"async\" src=\"https:\/\/blocs.tinet.cat\/labicidelalbert\/files\/2015\/06\/IMG_20150607_110001.jpg\" alt=\"\" width=\"800\" height=\"600\" class=\"alignleft size-full wp-image-1194\" srcset=\"https:\/\/blocs.tinet.cat\/labicidelalbert\/files\/2015\/06\/IMG_20150607_110001.jpg 800w, https:\/\/blocs.tinet.cat\/labicidelalbert\/files\/2015\/06\/IMG_20150607_110001-300x225.jpg 300w\" sizes=\"auto, (max-width: 800px) 100vw, 800px\" \/><\/a><br \/>\n<a href=\"https:\/\/blocs.tinet.cat\/labicidelalbert\/2015\/06\/07\/crono-btt-teixeta-2015\/img_20150607_102534\/\" rel=\"attachment wp-att-1189\"><img loading=\"lazy\" decoding=\"async\" src=\"https:\/\/blocs.tinet.cat\/labicidelalbert\/files\/2015\/06\/IMG_20150607_102534.jpg\" alt=\"\" width=\"800\" height=\"600\" class=\"alignleft size-full wp-image-1189\" srcset=\"https:\/\/blocs.tinet.cat\/labicidelalbert\/files\/2015\/06\/IMG_20150607_102534.jpg 800w, https:\/\/blocs.tinet.cat\/labicidelalbert\/files\/2015\/06\/IMG_20150607_102534-300x225.jpg 300w\" sizes=\"auto, (max-width: 800px) 100vw, 800px\" \/><\/a><br \/>\nEl podium final demostra que l&#8217;edat \u00e9s un grau.<br \/>\n<a href=\"https:\/\/blocs.tinet.cat\/labicidelalbert\/2015\/06\/07\/crono-btt-teixeta-2015\/img_20150607_102902\/\" rel=\"attachment wp-att-1190\"><img loading=\"lazy\" decoding=\"async\" src=\"https:\/\/blocs.tinet.cat\/labicidelalbert\/files\/2015\/06\/IMG_20150607_102902.jpg\" alt=\"\" width=\"800\" height=\"600\" class=\"alignleft size-full wp-image-1190\" srcset=\"https:\/\/blocs.tinet.cat\/labicidelalbert\/files\/2015\/06\/IMG_20150607_102902.jpg 800w, https:\/\/blocs.tinet.cat\/labicidelalbert\/files\/2015\/06\/IMG_20150607_102902-300x225.jpg 300w\" sizes=\"auto, (max-width: 800px) 100vw, 800px\" \/><\/a><br \/>\nI de baixada cap al pant\u00e0 per fer un refrigeri hem descobert una plataforma que estan muntant dins l&#8217;aigua.<br \/>\n<a href=\"https:\/\/blocs.tinet.cat\/labicidelalbert\/2015\/06\/07\/crono-btt-teixeta-2015\/img_20150607_110656\/\" rel=\"attachment wp-att-1191\"><img loading=\"lazy\" decoding=\"async\" src=\"https:\/\/blocs.tinet.cat\/labicidelalbert\/files\/2015\/06\/IMG_20150607_110656.jpg\" alt=\"\" width=\"800\" height=\"600\" class=\"alignleft size-full wp-image-1191\" srcset=\"https:\/\/blocs.tinet.cat\/labicidelalbert\/files\/2015\/06\/IMG_20150607_110656.jpg 800w, https:\/\/blocs.tinet.cat\/labicidelalbert\/files\/2015\/06\/IMG_20150607_110656-300x225.jpg 300w\" sizes=\"auto, (max-width: 800px) 100vw, 800px\" \/><\/a><br \/>\nAl bar recuperem forces amb una cervesa ben guanyada.<br \/>\n<a href=\"https:\/\/blocs.tinet.cat\/labicidelalbert\/2015\/06\/07\/crono-btt-teixeta-2015\/img_20150607_111116\/\" rel=\"attachment wp-att-1192\"><img loading=\"lazy\" decoding=\"async\" src=\"https:\/\/blocs.tinet.cat\/labicidelalbert\/files\/2015\/06\/IMG_20150607_111116.jpg\" alt=\"\" width=\"800\" height=\"600\" class=\"alignleft size-full wp-image-1192\" srcset=\"https:\/\/blocs.tinet.cat\/labicidelalbert\/files\/2015\/06\/IMG_20150607_111116.jpg 800w, https:\/\/blocs.tinet.cat\/labicidelalbert\/files\/2015\/06\/IMG_20150607_111116-300x225.jpg 300w\" sizes=\"auto, (max-width: 800px) 100vw, 800px\" \/><\/a><\/p>\n","protected":false},"excerpt":{"rendered":"<p>Aquest any el n\u00famero d&#8217;inscrits feia pena. Nom\u00e9s 14 bikers interessats en medir-se contra el crono. A veure si l&#8217;any vinent posem una prima o un al\u00b7licient que faci tornar la participaci\u00f3. Ja ho veurem. Hem pujat tots en grup &hellip; <a href=\"https:\/\/blocs.tinet.cat\/labicidelalbert\/2015\/06\/07\/crono-btt-teixeta-2015\/\">Continua llegint <span class=\"meta-nav\">&rarr;<\/span><\/a><\/p>\n","protected":false},"author":54,"featured_media":0,"comment_status":"open","ping_status":"open","sticky":false,"template":"","format":"standard","meta":{"footnotes":""},"categories":[1],"tags":[],"class_list":["post-1185","post","type-post","status-publish","format-standard","hentry","category-general"],"_links":{"self":[{"href":"https:\/\/blocs.tinet.cat\/labicidelalbert\/wp-json\/wp\/v2\/posts\/1185","targetHints":{"allow":["GET"]}}],"collection":[{"href":"https:\/\/blocs.tinet.cat\/labicidelalbert\/wp-json\/wp\/v2\/posts"}],"about":[{"href":"https:\/\/blocs.tinet.cat\/labicidelalbert\/wp-json\/wp\/v2\/types\/post"}],"author":[{"embeddable":true,"href":"https:\/\/blocs.tinet.cat\/labicidelalbert\/wp-json\/wp\/v2\/users\/54"}],"replies":[{"embeddable":true,"href":"https:\/\/blocs.tinet.cat\/labicidelalbert\/wp-json\/wp\/v2\/comments?post=1185"}],"version-history":[{"count":0,"href":"https:\/\/blocs.tinet.cat\/labicidelalbert\/wp-json\/wp\/v2\/posts\/1185\/revisions"}],"wp:attachment":[{"href":"https:\/\/blocs.tinet.cat\/labicidelalbert\/wp-json\/wp\/v2\/media?parent=1185"}],"wp:term":[{"taxonomy":"category","embeddable":true,"href":"https:\/\/blocs.tinet.cat\/labicidelalbert\/wp-json\/wp\/v2\/categories?post=1185"},{"taxonomy":"post_tag","embeddable":true,"href":"https:\/\/blocs.tinet.cat\/labicidelalbert\/wp-json\/wp\/v2\/tags?post=1185"}],"curies":[{"name":"wp","href":"https:\/\/api.w.org\/{rel}","templated":true}]}}