{"id":1154,"date":"2015-05-17T09:19:37","date_gmt":"2015-05-17T08:19:37","guid":{"rendered":"https:\/\/blocs.tinet.cat\/labicidelalbert\/?p=1154"},"modified":"2015-05-19T20:23:43","modified_gmt":"2015-05-19T19:23:43","slug":"ruta-del-cister-2","status":"publish","type":"post","link":"https:\/\/blocs.tinet.cat\/labicidelalbert\/2015\/05\/17\/ruta-del-cister-2\/","title":{"rendered":"Ruta del C\u00edster"},"content":{"rendered":"<p>Dissabte 16 de maig a les 7 del mat\u00ed ja erem a Montblanc per iniciar la llarga ruta del C\u00edster. Ens tocava fer 110 km amb m\u00e9s de 2.400 m de desnivell positiu.<br \/>\nEl primer selfie al portal de la muralla de Montblanc, encara est\u00e0vem frescos.<br \/>\n<a href=\"https:\/\/blocs.tinet.cat\/labicidelalbert\/2015\/05\/17\/ruta-del-cister-2\/img_20150516_072814\/\" rel=\"attachment wp-att-1155\"><img loading=\"lazy\" decoding=\"async\" src=\"https:\/\/blocs.tinet.cat\/labicidelalbert\/files\/2015\/05\/IMG_20150516_072814.jpg\" alt=\"\" width=\"800\" height=\"600\" class=\"alignleft size-full wp-image-1155\" srcset=\"https:\/\/blocs.tinet.cat\/labicidelalbert\/files\/2015\/05\/IMG_20150516_072814.jpg 800w, https:\/\/blocs.tinet.cat\/labicidelalbert\/files\/2015\/05\/IMG_20150516_072814-300x225.jpg 300w\" sizes=\"auto, (max-width: 800px) 100vw, 800px\" \/><\/a><br \/>\nAl cap de pocs quil\u00f2metres s&#8217;arriba a Poblet<br \/>\n<a href=\"https:\/\/blocs.tinet.cat\/labicidelalbert\/2015\/05\/17\/ruta-del-cister-2\/img_20150516_081158\/\" rel=\"attachment wp-att-1156\"><img loading=\"lazy\" decoding=\"async\" src=\"https:\/\/blocs.tinet.cat\/labicidelalbert\/files\/2015\/05\/IMG_20150516_081158.jpg\" alt=\"\" width=\"800\" height=\"600\" class=\"alignleft size-full wp-image-1156\" srcset=\"https:\/\/blocs.tinet.cat\/labicidelalbert\/files\/2015\/05\/IMG_20150516_081158.jpg 800w, https:\/\/blocs.tinet.cat\/labicidelalbert\/files\/2015\/05\/IMG_20150516_081158-300x225.jpg 300w\" sizes=\"auto, (max-width: 800px) 100vw, 800px\" \/><\/a><br \/>\nEn aquesta \u00e8poca de l&#8217;any els camps de cereals ja estan espigats i a pocs dies de ser segats<br \/>\n<a href=\"https:\/\/blocs.tinet.cat\/labicidelalbert\/2015\/05\/17\/ruta-del-cister-2\/img_20150516_090508\/\" rel=\"attachment wp-att-1157\"><img loading=\"lazy\" decoding=\"async\" src=\"https:\/\/blocs.tinet.cat\/labicidelalbert\/files\/2015\/05\/IMG_20150516_090508.jpg\" alt=\"\" width=\"800\" height=\"600\" class=\"alignleft size-full wp-image-1157\" srcset=\"https:\/\/blocs.tinet.cat\/labicidelalbert\/files\/2015\/05\/IMG_20150516_090508.jpg 800w, https:\/\/blocs.tinet.cat\/labicidelalbert\/files\/2015\/05\/IMG_20150516_090508-300x225.jpg 300w\" sizes=\"auto, (max-width: 800px) 100vw, 800px\" \/><\/a><br \/>\n<a href=\"https:\/\/blocs.tinet.cat\/labicidelalbert\/2015\/05\/17\/ruta-del-cister-2\/img_20150516_090603\/\" rel=\"attachment wp-att-1158\"><img loading=\"lazy\" decoding=\"async\" src=\"https:\/\/blocs.tinet.cat\/labicidelalbert\/files\/2015\/05\/IMG_20150516_090603.jpg\" alt=\"\" width=\"800\" height=\"600\" class=\"alignleft size-full wp-image-1158\" srcset=\"https:\/\/blocs.tinet.cat\/labicidelalbert\/files\/2015\/05\/IMG_20150516_090603.jpg 800w, https:\/\/blocs.tinet.cat\/labicidelalbert\/files\/2015\/05\/IMG_20150516_090603-300x225.jpg 300w\" sizes=\"auto, (max-width: 800px) 100vw, 800px\" \/><\/a><br \/>\nI cap al quil\u00f2metre 30-32 arribem al segon monestir de la ruta: Vallbona de les Monges<br \/>\n<a href=\"https:\/\/blocs.tinet.cat\/labicidelalbert\/2015\/05\/17\/ruta-del-cister-2\/img_20150516_094502\/\" rel=\"attachment wp-att-1159\"><img loading=\"lazy\" decoding=\"async\" src=\"https:\/\/blocs.tinet.cat\/labicidelalbert\/files\/2015\/05\/IMG_20150516_094502.jpg\" alt=\"\" width=\"800\" height=\"600\" class=\"alignleft size-full wp-image-1159\" srcset=\"https:\/\/blocs.tinet.cat\/labicidelalbert\/files\/2015\/05\/IMG_20150516_094502.jpg 800w, https:\/\/blocs.tinet.cat\/labicidelalbert\/files\/2015\/05\/IMG_20150516_094502-300x225.jpg 300w\" sizes=\"auto, (max-width: 800px) 100vw, 800px\" \/><\/a><br \/>\n<a href=\"https:\/\/blocs.tinet.cat\/labicidelalbert\/2015\/05\/17\/ruta-del-cister-2\/img_20150516_095252\/\" rel=\"attachment wp-att-1161\"><img loading=\"lazy\" decoding=\"async\" src=\"https:\/\/blocs.tinet.cat\/labicidelalbert\/files\/2015\/05\/IMG_20150516_095252.jpg\" alt=\"\" width=\"800\" height=\"600\" class=\"alignleft size-full wp-image-1161\" srcset=\"https:\/\/blocs.tinet.cat\/labicidelalbert\/files\/2015\/05\/IMG_20150516_095252.jpg 800w, https:\/\/blocs.tinet.cat\/labicidelalbert\/files\/2015\/05\/IMG_20150516_095252-300x225.jpg 300w\" sizes=\"auto, (max-width: 800px) 100vw, 800px\" \/><\/a><br \/>\nA Vallbona de les Monges fem la primera parada. Esmorzar d&#8217;entrep\u00e0 de truita amb olivetes.<br \/>\nI continuem en direcci\u00f3 a Belltall. Feia molta calor i el consum d&#8217;aigua era elevat.<br \/>\n<a href=\"https:\/\/blocs.tinet.cat\/labicidelalbert\/2015\/05\/17\/ruta-del-cister-2\/img_20150516_112048\/\" rel=\"attachment wp-att-1162\"><img loading=\"lazy\" decoding=\"async\" src=\"https:\/\/blocs.tinet.cat\/labicidelalbert\/files\/2015\/05\/IMG_20150516_112048.jpg\" alt=\"\" width=\"800\" height=\"600\" class=\"alignleft size-full wp-image-1162\" srcset=\"https:\/\/blocs.tinet.cat\/labicidelalbert\/files\/2015\/05\/IMG_20150516_112048.jpg 800w, https:\/\/blocs.tinet.cat\/labicidelalbert\/files\/2015\/05\/IMG_20150516_112048-300x225.jpg 300w\" sizes=\"auto, (max-width: 800px) 100vw, 800px\" \/><\/a><br \/>\n<a href=\"https:\/\/blocs.tinet.cat\/labicidelalbert\/2015\/05\/17\/ruta-del-cister-2\/img_20150516_112116\/\" rel=\"attachment wp-att-1163\"><img loading=\"lazy\" decoding=\"async\" src=\"https:\/\/blocs.tinet.cat\/labicidelalbert\/files\/2015\/05\/IMG_20150516_112116.jpg\" alt=\"\" width=\"800\" height=\"600\" class=\"alignleft size-full wp-image-1163\" srcset=\"https:\/\/blocs.tinet.cat\/labicidelalbert\/files\/2015\/05\/IMG_20150516_112116.jpg 800w, https:\/\/blocs.tinet.cat\/labicidelalbert\/files\/2015\/05\/IMG_20150516_112116-300x225.jpg 300w\" sizes=\"auto, (max-width: 800px) 100vw, 800px\" \/><\/a><br \/>\nDes d&#8217;all\u00ed agafem un sender\u00f3 pedreg\u00f3s que ens porta fins al Pont d&#8217;Armentera<br \/>\n<a href=\"https:\/\/blocs.tinet.cat\/labicidelalbert\/2015\/05\/17\/ruta-del-cister-2\/img_20150516_114106-001\/\" rel=\"attachment wp-att-1173\"><img loading=\"lazy\" decoding=\"async\" src=\"https:\/\/blocs.tinet.cat\/labicidelalbert\/files\/2015\/05\/IMG_20150516_114106-001.jpg\" alt=\"\" width=\"800\" height=\"600\" class=\"alignleft size-full wp-image-1173\" srcset=\"https:\/\/blocs.tinet.cat\/labicidelalbert\/files\/2015\/05\/IMG_20150516_114106-001.jpg 800w, https:\/\/blocs.tinet.cat\/labicidelalbert\/files\/2015\/05\/IMG_20150516_114106-001-300x225.jpg 300w\" sizes=\"auto, (max-width: 800px) 100vw, 800px\" \/><\/a><br \/>\n<a href=\"https:\/\/blocs.tinet.cat\/labicidelalbert\/2015\/05\/17\/ruta-del-cister-2\/img_20150516_114108-001\/\" rel=\"attachment wp-att-1174\"><img loading=\"lazy\" decoding=\"async\" src=\"https:\/\/blocs.tinet.cat\/labicidelalbert\/files\/2015\/05\/IMG_20150516_114108-001.jpg\" alt=\"\" width=\"800\" height=\"600\" class=\"alignleft size-full wp-image-1174\" srcset=\"https:\/\/blocs.tinet.cat\/labicidelalbert\/files\/2015\/05\/IMG_20150516_114108-001.jpg 800w, https:\/\/blocs.tinet.cat\/labicidelalbert\/files\/2015\/05\/IMG_20150516_114108-001-300x225.jpg 300w\" sizes=\"auto, (max-width: 800px) 100vw, 800px\" \/><\/a><br \/>\n<a href=\"https:\/\/blocs.tinet.cat\/labicidelalbert\/2015\/05\/17\/ruta-del-cister-2\/img_20150516_114114-001\/\" rel=\"attachment wp-att-1175\"><img loading=\"lazy\" decoding=\"async\" src=\"https:\/\/blocs.tinet.cat\/labicidelalbert\/files\/2015\/05\/IMG_20150516_114114-001.jpg\" alt=\"\" width=\"800\" height=\"600\" class=\"alignleft size-full wp-image-1175\" srcset=\"https:\/\/blocs.tinet.cat\/labicidelalbert\/files\/2015\/05\/IMG_20150516_114114-001.jpg 800w, https:\/\/blocs.tinet.cat\/labicidelalbert\/files\/2015\/05\/IMG_20150516_114114-001-300x225.jpg 300w\" sizes=\"auto, (max-width: 800px) 100vw, 800px\" \/><\/a><br \/>\nEl pas per Montbri\u00f3 de la Marca, on tamb\u00e9 hi planten cereal.<br \/>\n<a href=\"https:\/\/blocs.tinet.cat\/labicidelalbert\/2015\/05\/17\/ruta-del-cister-2\/img_20150516_122134\/\" rel=\"attachment wp-att-1167\"><img loading=\"lazy\" decoding=\"async\" src=\"https:\/\/blocs.tinet.cat\/labicidelalbert\/files\/2015\/05\/IMG_20150516_122134.jpg\" alt=\"\" width=\"800\" height=\"600\" class=\"alignleft size-full wp-image-1167\" srcset=\"https:\/\/blocs.tinet.cat\/labicidelalbert\/files\/2015\/05\/IMG_20150516_122134.jpg 800w, https:\/\/blocs.tinet.cat\/labicidelalbert\/files\/2015\/05\/IMG_20150516_122134-300x225.jpg 300w\" sizes=\"auto, (max-width: 800px) 100vw, 800px\" \/><\/a><br \/>\n<a href=\"https:\/\/blocs.tinet.cat\/labicidelalbert\/2015\/05\/17\/ruta-del-cister-2\/img_20150516_122137\/\" rel=\"attachment wp-att-1168\"><img loading=\"lazy\" decoding=\"async\" src=\"https:\/\/blocs.tinet.cat\/labicidelalbert\/files\/2015\/05\/IMG_20150516_122137.jpg\" alt=\"\" width=\"800\" height=\"600\" class=\"alignleft size-full wp-image-1168\" srcset=\"https:\/\/blocs.tinet.cat\/labicidelalbert\/files\/2015\/05\/IMG_20150516_122137.jpg 800w, https:\/\/blocs.tinet.cat\/labicidelalbert\/files\/2015\/05\/IMG_20150516_122137-300x225.jpg 300w\" sizes=\"auto, (max-width: 800px) 100vw, 800px\" \/><\/a><br \/>\n<a href=\"https:\/\/blocs.tinet.cat\/labicidelalbert\/2015\/05\/17\/ruta-del-cister-2\/img_20150516_122145\/\" rel=\"attachment wp-att-1169\"><img loading=\"lazy\" decoding=\"async\" src=\"https:\/\/blocs.tinet.cat\/labicidelalbert\/files\/2015\/05\/IMG_20150516_122145.jpg\" alt=\"\" width=\"800\" height=\"600\" class=\"alignleft size-full wp-image-1169\" srcset=\"https:\/\/blocs.tinet.cat\/labicidelalbert\/files\/2015\/05\/IMG_20150516_122145.jpg 800w, https:\/\/blocs.tinet.cat\/labicidelalbert\/files\/2015\/05\/IMG_20150516_122145-300x225.jpg 300w\" sizes=\"auto, (max-width: 800px) 100vw, 800px\" \/><\/a><br \/>\nDurant tot el trajecte la lluminositat i el paisatge han sigut de postal<br \/>\n<a href=\"https:\/\/blocs.tinet.cat\/labicidelalbert\/2015\/05\/17\/ruta-del-cister-2\/img_20150516_130924\/\" rel=\"attachment wp-att-1170\"><img loading=\"lazy\" decoding=\"async\" src=\"https:\/\/blocs.tinet.cat\/labicidelalbert\/files\/2015\/05\/IMG_20150516_130924.jpg\" alt=\"\" width=\"800\" height=\"600\" class=\"alignleft size-full wp-image-1170\" srcset=\"https:\/\/blocs.tinet.cat\/labicidelalbert\/files\/2015\/05\/IMG_20150516_130924.jpg 800w, https:\/\/blocs.tinet.cat\/labicidelalbert\/files\/2015\/05\/IMG_20150516_130924-300x225.jpg 300w\" sizes=\"auto, (max-width: 800px) 100vw, 800px\" \/><\/a><br \/>\nI patint, patint aconseguim arribar al tercer monestir, Santes Creus.<br \/>\n<a href=\"https:\/\/blocs.tinet.cat\/labicidelalbert\/2015\/05\/17\/ruta-del-cister-2\/img_20150516_141157\/\" rel=\"attachment wp-att-1171\"><img loading=\"lazy\" decoding=\"async\" src=\"https:\/\/blocs.tinet.cat\/labicidelalbert\/files\/2015\/05\/IMG_20150516_141157.jpg\" alt=\"\" width=\"800\" height=\"600\" class=\"alignleft size-full wp-image-1171\" srcset=\"https:\/\/blocs.tinet.cat\/labicidelalbert\/files\/2015\/05\/IMG_20150516_141157.jpg 800w, https:\/\/blocs.tinet.cat\/labicidelalbert\/files\/2015\/05\/IMG_20150516_141157-300x225.jpg 300w\" sizes=\"auto, (max-width: 800px) 100vw, 800px\" \/><\/a><br \/>\nAll\u00ed dinem, llonganissa amb fesols.<br \/>\nDespr\u00e9s de dinar feia encara m\u00e9s calor i hav\u00edem d&#8217;anar fins al Pla de Santa Maria, continuar cap a Figuerola del Camp i fer la pujada del coll de Prenafeta. Aquest si que \u00e9s mortal. Rampes dures i amb pedra solta. Ja port\u00e0vem 95 km a les cames i ganes d&#8217;arribar.<br \/>\nPer\u00f2 tot s&#8217;acaba i al cap de 10 hores despr\u00e9s de la sortida tornem a ser a Montblanc<br \/>\n<a href=\"https:\/\/blocs.tinet.cat\/labicidelalbert\/2015\/05\/17\/ruta-del-cister-2\/img_20150516_172042\/\" rel=\"attachment wp-att-1172\"><img loading=\"lazy\" decoding=\"async\" src=\"https:\/\/blocs.tinet.cat\/labicidelalbert\/files\/2015\/05\/IMG_20150516_172042.jpg\" alt=\"\" width=\"800\" height=\"600\" class=\"alignleft size-full wp-image-1172\" srcset=\"https:\/\/blocs.tinet.cat\/labicidelalbert\/files\/2015\/05\/IMG_20150516_172042.jpg 800w, https:\/\/blocs.tinet.cat\/labicidelalbert\/files\/2015\/05\/IMG_20150516_172042-300x225.jpg 300w\" sizes=\"auto, (max-width: 800px) 100vw, 800px\" \/><\/a><\/p>\n<p>Podeu veure el <a href=\"http:\/\/www.wikiloc.com\/wikiloc\/view.do?id=9695365\">track a wikiloc<\/a><\/p>\n","protected":false},"excerpt":{"rendered":"<p>Dissabte 16 de maig a les 7 del mat\u00ed ja erem a Montblanc per iniciar la llarga ruta del C\u00edster. Ens tocava fer 110 km amb m\u00e9s de 2.400 m de desnivell positiu. El primer selfie al portal de la &hellip; <a href=\"https:\/\/blocs.tinet.cat\/labicidelalbert\/2015\/05\/17\/ruta-del-cister-2\/\">Continua llegint <span class=\"meta-nav\">&rarr;<\/span><\/a><\/p>\n","protected":false},"author":54,"featured_media":0,"comment_status":"open","ping_status":"open","sticky":false,"template":"","format":"standard","meta":{"footnotes":""},"categories":[1],"tags":[],"class_list":["post-1154","post","type-post","status-publish","format-standard","hentry","category-general"],"_links":{"self":[{"href":"https:\/\/blocs.tinet.cat\/labicidelalbert\/wp-json\/wp\/v2\/posts\/1154","targetHints":{"allow":["GET"]}}],"collection":[{"href":"https:\/\/blocs.tinet.cat\/labicidelalbert\/wp-json\/wp\/v2\/posts"}],"about":[{"href":"https:\/\/blocs.tinet.cat\/labicidelalbert\/wp-json\/wp\/v2\/types\/post"}],"author":[{"embeddable":true,"href":"https:\/\/blocs.tinet.cat\/labicidelalbert\/wp-json\/wp\/v2\/users\/54"}],"replies":[{"embeddable":true,"href":"https:\/\/blocs.tinet.cat\/labicidelalbert\/wp-json\/wp\/v2\/comments?post=1154"}],"version-history":[{"count":0,"href":"https:\/\/blocs.tinet.cat\/labicidelalbert\/wp-json\/wp\/v2\/posts\/1154\/revisions"}],"wp:attachment":[{"href":"https:\/\/blocs.tinet.cat\/labicidelalbert\/wp-json\/wp\/v2\/media?parent=1154"}],"wp:term":[{"taxonomy":"category","embeddable":true,"href":"https:\/\/blocs.tinet.cat\/labicidelalbert\/wp-json\/wp\/v2\/categories?post=1154"},{"taxonomy":"post_tag","embeddable":true,"href":"https:\/\/blocs.tinet.cat\/labicidelalbert\/wp-json\/wp\/v2\/tags?post=1154"}],"curies":[{"name":"wp","href":"https:\/\/api.w.org\/{rel}","templated":true}]}}