{"id":1109,"date":"2015-04-12T20:39:40","date_gmt":"2015-04-12T19:39:40","guid":{"rendered":"https:\/\/blocs.tinet.cat\/labicidelalbert\/?p=1109"},"modified":"2015-04-12T20:39:41","modified_gmt":"2015-04-12T19:39:41","slug":"santes-creus-2015","status":"publish","type":"post","link":"https:\/\/blocs.tinet.cat\/labicidelalbert\/2015\/04\/12\/santes-creus-2015\/","title":{"rendered":"SANTES CREUS 2015"},"content":{"rendered":"<p>Un any m\u00e9s hem fet la cl\u00e0ssica Cambrils Santes Creus, amb els seus 110 km. I crec, que cada any ho fem m\u00e9s r\u00e0pid.<br \/>\n<a href=\"https:\/\/blocs.tinet.cat\/labicidelalbert\/2015\/04\/12\/santes-creus-2015\/img_20150412_090141\/\" rel=\"attachment wp-att-1110\"><img loading=\"lazy\" decoding=\"async\" src=\"https:\/\/blocs.tinet.cat\/labicidelalbert\/files\/2015\/04\/IMG_20150412_090141.jpg\" alt=\"\" width=\"800\" height=\"600\" class=\"alignleft size-full wp-image-1110\" srcset=\"https:\/\/blocs.tinet.cat\/labicidelalbert\/files\/2015\/04\/IMG_20150412_090141.jpg 800w, https:\/\/blocs.tinet.cat\/labicidelalbert\/files\/2015\/04\/IMG_20150412_090141-300x225.jpg 300w\" sizes=\"auto, (max-width: 800px) 100vw, 800px\" \/><\/a><br \/>\n<a href=\"https:\/\/blocs.tinet.cat\/labicidelalbert\/2015\/04\/12\/santes-creus-2015\/img_20150412_090154\/\" rel=\"attachment wp-att-1111\"><img loading=\"lazy\" decoding=\"async\" src=\"https:\/\/blocs.tinet.cat\/labicidelalbert\/files\/2015\/04\/IMG_20150412_090154.jpg\" alt=\"\" width=\"800\" height=\"600\" class=\"alignleft size-full wp-image-1111\" srcset=\"https:\/\/blocs.tinet.cat\/labicidelalbert\/files\/2015\/04\/IMG_20150412_090154.jpg 800w, https:\/\/blocs.tinet.cat\/labicidelalbert\/files\/2015\/04\/IMG_20150412_090154-300x225.jpg 300w\" sizes=\"auto, (max-width: 800px) 100vw, 800px\" \/><\/a><br \/>\n<a href=\"https:\/\/blocs.tinet.cat\/labicidelalbert\/2015\/04\/12\/santes-creus-2015\/img_20150412_090156\/\" rel=\"attachment wp-att-1112\"><img loading=\"lazy\" decoding=\"async\" src=\"https:\/\/blocs.tinet.cat\/labicidelalbert\/files\/2015\/04\/IMG_20150412_090156.jpg\" alt=\"\" width=\"800\" height=\"600\" class=\"alignleft size-full wp-image-1112\" srcset=\"https:\/\/blocs.tinet.cat\/labicidelalbert\/files\/2015\/04\/IMG_20150412_090156.jpg 800w, https:\/\/blocs.tinet.cat\/labicidelalbert\/files\/2015\/04\/IMG_20150412_090156-300x225.jpg 300w\" sizes=\"auto, (max-width: 800px) 100vw, 800px\" \/><\/a><br \/>\nHem hagut d&#8217;anar fent alguna parada de reagrupament. Els nivells de 21 ciclistes no seran mai semblants.<br \/>\n<a href=\"https:\/\/blocs.tinet.cat\/labicidelalbert\/2015\/04\/12\/santes-creus-2015\/img_20150412_092415\/\" rel=\"attachment wp-att-1113\"><img loading=\"lazy\" decoding=\"async\" src=\"https:\/\/blocs.tinet.cat\/labicidelalbert\/files\/2015\/04\/IMG_20150412_092415.jpg\" alt=\"\" width=\"800\" height=\"600\" class=\"alignleft size-full wp-image-1113\" srcset=\"https:\/\/blocs.tinet.cat\/labicidelalbert\/files\/2015\/04\/IMG_20150412_092415.jpg 800w, https:\/\/blocs.tinet.cat\/labicidelalbert\/files\/2015\/04\/IMG_20150412_092415-300x225.jpg 300w\" sizes=\"auto, (max-width: 800px) 100vw, 800px\" \/><\/a><br \/>\n<a href=\"https:\/\/blocs.tinet.cat\/labicidelalbert\/2015\/04\/12\/santes-creus-2015\/img_20150412_092417\/\" rel=\"attachment wp-att-1114\"><img loading=\"lazy\" decoding=\"async\" src=\"https:\/\/blocs.tinet.cat\/labicidelalbert\/files\/2015\/04\/IMG_20150412_092417.jpg\" alt=\"\" width=\"800\" height=\"600\" class=\"alignleft size-full wp-image-1114\" srcset=\"https:\/\/blocs.tinet.cat\/labicidelalbert\/files\/2015\/04\/IMG_20150412_092417.jpg 800w, https:\/\/blocs.tinet.cat\/labicidelalbert\/files\/2015\/04\/IMG_20150412_092417-300x225.jpg 300w\" sizes=\"auto, (max-width: 800px) 100vw, 800px\" \/><\/a><br \/>\nI la foto de rigor a l&#8217;escala del monestir de Santes Creus<br \/>\n<a href=\"https:\/\/blocs.tinet.cat\/labicidelalbert\/2015\/04\/12\/santes-creus-2015\/img_20150412_100415\/\" rel=\"attachment wp-att-1115\"><img loading=\"lazy\" decoding=\"async\" src=\"https:\/\/blocs.tinet.cat\/labicidelalbert\/files\/2015\/04\/IMG_20150412_100415.jpg\" alt=\"\" width=\"800\" height=\"600\" class=\"alignleft size-full wp-image-1115\" srcset=\"https:\/\/blocs.tinet.cat\/labicidelalbert\/files\/2015\/04\/IMG_20150412_100415.jpg 800w, https:\/\/blocs.tinet.cat\/labicidelalbert\/files\/2015\/04\/IMG_20150412_100415-300x225.jpg 300w\" sizes=\"auto, (max-width: 800px) 100vw, 800px\" \/><\/a><\/p>\n","protected":false},"excerpt":{"rendered":"<p>Un any m\u00e9s hem fet la cl\u00e0ssica Cambrils Santes Creus, amb els seus 110 km. I crec, que cada any ho fem m\u00e9s r\u00e0pid. Hem hagut d&#8217;anar fent alguna parada de reagrupament. Els nivells de 21 ciclistes no seran mai &hellip; <a href=\"https:\/\/blocs.tinet.cat\/labicidelalbert\/2015\/04\/12\/santes-creus-2015\/\">Continua llegint <span class=\"meta-nav\">&rarr;<\/span><\/a><\/p>\n","protected":false},"author":54,"featured_media":0,"comment_status":"open","ping_status":"open","sticky":false,"template":"","format":"standard","meta":{"footnotes":""},"categories":[1],"tags":[],"class_list":["post-1109","post","type-post","status-publish","format-standard","hentry","category-general"],"_links":{"self":[{"href":"https:\/\/blocs.tinet.cat\/labicidelalbert\/wp-json\/wp\/v2\/posts\/1109","targetHints":{"allow":["GET"]}}],"collection":[{"href":"https:\/\/blocs.tinet.cat\/labicidelalbert\/wp-json\/wp\/v2\/posts"}],"about":[{"href":"https:\/\/blocs.tinet.cat\/labicidelalbert\/wp-json\/wp\/v2\/types\/post"}],"author":[{"embeddable":true,"href":"https:\/\/blocs.tinet.cat\/labicidelalbert\/wp-json\/wp\/v2\/users\/54"}],"replies":[{"embeddable":true,"href":"https:\/\/blocs.tinet.cat\/labicidelalbert\/wp-json\/wp\/v2\/comments?post=1109"}],"version-history":[{"count":0,"href":"https:\/\/blocs.tinet.cat\/labicidelalbert\/wp-json\/wp\/v2\/posts\/1109\/revisions"}],"wp:attachment":[{"href":"https:\/\/blocs.tinet.cat\/labicidelalbert\/wp-json\/wp\/v2\/media?parent=1109"}],"wp:term":[{"taxonomy":"category","embeddable":true,"href":"https:\/\/blocs.tinet.cat\/labicidelalbert\/wp-json\/wp\/v2\/categories?post=1109"},{"taxonomy":"post_tag","embeddable":true,"href":"https:\/\/blocs.tinet.cat\/labicidelalbert\/wp-json\/wp\/v2\/tags?post=1109"}],"curies":[{"name":"wp","href":"https:\/\/api.w.org\/{rel}","templated":true}]}}