{"id":106,"date":"2013-05-26T19:23:47","date_gmt":"2013-05-26T18:23:47","guid":{"rendered":"https:\/\/blocs.tinet.cat\/labicidelalbert\/?p=106"},"modified":"2013-05-26T19:23:47","modified_gmt":"2013-05-26T18:23:47","slug":"caro-fredes-caro","status":"publish","type":"post","link":"https:\/\/blocs.tinet.cat\/labicidelalbert\/2013\/05\/26\/caro-fredes-caro\/","title":{"rendered":"CARO FREDES CARO"},"content":{"rendered":"<p>Com cada any hem fet la ruta pels Ports de Beseit. Sortint des de Caro fem tota la pista trenca-cames fins arribar a Fredes on ens fotem un bon esmorzar cal\u00f2ric i tornem pel mateix trajecte.<br \/>\n<a href=\"https:\/\/blocs.tinet.cat\/labicidelalbert\/2013\/05\/26\/caro-fredes-caro\/attachment\/20130526001\/\" rel=\"attachment wp-att-110\"><img loading=\"lazy\" decoding=\"async\" src=\"https:\/\/blocs.tinet.cat\/labicidelalbert\/files\/2013\/05\/20130526001.jpg\" alt=\"\" width=\"912\" height=\"684\" class=\"alignleft size-full wp-image-110\" srcset=\"https:\/\/blocs.tinet.cat\/labicidelalbert\/files\/2013\/05\/20130526001.jpg 912w, https:\/\/blocs.tinet.cat\/labicidelalbert\/files\/2013\/05\/20130526001-300x225.jpg 300w\" sizes=\"auto, (max-width: 912px) 100vw, 912px\" \/><\/a><br \/>\n<a href=\"https:\/\/blocs.tinet.cat\/labicidelalbert\/2013\/05\/26\/caro-fredes-caro\/2013-05-26-09-39-09\/\" rel=\"attachment wp-att-107\"><img loading=\"lazy\" decoding=\"async\" src=\"https:\/\/blocs.tinet.cat\/labicidelalbert\/files\/2013\/05\/2013-05-26-09.39.09.jpg\" alt=\"\" width=\"800\" height=\"600\" class=\"alignleft size-full wp-image-107\" srcset=\"https:\/\/blocs.tinet.cat\/labicidelalbert\/files\/2013\/05\/2013-05-26-09.39.09.jpg 800w, https:\/\/blocs.tinet.cat\/labicidelalbert\/files\/2013\/05\/2013-05-26-09.39.09-300x225.jpg 300w\" sizes=\"auto, (max-width: 800px) 100vw, 800px\" \/><\/a><br \/>\n<a href=\"https:\/\/blocs.tinet.cat\/labicidelalbert\/2013\/05\/26\/caro-fredes-caro\/attachment\/20130526002\/\" rel=\"attachment wp-att-111\"><img loading=\"lazy\" decoding=\"async\" src=\"https:\/\/blocs.tinet.cat\/labicidelalbert\/files\/2013\/05\/20130526002.jpg\" alt=\"\" width=\"800\" height=\"600\" class=\"alignleft size-full wp-image-111\" srcset=\"https:\/\/blocs.tinet.cat\/labicidelalbert\/files\/2013\/05\/20130526002.jpg 800w, https:\/\/blocs.tinet.cat\/labicidelalbert\/files\/2013\/05\/20130526002-300x225.jpg 300w\" sizes=\"auto, (max-width: 800px) 100vw, 800px\" \/><\/a><br \/>\n<a href=\"https:\/\/blocs.tinet.cat\/labicidelalbert\/2013\/05\/26\/caro-fredes-caro\/attachment\/20130526003\/\" rel=\"attachment wp-att-112\"><img loading=\"lazy\" decoding=\"async\" src=\"https:\/\/blocs.tinet.cat\/labicidelalbert\/files\/2013\/05\/20130526003.jpg\" alt=\"\" width=\"800\" height=\"600\" class=\"alignleft size-full wp-image-112\" srcset=\"https:\/\/blocs.tinet.cat\/labicidelalbert\/files\/2013\/05\/20130526003.jpg 800w, https:\/\/blocs.tinet.cat\/labicidelalbert\/files\/2013\/05\/20130526003-300x225.jpg 300w\" sizes=\"auto, (max-width: 800px) 100vw, 800px\" \/><\/a><br \/>\n<a href=\"https:\/\/blocs.tinet.cat\/labicidelalbert\/2013\/05\/26\/caro-fredes-caro\/2013-05-26-10-16-34\/\" rel=\"attachment wp-att-108\"><img loading=\"lazy\" decoding=\"async\" src=\"https:\/\/blocs.tinet.cat\/labicidelalbert\/files\/2013\/05\/2013-05-26-10.16.34.jpg\" alt=\"\" width=\"800\" height=\"600\" class=\"alignleft size-full wp-image-108\" srcset=\"https:\/\/blocs.tinet.cat\/labicidelalbert\/files\/2013\/05\/2013-05-26-10.16.34.jpg 800w, https:\/\/blocs.tinet.cat\/labicidelalbert\/files\/2013\/05\/2013-05-26-10.16.34-300x225.jpg 300w\" sizes=\"auto, (max-width: 800px) 100vw, 800px\" \/><\/a><br \/>\nEl trajecte \u00e9s un no parar de pujades i baixades, que si b\u00e9 no s\u00f3n durissimes, l&#8217;acumulat es fa notar.<br \/>\n<a href=\"https:\/\/blocs.tinet.cat\/labicidelalbert\/2013\/05\/26\/caro-fredes-caro\/attachment\/20130526004\/\" rel=\"attachment wp-att-113\"><img loading=\"lazy\" decoding=\"async\" src=\"https:\/\/blocs.tinet.cat\/labicidelalbert\/files\/2013\/05\/20130526004.jpg\" alt=\"\" width=\"800\" height=\"600\" class=\"alignleft size-full wp-image-113\" srcset=\"https:\/\/blocs.tinet.cat\/labicidelalbert\/files\/2013\/05\/20130526004.jpg 800w, https:\/\/blocs.tinet.cat\/labicidelalbert\/files\/2013\/05\/20130526004-300x225.jpg 300w\" sizes=\"auto, (max-width: 800px) 100vw, 800px\" \/><\/a><br \/>\n<a href=\"https:\/\/blocs.tinet.cat\/labicidelalbert\/2013\/05\/26\/caro-fredes-caro\/attachment\/20130526006\/\" rel=\"attachment wp-att-114\"><img loading=\"lazy\" decoding=\"async\" src=\"https:\/\/blocs.tinet.cat\/labicidelalbert\/files\/2013\/05\/20130526006.jpg\" alt=\"\" width=\"800\" height=\"600\" class=\"alignleft size-full wp-image-114\" srcset=\"https:\/\/blocs.tinet.cat\/labicidelalbert\/files\/2013\/05\/20130526006.jpg 800w, https:\/\/blocs.tinet.cat\/labicidelalbert\/files\/2013\/05\/20130526006-300x225.jpg 300w\" sizes=\"auto, (max-width: 800px) 100vw, 800px\" \/><\/a><br \/>\n<a href=\"https:\/\/blocs.tinet.cat\/labicidelalbert\/2013\/05\/26\/caro-fredes-caro\/attachment\/20130526007\/\" rel=\"attachment wp-att-115\"><img loading=\"lazy\" decoding=\"async\" src=\"https:\/\/blocs.tinet.cat\/labicidelalbert\/files\/2013\/05\/20130526007.jpg\" alt=\"\" width=\"800\" height=\"600\" class=\"alignleft size-full wp-image-115\" srcset=\"https:\/\/blocs.tinet.cat\/labicidelalbert\/files\/2013\/05\/20130526007.jpg 800w, https:\/\/blocs.tinet.cat\/labicidelalbert\/files\/2013\/05\/20130526007-300x225.jpg 300w\" sizes=\"auto, (max-width: 800px) 100vw, 800px\" \/><\/a><br \/>\n<a href=\"https:\/\/blocs.tinet.cat\/labicidelalbert\/2013\/05\/26\/caro-fredes-caro\/attachment\/20130526008\/\" rel=\"attachment wp-att-116\"><img loading=\"lazy\" decoding=\"async\" src=\"https:\/\/blocs.tinet.cat\/labicidelalbert\/files\/2013\/05\/20130526008.jpg\" alt=\"\" width=\"800\" height=\"600\" class=\"alignleft size-full wp-image-116\" srcset=\"https:\/\/blocs.tinet.cat\/labicidelalbert\/files\/2013\/05\/20130526008.jpg 800w, https:\/\/blocs.tinet.cat\/labicidelalbert\/files\/2013\/05\/20130526008-300x225.jpg 300w\" sizes=\"auto, (max-width: 800px) 100vw, 800px\" \/><\/a><br \/>\n<a href=\"https:\/\/blocs.tinet.cat\/labicidelalbert\/2013\/05\/26\/caro-fredes-caro\/attachment\/20130526009\/\" rel=\"attachment wp-att-117\"><img loading=\"lazy\" decoding=\"async\" src=\"https:\/\/blocs.tinet.cat\/labicidelalbert\/files\/2013\/05\/20130526009.jpg\" alt=\"\" width=\"800\" height=\"600\" class=\"alignleft size-full wp-image-117\" srcset=\"https:\/\/blocs.tinet.cat\/labicidelalbert\/files\/2013\/05\/20130526009.jpg 800w, https:\/\/blocs.tinet.cat\/labicidelalbert\/files\/2013\/05\/20130526009-300x225.jpg 300w\" sizes=\"auto, (max-width: 800px) 100vw, 800px\" \/><\/a><br \/>\n<a href=\"https:\/\/blocs.tinet.cat\/labicidelalbert\/2013\/05\/26\/caro-fredes-caro\/attachment\/201305260010\/\" rel=\"attachment wp-att-118\"><img loading=\"lazy\" decoding=\"async\" src=\"https:\/\/blocs.tinet.cat\/labicidelalbert\/files\/2013\/05\/201305260010.jpg\" alt=\"\" width=\"800\" height=\"600\" class=\"alignleft size-full wp-image-118\" srcset=\"https:\/\/blocs.tinet.cat\/labicidelalbert\/files\/2013\/05\/201305260010.jpg 800w, https:\/\/blocs.tinet.cat\/labicidelalbert\/files\/2013\/05\/201305260010-300x225.jpg 300w\" sizes=\"auto, (max-width: 800px) 100vw, 800px\" \/><\/a><br \/>\n<a href=\"https:\/\/blocs.tinet.cat\/labicidelalbert\/2013\/05\/26\/caro-fredes-caro\/attachment\/201305260011\/\" rel=\"attachment wp-att-119\"><img loading=\"lazy\" decoding=\"async\" src=\"https:\/\/blocs.tinet.cat\/labicidelalbert\/files\/2013\/05\/201305260011.jpg\" alt=\"\" width=\"800\" height=\"600\" class=\"alignleft size-full wp-image-119\" srcset=\"https:\/\/blocs.tinet.cat\/labicidelalbert\/files\/2013\/05\/201305260011.jpg 800w, https:\/\/blocs.tinet.cat\/labicidelalbert\/files\/2013\/05\/201305260011-300x225.jpg 300w\" sizes=\"auto, (max-width: 800px) 100vw, 800px\" \/><\/a><br \/>\nL&#8217;arribada al Bar de Fredes.<br \/>\n<a href=\"https:\/\/blocs.tinet.cat\/labicidelalbert\/2013\/05\/26\/caro-fredes-caro\/attachment\/201305260013\/\" rel=\"attachment wp-att-120\"><img loading=\"lazy\" decoding=\"async\" src=\"https:\/\/blocs.tinet.cat\/labicidelalbert\/files\/2013\/05\/201305260013.jpg\" alt=\"\" width=\"800\" height=\"600\" class=\"alignleft size-full wp-image-120\" srcset=\"https:\/\/blocs.tinet.cat\/labicidelalbert\/files\/2013\/05\/201305260013.jpg 800w, https:\/\/blocs.tinet.cat\/labicidelalbert\/files\/2013\/05\/201305260013-300x225.jpg 300w\" sizes=\"auto, (max-width: 800px) 100vw, 800px\" \/><\/a><br \/>\nQuan hi ha gana, no hi ha res com un combinat n\u00famero 2.<br \/>\n<a href=\"https:\/\/blocs.tinet.cat\/labicidelalbert\/2013\/05\/26\/caro-fredes-caro\/attachment\/201305260014\/\" rel=\"attachment wp-att-121\"><img loading=\"lazy\" decoding=\"async\" src=\"https:\/\/blocs.tinet.cat\/labicidelalbert\/files\/2013\/05\/201305260014.jpg\" alt=\"\" width=\"800\" height=\"600\" class=\"alignleft size-full wp-image-121\" srcset=\"https:\/\/blocs.tinet.cat\/labicidelalbert\/files\/2013\/05\/201305260014.jpg 800w, https:\/\/blocs.tinet.cat\/labicidelalbert\/files\/2013\/05\/201305260014-300x225.jpg 300w\" sizes=\"auto, (max-width: 800px) 100vw, 800px\" \/><\/a><br \/>\n<a href=\"https:\/\/blocs.tinet.cat\/labicidelalbert\/2013\/05\/26\/caro-fredes-caro\/attachment\/201305260015\/\" rel=\"attachment wp-att-122\"><img loading=\"lazy\" decoding=\"async\" src=\"https:\/\/blocs.tinet.cat\/labicidelalbert\/files\/2013\/05\/201305260015.jpg\" alt=\"\" width=\"800\" height=\"600\" class=\"alignleft size-full wp-image-122\" srcset=\"https:\/\/blocs.tinet.cat\/labicidelalbert\/files\/2013\/05\/201305260015.jpg 800w, https:\/\/blocs.tinet.cat\/labicidelalbert\/files\/2013\/05\/201305260015-300x225.jpg 300w\" sizes=\"auto, (max-width: 800px) 100vw, 800px\" \/><\/a><br \/>\nComen\u00e7a la tornada (amb la panxa plena).<br \/>\n<a href=\"https:\/\/blocs.tinet.cat\/labicidelalbert\/2013\/05\/26\/caro-fredes-caro\/attachment\/201305260016\/\" rel=\"attachment wp-att-123\"><img loading=\"lazy\" decoding=\"async\" src=\"https:\/\/blocs.tinet.cat\/labicidelalbert\/files\/2013\/05\/201305260016.jpg\" alt=\"\" width=\"800\" height=\"600\" class=\"alignleft size-full wp-image-123\" srcset=\"https:\/\/blocs.tinet.cat\/labicidelalbert\/files\/2013\/05\/201305260016.jpg 800w, https:\/\/blocs.tinet.cat\/labicidelalbert\/files\/2013\/05\/201305260016-300x225.jpg 300w\" sizes=\"auto, (max-width: 800px) 100vw, 800px\" \/><\/a><br \/>\nI just comen\u00e7ar la primera pujada tenim l&#8217;\u00fanica avaria del dia. Un pedal que no volia rodar.<br \/>\n<a href=\"https:\/\/blocs.tinet.cat\/labicidelalbert\/2013\/05\/26\/caro-fredes-caro\/attachment\/201305260017\/\" rel=\"attachment wp-att-124\"><img loading=\"lazy\" decoding=\"async\" src=\"https:\/\/blocs.tinet.cat\/labicidelalbert\/files\/2013\/05\/201305260017.jpg\" alt=\"\" width=\"800\" height=\"600\" class=\"alignleft size-full wp-image-124\" srcset=\"https:\/\/blocs.tinet.cat\/labicidelalbert\/files\/2013\/05\/201305260017.jpg 800w, https:\/\/blocs.tinet.cat\/labicidelalbert\/files\/2013\/05\/201305260017-300x225.jpg 300w\" sizes=\"auto, (max-width: 800px) 100vw, 800px\" \/><\/a><br \/>\nEl que d&#8217;anada eren baixades, de tornada s\u00f3n pujades. Buf !<br \/>\n<a href=\"https:\/\/blocs.tinet.cat\/labicidelalbert\/2013\/05\/26\/caro-fredes-caro\/attachment\/201305260018\/\" rel=\"attachment wp-att-125\"><img loading=\"lazy\" decoding=\"async\" src=\"https:\/\/blocs.tinet.cat\/labicidelalbert\/files\/2013\/05\/201305260018.jpg\" alt=\"\" width=\"800\" height=\"600\" class=\"alignleft size-full wp-image-125\" srcset=\"https:\/\/blocs.tinet.cat\/labicidelalbert\/files\/2013\/05\/201305260018.jpg 800w, https:\/\/blocs.tinet.cat\/labicidelalbert\/files\/2013\/05\/201305260018-300x225.jpg 300w\" sizes=\"auto, (max-width: 800px) 100vw, 800px\" \/><\/a><br \/>\n<a href=\"https:\/\/blocs.tinet.cat\/labicidelalbert\/2013\/05\/26\/caro-fredes-caro\/attachment\/201305260019\/\" rel=\"attachment wp-att-126\"><img loading=\"lazy\" decoding=\"async\" src=\"https:\/\/blocs.tinet.cat\/labicidelalbert\/files\/2013\/05\/201305260019.jpg\" alt=\"\" width=\"800\" height=\"600\" class=\"alignleft size-full wp-image-126\" srcset=\"https:\/\/blocs.tinet.cat\/labicidelalbert\/files\/2013\/05\/201305260019.jpg 800w, https:\/\/blocs.tinet.cat\/labicidelalbert\/files\/2013\/05\/201305260019-300x225.jpg 300w\" sizes=\"auto, (max-width: 800px) 100vw, 800px\" \/><\/a><br \/>\n<a href=\"https:\/\/blocs.tinet.cat\/labicidelalbert\/2013\/05\/26\/caro-fredes-caro\/attachment\/201305260020\/\" rel=\"attachment wp-att-127\"><img loading=\"lazy\" decoding=\"async\" src=\"https:\/\/blocs.tinet.cat\/labicidelalbert\/files\/2013\/05\/201305260020.jpg\" alt=\"\" width=\"800\" height=\"600\" class=\"alignleft size-full wp-image-127\" srcset=\"https:\/\/blocs.tinet.cat\/labicidelalbert\/files\/2013\/05\/201305260020.jpg 800w, https:\/\/blocs.tinet.cat\/labicidelalbert\/files\/2013\/05\/201305260020-300x225.jpg 300w\" sizes=\"auto, (max-width: 800px) 100vw, 800px\" \/><\/a><br \/>\n<a href=\"https:\/\/blocs.tinet.cat\/labicidelalbert\/2013\/05\/26\/caro-fredes-caro\/attachment\/201305260022\/\" rel=\"attachment wp-att-128\"><img loading=\"lazy\" decoding=\"async\" src=\"https:\/\/blocs.tinet.cat\/labicidelalbert\/files\/2013\/05\/201305260022.jpg\" alt=\"\" width=\"800\" height=\"600\" class=\"alignleft size-full wp-image-128\" srcset=\"https:\/\/blocs.tinet.cat\/labicidelalbert\/files\/2013\/05\/201305260022.jpg 800w, https:\/\/blocs.tinet.cat\/labicidelalbert\/files\/2013\/05\/201305260022-300x225.jpg 300w\" sizes=\"auto, (max-width: 800px) 100vw, 800px\" \/><\/a><br \/>\n<a href=\"https:\/\/blocs.tinet.cat\/labicidelalbert\/2013\/05\/26\/caro-fredes-caro\/attachment\/201305260023\/\" rel=\"attachment wp-att-129\"><img loading=\"lazy\" decoding=\"async\" src=\"https:\/\/blocs.tinet.cat\/labicidelalbert\/files\/2013\/05\/201305260023.jpg\" alt=\"\" width=\"800\" height=\"600\" class=\"alignleft size-full wp-image-129\" srcset=\"https:\/\/blocs.tinet.cat\/labicidelalbert\/files\/2013\/05\/201305260023.jpg 800w, https:\/\/blocs.tinet.cat\/labicidelalbert\/files\/2013\/05\/201305260023-300x225.jpg 300w\" sizes=\"auto, (max-width: 800px) 100vw, 800px\" \/><\/a><br \/>\n<a href=\"https:\/\/blocs.tinet.cat\/labicidelalbert\/2013\/05\/26\/caro-fredes-caro\/attachment\/201305260024\/\" rel=\"attachment wp-att-130\"><img loading=\"lazy\" decoding=\"async\" src=\"https:\/\/blocs.tinet.cat\/labicidelalbert\/files\/2013\/05\/201305260024.jpg\" alt=\"\" width=\"800\" height=\"600\" class=\"alignleft size-full wp-image-130\" srcset=\"https:\/\/blocs.tinet.cat\/labicidelalbert\/files\/2013\/05\/201305260024.jpg 800w, https:\/\/blocs.tinet.cat\/labicidelalbert\/files\/2013\/05\/201305260024-300x225.jpg 300w\" sizes=\"auto, (max-width: 800px) 100vw, 800px\" \/><\/a><br \/>\nRuta completada. 1.500 metres de desnivell positiu acumulat. 63 km.<\/p>\n","protected":false},"excerpt":{"rendered":"<p>Com cada any hem fet la ruta pels Ports de Beseit. Sortint des de Caro fem tota la pista trenca-cames fins arribar a Fredes on ens fotem un bon esmorzar cal\u00f2ric i tornem pel mateix trajecte. El trajecte \u00e9s un &hellip; <a href=\"https:\/\/blocs.tinet.cat\/labicidelalbert\/2013\/05\/26\/caro-fredes-caro\/\">Continua llegint <span class=\"meta-nav\">&rarr;<\/span><\/a><\/p>\n","protected":false},"author":54,"featured_media":0,"comment_status":"open","ping_status":"open","sticky":false,"template":"","format":"standard","meta":{"footnotes":""},"categories":[1],"tags":[],"class_list":["post-106","post","type-post","status-publish","format-standard","hentry","category-general"],"_links":{"self":[{"href":"https:\/\/blocs.tinet.cat\/labicidelalbert\/wp-json\/wp\/v2\/posts\/106","targetHints":{"allow":["GET"]}}],"collection":[{"href":"https:\/\/blocs.tinet.cat\/labicidelalbert\/wp-json\/wp\/v2\/posts"}],"about":[{"href":"https:\/\/blocs.tinet.cat\/labicidelalbert\/wp-json\/wp\/v2\/types\/post"}],"author":[{"embeddable":true,"href":"https:\/\/blocs.tinet.cat\/labicidelalbert\/wp-json\/wp\/v2\/users\/54"}],"replies":[{"embeddable":true,"href":"https:\/\/blocs.tinet.cat\/labicidelalbert\/wp-json\/wp\/v2\/comments?post=106"}],"version-history":[{"count":0,"href":"https:\/\/blocs.tinet.cat\/labicidelalbert\/wp-json\/wp\/v2\/posts\/106\/revisions"}],"wp:attachment":[{"href":"https:\/\/blocs.tinet.cat\/labicidelalbert\/wp-json\/wp\/v2\/media?parent=106"}],"wp:term":[{"taxonomy":"category","embeddable":true,"href":"https:\/\/blocs.tinet.cat\/labicidelalbert\/wp-json\/wp\/v2\/categories?post=106"},{"taxonomy":"post_tag","embeddable":true,"href":"https:\/\/blocs.tinet.cat\/labicidelalbert\/wp-json\/wp\/v2\/tags?post=106"}],"curies":[{"name":"wp","href":"https:\/\/api.w.org\/{rel}","templated":true}]}}